{"id":287287,"date":"2025-07-31T18:21:13","date_gmt":"2025-07-31T18:21:13","guid":{"rendered":"https:\/\/www.europesays.com\/fr\/287287\/"},"modified":"2025-07-31T18:21:13","modified_gmt":"2025-07-31T18:21:13","slug":"distribution-daide-a-gaza-paris-demande-larret-des-activites-de-la-fondation-humanitaire-geree-par-israel-et-les-etats-unis","status":"publish","type":"post","link":"https:\/\/www.europesays.com\/fr\/287287\/","title":{"rendered":"Distribution d\u2019aide \u00e0 Gaza\u00a0: Paris demande l\u2019arr\u00eat des activit\u00e9s de la Fondation humanitaire, g\u00e9r\u00e9e par Isra\u00ebl et les \u00c9tats-Unis"},"content":{"rendered":"<p class=\"paragraph text_align_left lp-f-body-02\">\u00ab Cette guerre doit cesser, les armes doivent se taire et laisser place \u00e0 un cessez-le-feu durable. Tous les otages doivent \u00eatre imm\u00e9diatement lib\u00e9r\u00e9s et sans conditions. La catastrophe humanitaire doit prendre fin. \u00bb C\u2019est face aux ministres de plus de 100 nations que <a href=\"https:\/\/www.leparisien.fr\/international\/guerre-a-gaza-le-canada-a-lintention-de-reconnaitre-letat-de-palestine-en-septembre-a-lonu-30-07-2025-HVLWH2GMMZGQ5IEPSOU7NFCZOA.php\" target=\"_self\" rel=\"noopener\">Jean-No\u00ebl Barrot a ouvert lundi \u00e0 New York, la conf\u00e9rence de l\u2019ONU<\/a> destin\u00e9e \u00e0 mettre fin au conflit isra\u00e9lo-palestinien.<\/p>\n<p class=\"paragraph text_align_left lp-f-body-02\">\u00c0 Chypre, ce jeudi, le minist\u00e8re des Affaires \u00e9trang\u00e8res fran\u00e7ais a enfonc\u00e9 le clou sur le volet humanitaire. Alors que, selon des ONG et les Nations unies, <a href=\"https:\/\/www.leparisien.fr\/international\/israel\/les-images-de-la-famine-a-gaza-sont-plus-brutales-que-celles-des-camps-nazis-juge-le-president-turc-erdogan-29-07-2025-DSUUNRSQZNC4BBYUSBT7TBN32Y.php\" target=\"_self\" rel=\"noopener\">la famine se r\u00e9pand dans les grandes largeurs \u00e0 Gaza<\/a>, Jean-No\u00ebl Barrot a fustig\u00e9 la gestion des points de remise des denr\u00e9es alimentaires \u00e0 la population.<\/p>\n<p class=\"paragraph text_align_left lp-f-body-02\">\u00ab Je demande la cessation des activit\u00e9s de la Fondation humanitaire pour Gaza (GHF). La distribution militaris\u00e9e de l\u2019aide humanitaire a entra\u00een\u00e9 un bain de sang dans les files de distribution \u00e0 Gaza. C\u2019est un scandale, c\u2019est honteux et cela doit cesser \u00bb, a exhort\u00e9 le locataire du Quai d\u2019Orsay d\u2019apr\u00e8s l\u2019agence de presse <a href=\"https:\/\/www.reuters.com\/world\/europe\/ghf-aid-system-gaza-is-scandal-shameful-says-french-foreign-minister-2025-07-31\/\" target=\"_self\" rel=\"noopener\">Reuters<\/a>.<\/p>\n<p class=\"paragraph text_align_left lp-f-body-02\">Selon les Nations unies, <a href=\"https:\/\/www.leparisien.fr\/international\/israel\/la-souffrance-a-atteint-de-nouveaux-sommets-a-gaza-la-famine-qui-indigne-le-monde-24-07-2025-AYDTUOLNABEJZOZFCV52GOCCVE.php\" target=\"_self\" rel=\"noopener\">plus de 1 000 personnes ont \u00e9t\u00e9 tu\u00e9es par les forces isra\u00e9liennes depuis mai<\/a> tandis qu\u2019elles cherchaient des vivres, essentiellement dans les zones de distributions militaris\u00e9es du GHF.<\/p>\n<p>Quatre vols humanitaires pr\u00e9vus vendredi<\/p>\n<p class=\"paragraph text_align_left lp-f-body-02\">La Fondation humanitaire pour Gaza, avec qui les organisations internationales refusent de travailler, est codirig\u00e9e par les \u00c9tats-Unis et Isra\u00ebl. La structure emploie une entreprise logistique am\u00e9ricaine pilot\u00e9e par un ancien membre de la CIA et des v\u00e9t\u00e9rans de l\u2019arm\u00e9e am\u00e9ricaine.<\/p>\n<p class=\"paragraph text_align_left lp-f-body-02\">Les accusations de l\u2019ONU, le GHF les balaye et affirme que les incidents les plus graves sont survenus autour d\u2019autres points d\u2019aide. Pour sa part, l\u2019arm\u00e9e isra\u00e9lienne reconna\u00eet que des civils ont pu \u00eatre bless\u00e9s par arme \u00e0 feu pr\u00e8s des centres de remise, mais assure avoir aujourd\u2019hui transmis \u00e0 ses troupes de meilleures instructions. Cela \u00e9tant, l\u2019\u00c9tat h\u00e9breu bl\u00e2me surtout le Hamas, l\u2019accusant de voler les denr\u00e9es alimentaires.<\/p>\n<p class=\"paragraph text_align_left lp-f-body-02\">Les propos de Jean-No\u00ebl Barrot surviennent dans un contexte de tensions grandissantes entre Isra\u00ebl et la France apr\u00e8s la promesse par Emmanuel Macron d\u2019<a href=\"https:\/\/www.leparisien.fr\/international\/la-france-va-reconnaitre-letat-de-palestine-en-septembre-quest-ce-que-ca-changerait-concretement-25-07-2025-UVITU3KAHJHIDBSNP47BR65NQI.php\" target=\"_self\" rel=\"noopener\">une reconnaissance de l\u2019\u00c9tat de Palestine<\/a>. Ils surviennent aussi alors que Steve Witkoff, l\u2019envoy\u00e9 sp\u00e9cial de Donald Trump au Moyen-Orient, entame son d\u00e9placement en Isra\u00ebl, o\u00f9 une rencontre avec Benyamin Netanyahou est planifi\u00e9e. Ce voyage, d\u2019apr\u00e8s la presse isra\u00e9lienne, pourrait inclure la visite d\u2019un site du GHF \u00e0 Gaza, sans que l\u2019on sache pour l\u2019heure ce qui en ressortira.<\/p>\n<p class=\"paragraph text_align_left lp-f-body-02\">En attendant une \u00e9ventuelle refonte du mod\u00e8le de distribution alimentaire \u00e0 Gaza, Jean-No\u00ebl Barrot a indiqu\u00e9 sur <a href=\"https:\/\/www.bfmtv.com\/politique\/gaza-jean-noel-barrot-annonce-sur-bfmtv-que-40-tonnes-d-aide-humanitaire-vont-etre-larguees-a-partir-de-vendredi_AN-202507290450.html\" target=\"_self\" rel=\"noopener\">BFMTV<\/a> que <a href=\"https:\/\/www.leparisien.fr\/international\/israel\/la-france-larguera-40-tonnes-daide-sur-gaza-a-partir-de-vendredi-annonce-jean-noel-barrot-29-07-2025-SOHRG74KF5GUTFCNUB53AKFUXQ.php\" target=\"_self\" rel=\"noopener\">quatre vols humanitaires<\/a> contenant chacun dix tonnes de vivres prendraient la direction de l\u2019enclave \u00e0 partir de vendredi, en coop\u00e9ration avec la Jordanie. Des largages imp\u00e9ratifs en attendant un acc\u00e8s par la route, pour l\u2019heure peu all\u00e9g\u00e9 par les autorit\u00e9s isra\u00e9liennes.<\/p>\n","protected":false},"excerpt":{"rendered":"\u00ab Cette guerre doit cesser, les armes doivent se taire et laisser place \u00e0 un cessez-le-feu durable. Tous&hellip;\n","protected":false},"author":2,"featured_media":287288,"comment_status":"","ping_status":"","sticky":false,"template":"","format":"standard","meta":{"footnotes":""},"categories":[1589],"tags":[11,73,1866,14,664,12,316,1864,1865,1863,308],"class_list":{"0":"post-287287","1":"post","2":"type-post","3":"status-publish","4":"format-standard","5":"has-post-thumbnail","7":"category-etats-unis","8":"tag-actualites","9":"tag-etats-unis","10":"tag-etats-unis-damerique","11":"tag-international","12":"tag-israel","13":"tag-news","14":"tag-politique","15":"tag-united-states","16":"tag-united-states-of-america","17":"tag-us","18":"tag-usa"},"share_on_mastodon":{"url":"https:\/\/pubeurope.com\/@fr\/114949238494988722","error":""},"_links":{"self":[{"href":"https:\/\/www.europesays.com\/fr\/wp-json\/wp\/v2\/posts\/287287","targetHints":{"allow":["GET"]}}],"collection":[{"href":"https:\/\/www.europesays.com\/fr\/wp-json\/wp\/v2\/posts"}],"about":[{"href":"https:\/\/www.europesays.com\/fr\/wp-json\/wp\/v2\/types\/post"}],"author":[{"embeddable":true,"href":"https:\/\/www.europesays.com\/fr\/wp-json\/wp\/v2\/users\/2"}],"replies":[{"embeddable":true,"href":"https:\/\/www.europesays.com\/fr\/wp-json\/wp\/v2\/comments?post=287287"}],"version-history":[{"count":0,"href":"https:\/\/www.europesays.com\/fr\/wp-json\/wp\/v2\/posts\/287287\/revisions"}],"wp:featuredmedia":[{"embeddable":true,"href":"https:\/\/www.europesays.com\/fr\/wp-json\/wp\/v2\/media\/287288"}],"wp:attachment":[{"href":"https:\/\/www.europesays.com\/fr\/wp-json\/wp\/v2\/media?parent=287287"}],"wp:term":[{"taxonomy":"category","embeddable":true,"href":"https:\/\/www.europesays.com\/fr\/wp-json\/wp\/v2\/categories?post=287287"},{"taxonomy":"post_tag","embeddable":true,"href":"https:\/\/www.europesays.com\/fr\/wp-json\/wp\/v2\/tags?post=287287"}],"curies":[{"name":"wp","href":"https:\/\/api.w.org\/{rel}","templated":true}]}}