{"id":287291,"date":"2025-07-31T18:23:11","date_gmt":"2025-07-31T18:23:11","guid":{"rendered":"https:\/\/www.europesays.com\/fr\/287291\/"},"modified":"2025-07-31T18:23:11","modified_gmt":"2025-07-31T18:23:11","slug":"le-nombre-detudiants-en-theologie-en-chute-libre-en-allemagne","status":"publish","type":"post","link":"https:\/\/www.europesays.com\/fr\/287291\/","title":{"rendered":"Le nombre d&rsquo;\u00e9tudiants en th\u00e9ologie en chute libre en Allemagne"},"content":{"rendered":"<p>Comme <a href=\"https:\/\/www.christianismeaujourdhui.info\/quelle-reponse-a-la-crise-des-vocations\/\" target=\"_blank\" rel=\"noreferrer noopener\">en francophonie<\/a>, l\u2019Allemagne fait face au m\u00eame constat: les \u00e9tudes de th\u00e9ologie sont de moins en moins populaires. L\u2019Office f\u00e9d\u00e9ral de la statistique note en effet <a href=\"https:\/\/www.jesus.de\/nachrichten-themen\/nachrichten-kirche-und-gemeinde\/theologie-abschluesse-sinken-nachwuchssorgen-im-pfarrdienst\/\" target=\"_blank\" rel=\"noreferrer noopener\">une baisse d\u2019un tiers du nombre d\u2019\u00e9tudiants en th\u00e9ologie<\/a> \u00e0 la fois chez les protestants et les catholiques. Sur la p\u00e9riode 2018-2023, le nombre d\u2019\u00e9tudiants en th\u00e9ologie protestante a diminu\u00e9 d\u2019environ 34,7\u00a0% et en th\u00e9ologie catholique de 29,4\u00a0%. <a href=\"https:\/\/www.destatis.de\/DE\/Themen\/Gesellschaft-Umwelt\/Bildung-Forschung-Kultur\/Hochschulen\/Publikationen\/Downloads-Hochschulen\/statistischer-bericht-studierende-hochschulen-endg-2110410247005.html?templateQueryString=theologie\" target=\"_blank\" rel=\"noreferrer noopener\">Les donn\u00e9es de l\u2019Office f\u00e9d\u00e9ral de la statistique<\/a> montrent aussi une baisse significative du nombre de dipl\u00f4m\u00e9s. Chez les catholiques, il est pass\u00e9 de 271 \u00e9tudiants en 2018 \u00e0 171 en 2023. Sur la m\u00eame p\u00e9riode, les dipl\u00f4m\u00e9s en \u00e9tudes religieuses protestantes sont pass\u00e9s de 400 \u00e0 262.<\/p>\n<p>Les chiffres soulignent, par ailleurs, une part grandissante de femmes qui se forment en th\u00e9ologie. Chez les protestants, elles repr\u00e9sentent plus de 50% des \u00e9tudiants. Le d\u00e9fi des vocations est un enjeu de taille en France, en Suisse comme en Allemagne, \u00e0 la fois pour remplacer les pasteurs qui partent \u00e0 la retraite, mais aussi pour implanter de nouvelles Eglises.<\/p>\n","protected":false},"excerpt":{"rendered":"Comme en francophonie, l\u2019Allemagne fait face au m\u00eame constat: les \u00e9tudes de th\u00e9ologie sont de moins en moins&hellip;\n","protected":false},"author":2,"featured_media":287292,"comment_status":"","ping_status":"","sticky":false,"template":"","format":"standard","meta":{"footnotes":""},"categories":[1587],"tags":[11,672,1804,11863,1805,1803,1777,674,4651,1119,1801,12,11999,1802,10272],"class_list":{"0":"post-287291","1":"post","2":"type-post","3":"status-publish","4":"format-standard","5":"has-post-thumbnail","7":"category-allemagne","8":"tag-actualites","9":"tag-allemagne","10":"tag-bundesrepublik-deutschland","11":"tag-catholicisme","12":"tag-de","13":"tag-deutschland","14":"tag-eu","15":"tag-europe","16":"tag-femmes","17":"tag-formation","18":"tag-germany","19":"tag-news","20":"tag-protestantisme","21":"tag-republique-federale-dallemagne","22":"tag-theologie"},"share_on_mastodon":{"url":"https:\/\/pubeurope.com\/@fr\/114949246736274538","error":""},"_links":{"self":[{"href":"https:\/\/www.europesays.com\/fr\/wp-json\/wp\/v2\/posts\/287291","targetHints":{"allow":["GET"]}}],"collection":[{"href":"https:\/\/www.europesays.com\/fr\/wp-json\/wp\/v2\/posts"}],"about":[{"href":"https:\/\/www.europesays.com\/fr\/wp-json\/wp\/v2\/types\/post"}],"author":[{"embeddable":true,"href":"https:\/\/www.europesays.com\/fr\/wp-json\/wp\/v2\/users\/2"}],"replies":[{"embeddable":true,"href":"https:\/\/www.europesays.com\/fr\/wp-json\/wp\/v2\/comments?post=287291"}],"version-history":[{"count":0,"href":"https:\/\/www.europesays.com\/fr\/wp-json\/wp\/v2\/posts\/287291\/revisions"}],"wp:featuredmedia":[{"embeddable":true,"href":"https:\/\/www.europesays.com\/fr\/wp-json\/wp\/v2\/media\/287292"}],"wp:attachment":[{"href":"https:\/\/www.europesays.com\/fr\/wp-json\/wp\/v2\/media?parent=287291"}],"wp:term":[{"taxonomy":"category","embeddable":true,"href":"https:\/\/www.europesays.com\/fr\/wp-json\/wp\/v2\/categories?post=287291"},{"taxonomy":"post_tag","embeddable":true,"href":"https:\/\/www.europesays.com\/fr\/wp-json\/wp\/v2\/tags?post=287291"}],"curies":[{"name":"wp","href":"https:\/\/api.w.org\/{rel}","templated":true}]}}