{"id":287295,"date":"2025-07-31T18:25:12","date_gmt":"2025-07-31T18:25:12","guid":{"rendered":"https:\/\/www.europesays.com\/fr\/287295\/"},"modified":"2025-07-31T18:25:12","modified_gmt":"2025-07-31T18:25:12","slug":"la-france-est-elle-contrainte-par-lunion-europeenne-daugmenter-la-tva-sur-les-abonnements-au-gaz-et-a-lelectricite","status":"publish","type":"post","link":"https:\/\/www.europesays.com\/fr\/287295\/","title":{"rendered":"La France est-elle contrainte par l\u2019Union europ\u00e9enne d\u2019augmenter la TVA sur les abonnements au gaz et \u00e0 l\u2019\u00e9lectricit\u00e9\u00a0?"},"content":{"rendered":"<p>Le prix de l\u2019abonnement au gaz et \u00e0 l\u2019\u00e9lectricit\u00e9 vont augmenter \u00e0 partir du 1er ao\u00fbt 2025. En cause : la fin du taux de TVA r\u00e9duit \u00e0 5,5 %, remplac\u00e9 par le taux normal de 20 %. Une mesure d\u00e9cid\u00e9e <a href=\"https:\/\/www.budget.gouv.fr\/documentation\/file-download\/25265\" rel=\"nofollow noopener\" target=\"_blank\">via le projet de loi de finances 2025<\/a> et mise en place pour contribuer \u00e0 r\u00e9duire la dette publique de l\u2019\u00c9tat.<\/p>\n<p>Depuis, un argument massue circule dans plusieurs m\u00e9dias et sur les r\u00e9seaux sociaux : la France n\u2019aurait pas eu d\u2019autre choix que d\u2019augmenter la TVA sur les abonnements \u00e9nerg\u00e9tiques, en raison d\u2019une pr\u00e9tendue obligation impos\u00e9e par l\u2019Union europ\u00e9enne.<\/p>\n<p>Ainsi, <a href=\"https:\/\/www.lefigaro.fr\/conso\/hausse-de-la-tva-sur-l-electricite-et-le-gaz-les-factures-vont-elles-flamber-au-1er-aout-20250731\" rel=\"nofollow noopener\" target=\"_blank\">Le Figaro \u00e9crit<\/a> : \u00ab Pour se conformer aux normes de l\u2019Union europ\u00e9enne, le gouvernement va relever de 5,5\u00a0% \u00e0 20\u00a0% la TVA sur les abonnements \u00e9nerg\u00e9tiques \u00bb. De son c\u00f4t\u00e9, <a href=\"https:\/\/www.ouest-france.fr\/economie\/energie\/gaz-naturel\/hausse-de-la-tva-la-facture-de-gaz-va-encore-augmenter-en-aout-8f775850-6d55-11f0-a4f8-8c4e26e92603\" rel=\"nofollow noopener\" target=\"_blank\">Ouest-France affirme<\/a> : \u00ab Le prix de l\u2019abonnement passe cette fois de 290 \u00e0 330 \u20ac par an \u00e0 cause de l\u2019augmentation de la TVA sur l\u2019abonnement, pass\u00e9e de 5,5 \u00e0 20 % dans le budget 2025 \u00e0 la demande de l\u2019Union europ\u00e9enne \u00bb.<\/p>\n<p>Mais comme <a href=\"https:\/\/lessurligneurs.eu\/lunion-europeenne-obligerait-la-france-a-fixer-la-tva-sur-les-abonnements-au-gaz-et-a-lelectricite-a-20\/\" target=\"_blank\" rel=\"noopener nofollow\">Les Surligneurs l\u2019ont d\u00e9j\u00e0 racont\u00e9<\/a>, l\u2019Union europ\u00e9enne ne contraint pas ses \u00c9tats membres \u00e0 augmenter leur TVA, m\u00eame si elle fixe un cadre commun \u00e0 respecter.<\/p>\n<p><strong>Un taux normal \u00e0 20%<\/strong><\/p>\n<p>En mati\u00e8re de politique fiscale, les \u00c9tats membres de l\u2019Union europ\u00e9enne conservent, de mani\u00e8re g\u00e9n\u00e9rale, <a href=\"https:\/\/www.touteleurope.eu\/economie-et-social\/fiscalite-quelles-sont-les-regles-communes-dans-l-union-europeenne\/\" target=\"_blank\" rel=\"noopener nofollow\">une grande partie de leur comp\u00e9tence<\/a>. Concernant la TVA en revanche, l\u2019UE dispose d\u2019une comp\u00e9tence plus \u00e9tendue. Objectif affich\u00e9 : assurer le bon fonctionnement du march\u00e9 int\u00e9rieur, ce dernier relevant de la comp\u00e9tence partag\u00e9e de l\u2019Union avec les \u00c9tats membres au sens de l\u2019<a href=\"https:\/\/eur-lex.europa.eu\/LexUriServ\/LexUriServ.do?uri=CELEX:12012E\/TXT:fr:PDF\" target=\"_blank\" rel=\"noopener nofollow\">article 4 du Trait\u00e9 sur le fonctionnement de l\u2019Union europ\u00e9enne<\/a> (TFUE).<\/p>\n<p>Pour cela, <a href=\"https:\/\/www.vie-publique.fr\/fiches\/20328-quest-ce-que-le-conseil-de-lunion-europeenne-ue\" rel=\"nofollow noopener\" target=\"_blank\">le Conseil de l\u2019UE<\/a> a mis en place en 2006 <a href=\"https:\/\/eur-lex.europa.eu\/legal-content\/EN\/TXT\/?uri=CELEX:02006L0112-20240101\" rel=\"nofollow noopener\" target=\"_blank\">une directive<\/a> afin d\u2019\u00e9viter des taux de TVA trop discordants entre les \u00c9tats. Cette directive\u00a0fixe un seuil minimal du <a href=\"https:\/\/www.economie.gouv.fr\/cedef\/taux-tva-france-et-union-europeenne\" target=\"_blank\" rel=\"noopener nofollow\">taux normal<\/a> de la TVA, en de\u00e7\u00e0 duquel les \u00c9tats ne peuvent pas descendre : il est fix\u00e9 \u00e0 15\u00a0%.<\/p>\n<p data-start=\"215\" data-end=\"615\">En revanche, l\u2019Union europ\u00e9enne ne fixe aucun plafond pour le taux normal de TVA. Chaque \u00c9tat membre est libre de le fixer au-dessus du seuil minimal de 15 %. Par exemple, la Hongrie a opt\u00e9 pour un taux \u00e0 27\u00a0%, tandis qu\u2019en France, le taux normal est de 20 %. C\u2019est ce taux qui s\u2019applique par d\u00e9faut \u00e0 la plupart des biens et services, y compris \u00e0 la consommation de gaz et d\u2019\u00e9lectricit\u00e9.<\/p>\n<p data-start=\"215\" data-end=\"615\"><strong>Un taux r\u00e9duit \u00e0 5,5%<\/strong><\/p>\n<p data-start=\"617\" data-end=\"1091\">Mais les \u00c9tats peuvent aussi d\u00e9cider d\u2019appliquer des taux r\u00e9duits \u00e0 certains produits ou services jug\u00e9s essentiels ou d\u2019int\u00e9r\u00eat g\u00e9n\u00e9ral. En France, des secteurs comme l\u2019alimentation, les protections hygi\u00e9niques, le logement social, ou encore les \u00e9quipements pour personnes en situation de handicap b\u00e9n\u00e9ficient de taux r\u00e9duits. Jusqu\u2019ici, c\u2019\u00e9tait aussi le cas des abonnements au gaz et \u00e0 l\u2019\u00e9lectricit\u00e9, qui \u00e9taient tax\u00e9s \u00e0 5,5\u00a0%, un taux inf\u00e9rieur au taux normal.<\/p>\n<p>Comme pour le taux normal, l\u2019UE fixe un seuil minimum \u00e0 ces taux r\u00e9duits\u00a0: 5\u00a0%. Mais l\u00e0 encore, elle ne fixe pas de seuil maximal. Ce dernier est laiss\u00e9 \u00e0 la discr\u00e9tion des \u00c9tats. En th\u00e9orie, rien n\u2019oblige donc la France \u00e0 augmenter son taux de TVA sur les abonnements de gaz et d\u2019\u00e9lectricit\u00e9.<\/p>\n<p>Ainsi, avant le 1er ao\u00fbt, la TVA sur l\u2019abonnement \u2014 qui s\u2019applique \u00e0 la part fixe de la facture, li\u00e9e \u00e0 l\u2019acc\u00e8s au r\u00e9seau \u2014 \u00e9tait de 5,5 %, tandis que celle sur la consommation \u2014 correspondant \u00e0 la part variable, calcul\u00e9e en fonction de l\u2019\u00e9nergie utilis\u00e9e \u2014 \u00e9tait de 20 %. Une diff\u00e9rence de traitement qui n\u2019est pas conforme au droit europ\u00e9en.<\/p>\n<p><strong>Vers le haut ou vers le bas ?\u00a0<\/strong><\/p>\n<p data-start=\"1679\" data-end=\"1911\">En effet, il existe <a href=\"https:\/\/curia.europa.eu\/juris\/document\/document.jsf?text=TVA&amp;docid=198525&amp;pageIndex=0&amp;doclang=FR&amp;mode=req&amp;dir=&amp;occ=first&amp;part=1&amp;cid=5055450#ctx1\" rel=\"nofollow noopener\" target=\"_blank\">une jurisprudence de la Cour de justice de l\u2019Union europ\u00e9enne,<\/a> en date du 18 janvier 2018, qui impose une coh\u00e9rence : les \u00e9l\u00e9ments indissociables d\u2019un m\u00eame service doivent \u00eatre soumis au m\u00eame taux de TVA. Autrement dit, on ne peut pas appliquer un taux diff\u00e9rent \u00e0 l\u2019abonnement et \u00e0 la consommation d\u2019un m\u00eame bien, comme l\u2019\u00e9lectricit\u00e9 ou le gaz.<\/p>\n<p data-start=\"2059\" data-end=\"2400\">Est-ce pour autant une injonction \u00e0 remonter le taux de TVA ? Pas forc\u00e9ment. Le gouvernement aurait aussi pu faire le choix inverse, en baissant le taux appliqu\u00e9 \u00e0 la consommation pour l\u2019aligner sur celui de l\u2019abonnement \u00e0 5,5 %. Il a pr\u00e9f\u00e9r\u00e9 harmoniser\u2026 par le haut. Une d\u00e9cision politique, pas une obligation juridique.<\/p>\n<p>\u00a0<\/p>\n","protected":false},"excerpt":{"rendered":"Le prix de l\u2019abonnement au gaz et \u00e0 l\u2019\u00e9lectricit\u00e9 vont augmenter \u00e0 partir du 1er ao\u00fbt 2025. En&hellip;\n","protected":false},"author":2,"featured_media":287296,"comment_status":"","ping_status":"","sticky":false,"template":"","format":"standard","meta":{"footnotes":""},"categories":[1586],"tags":[11,1777,674,1779,1011,27,12,25,1778,364],"class_list":{"0":"post-287295","1":"post","2":"type-post","3":"status-publish","4":"format-standard","5":"has-post-thumbnail","7":"category-europe","8":"tag-actualites","9":"tag-eu","10":"tag-europe","11":"tag-european-union","12":"tag-fr","13":"tag-france","14":"tag-news","15":"tag-republique-francaise","16":"tag-ue","17":"tag-union-europeenne"},"share_on_mastodon":{"url":"https:\/\/pubeurope.com\/@fr\/114949254295702579","error":""},"_links":{"self":[{"href":"https:\/\/www.europesays.com\/fr\/wp-json\/wp\/v2\/posts\/287295","targetHints":{"allow":["GET"]}}],"collection":[{"href":"https:\/\/www.europesays.com\/fr\/wp-json\/wp\/v2\/posts"}],"about":[{"href":"https:\/\/www.europesays.com\/fr\/wp-json\/wp\/v2\/types\/post"}],"author":[{"embeddable":true,"href":"https:\/\/www.europesays.com\/fr\/wp-json\/wp\/v2\/users\/2"}],"replies":[{"embeddable":true,"href":"https:\/\/www.europesays.com\/fr\/wp-json\/wp\/v2\/comments?post=287295"}],"version-history":[{"count":0,"href":"https:\/\/www.europesays.com\/fr\/wp-json\/wp\/v2\/posts\/287295\/revisions"}],"wp:featuredmedia":[{"embeddable":true,"href":"https:\/\/www.europesays.com\/fr\/wp-json\/wp\/v2\/media\/287296"}],"wp:attachment":[{"href":"https:\/\/www.europesays.com\/fr\/wp-json\/wp\/v2\/media?parent=287295"}],"wp:term":[{"taxonomy":"category","embeddable":true,"href":"https:\/\/www.europesays.com\/fr\/wp-json\/wp\/v2\/categories?post=287295"},{"taxonomy":"post_tag","embeddable":true,"href":"https:\/\/www.europesays.com\/fr\/wp-json\/wp\/v2\/tags?post=287295"}],"curies":[{"name":"wp","href":"https:\/\/api.w.org\/{rel}","templated":true}]}}