{"id":287305,"date":"2025-07-31T18:32:15","date_gmt":"2025-07-31T18:32:15","guid":{"rendered":"https:\/\/www.europesays.com\/fr\/287305\/"},"modified":"2025-07-31T18:32:15","modified_gmt":"2025-07-31T18:32:15","slug":"avant-le-dernier-tournoi-de-sa-carriere-a-lus-open-caroline-garcia-disputera-le-wta-1000-de-cincinnati-lequipe","status":"publish","type":"post","link":"https:\/\/www.europesays.com\/fr\/287305\/","title":{"rendered":"Avant le dernier tournoi de sa carri\u00e8re \u00e0 l&#039;US Open, Caroline Garcia disputera le WTA 1000 de Cincinnati &#8211; L&#039;\u00c9quipe"},"content":{"rendered":"<ol>\n<li><a href=\"https:\/\/news.google.com\/rss\/articles\/CBMi5wFBVV95cUxNZ0RIUnRrczZHT0lYMmxPUDA5eEtuS01oajRaMnp0NG50VGpDM0Nlcml0eDBYX1Bza21oekVYWEhNNDltVk95NDhpNDc4YjhwUEMwM2YxdEtvSHJoS1h5NFRUMU41SmZUdDVQNFVmbjRwRlM1cTBxa002RFlDQmhZYURuVkJqckp5VEF6cWNBR0JkOTk0WEE2LXJQdnhBdERpR0hTRE9rSy1LaGFTZld6NGZidm5tb0JJRlFaU2RaSF9FaVViZEtlQUZ6M0hyOENOeXNObFV5TkxtTWRKV2VBWGZCWWlUcVk?oc=5\" target=\"_blank\" rel=\"nofollow noopener\">Avant le dernier tournoi de sa carri\u00e8re \u00e0 l&rsquo;US Open, Caroline Garcia disputera le WTA 1000 de Cincinnati<\/a>&nbsp;&nbsp;L&rsquo;\u00c9quipe<\/li>\n<li><a href=\"https:\/\/news.google.com\/rss\/articles\/CBMixwFBVV95cUxOOEZNZU5ZRVJYWE5xdjNTZzlLVkxJakJiMnFEWjlkSk9YRnBCZ09QRFkzd1VPMkhTTWNnb1dlTFQ1Z1p4VEhENWZwYVpfVW1BdmNGRkZOLVRPSFVTRWZtSDV1b09UM3BMMDhrMkhyS1pNemVGcjhvSEVya211Z0V5VTdROUxYSTBsZEpKWDhjYU1nQnZIRkdRTVZxQVZXYndCOThzXzlfWWpGcF84NzhmQUh3X2ctS0NiODVLYmlkR2ROT1NUcXlN0gHGAUFVX3lxTE12VnZIc3B6REZ2X3owU0EzU3V6SkVlamxpVE1GVi1kWWM0NHc5ZVBSbUZhdGJwYTJSeGxpTFdIdXFKaG5TbGdZLWpwQmU0U0dUa0lsS3o0c29yZWp4d19oUFlmMlN5cWdoV3pNZjZWUGhscUVsbnVZUnQ1NTZVdmlwRlc0bTd1cXlLWDlSOWJBd0IySGtFbTBjTXZkOWpmU1F6NnJ0MjZYaVV6UnFOcHN3aDFBVmZEckpfTENOZUZqdTZJQ0t3dw?oc=5\" target=\"_blank\" rel=\"nofollow noopener\">WTA : Garcia veut disputer Cincinnati avant ses adieux \u00e0 l&rsquo;US Open<\/a>&nbsp;&nbsp;Orange Actualit\u00e9s | Sports<\/li>\n<li><a href=\"https:\/\/news.google.com\/rss\/articles\/CBMi6gFBVV95cUxPX3ZFSk92eXR3czVYSWVDc1NSY21CVHNUU3RBX18tUEJsTTFDdEFmUTNSTk05eUNqTjhwRGIzUVVBeXpDTDZ0YWtIYnQzcVJwV3llT283MkJFM1dSVXp1MWR1ZTRPQ3ZhV0pIaEhZVUhmcUVuQjMyUU5RUFZfUDZzUzVHN0xjbnByYmRTejdCaEV2cmhITXNlcFZPMnVwQkhac3V5SUx1MDZkVTQ4S3ZuOWFoeXQ1bkNBQWtseHdjUHlXWnlFOEZuZjdiQUVjQWpHRmN6VDhBUWpyMmNiaVgxVVNySUlzNEhpSUE?oc=5\" target=\"_blank\" rel=\"nofollow noopener\">Tennis : avant ses derniers coups de raquette \u00e0 l\u2019US Open, Caroline Garcia disputera le WTA 1000 de Cincinnati<\/a>&nbsp;&nbsp;Le Figaro<\/li>\n<li><a href=\"https:\/\/news.google.com\/rss\/articles\/CBMizgFBVV95cUxNbWVtX1Zfd0swS29BUDlHemVvX1BOT2dqQ1hQNExzWkluT0VuRVhQMDBTVU1XaTdwd2xUNTVFcmJXNENrQ1ZWSE9ETFBiT0ZNcllxaTVXRHlGS0wzdzFYazBiaUNJd1ZyMmZ2MEZqYXMxTnpndF9iRXlCTTVHRV9pZUV4NV9HMWdLM1FmcUJmbE82ejRmc0ZqZ1FqX3hwUWZHaXJBS0FfUXRWVXY1YmxhNkxGcl94XzFDZVpjX291RGJBcG1TcFVwRWh1OGpjUQ?oc=5\" target=\"_blank\" rel=\"nofollow noopener\">Garcia et Royer invit\u00e9s \u00e0 l&rsquo;US Open par la FFT<\/a>&nbsp;&nbsp;Eurosport<\/li>\n<li><a href=\"https:\/\/news.google.com\/rss\/articles\/CBMisgFBVV95cUxONE1VU3A4QXQ5dDlFT3lHMDRPVGlnYzRuREhULTkwdWV2QUhIWE5NRTdhLUhwclhYdTJtXzlJdmRtNEdiYm03eFAyYU9iQWJESmJxZ3lYbjJucG9DeGd6aEtJM0l0OTViajNRN2FrUmV1Q2VidlpYaktrNmhkekJ5clh2YzA5N1FVWG1uZ1RNM3Zzay14Mzl6RE01em5IRk1kVzhsN3NKakloRDRyUFlkajdB?oc=5\" target=\"_blank\" rel=\"nofollow noopener\">Garcia vise Cincinnati avant l&rsquo;US Open<\/a>&nbsp;&nbsp;directtennis.fr<\/li>\n<\/ol>\n","protected":false},"excerpt":{"rendered":"Avant le dernier tournoi de sa carri\u00e8re \u00e0 l&rsquo;US Open, Caroline Garcia disputera le WTA 1000 de Cincinnati&nbsp;&nbsp;L&rsquo;\u00c9quipe&hellip;\n","protected":false},"author":2,"featured_media":287306,"comment_status":"","ping_status":"","sticky":false,"template":"","format":"standard","meta":{"footnotes":""},"categories":[1415],"tags":[1011,27,60,1467],"class_list":{"0":"post-287305","1":"post","2":"type-post","3":"status-publish","4":"format-standard","5":"has-post-thumbnail","7":"category-tennis","8":"tag-fr","9":"tag-france","10":"tag-sports","11":"tag-tennis"},"share_on_mastodon":{"url":"https:\/\/pubeurope.com\/@fr\/114949281722408459","error":""},"_links":{"self":[{"href":"https:\/\/www.europesays.com\/fr\/wp-json\/wp\/v2\/posts\/287305","targetHints":{"allow":["GET"]}}],"collection":[{"href":"https:\/\/www.europesays.com\/fr\/wp-json\/wp\/v2\/posts"}],"about":[{"href":"https:\/\/www.europesays.com\/fr\/wp-json\/wp\/v2\/types\/post"}],"author":[{"embeddable":true,"href":"https:\/\/www.europesays.com\/fr\/wp-json\/wp\/v2\/users\/2"}],"replies":[{"embeddable":true,"href":"https:\/\/www.europesays.com\/fr\/wp-json\/wp\/v2\/comments?post=287305"}],"version-history":[{"count":0,"href":"https:\/\/www.europesays.com\/fr\/wp-json\/wp\/v2\/posts\/287305\/revisions"}],"wp:featuredmedia":[{"embeddable":true,"href":"https:\/\/www.europesays.com\/fr\/wp-json\/wp\/v2\/media\/287306"}],"wp:attachment":[{"href":"https:\/\/www.europesays.com\/fr\/wp-json\/wp\/v2\/media?parent=287305"}],"wp:term":[{"taxonomy":"category","embeddable":true,"href":"https:\/\/www.europesays.com\/fr\/wp-json\/wp\/v2\/categories?post=287305"},{"taxonomy":"post_tag","embeddable":true,"href":"https:\/\/www.europesays.com\/fr\/wp-json\/wp\/v2\/tags?post=287305"}],"curies":[{"name":"wp","href":"https:\/\/api.w.org\/{rel}","templated":true}]}}