{"id":287311,"date":"2025-07-31T18:36:12","date_gmt":"2025-07-31T18:36:12","guid":{"rendered":"https:\/\/www.europesays.com\/fr\/287311\/"},"modified":"2025-07-31T18:36:12","modified_gmt":"2025-07-31T18:36:12","slug":"tdf-tour-de-france-femmes-2","status":"publish","type":"post","link":"https:\/\/www.europesays.com\/fr\/287311\/","title":{"rendered":"TDF. Tour de France Femmes"},"content":{"rendered":"<p>Elle a souffert, mais elle est toujours maillot blanc du <strong><a href=\"https:\/\/www.cyclismactu.net\/..\/news-tdf-route-tour-de-france-femmes-maeva-squiban-s-offre-6e-etape-1ere-victoire-francaise-89368.html\" target=\"_blank\" rel=\"nofollow noopener\">Tour de France Femmes<\/a> <\/strong>! En difficult\u00e9 lors de la 6e \u00e9tape ce samedi, <strong><a href=\"https:\/\/www.cyclismactu.net\/..\/news-tour-de-france-femmes-route-julie-bego-garder-maillot-blanc-c-est-deja-bien-89354.html\" target=\"_blank\" rel=\"nofollow noopener\">Julie Bego<\/a> <\/strong>(Cofidis) a bataill\u00e9 avec <strong>Nienke Vinke <\/strong>(Team Picnic PostNL)\u00a0pour conserver la t\u00eate du classement des jeunes, r\u00e9serv\u00e9 aux moins de 23 ans. Encore tr\u00e8s inexp\u00e9riment\u00e9e, la coureuse de 20 ans a confi\u00e9 apr\u00e8s l&rsquo;arriv\u00e9e avoir encore du mal \u00e0 encha\u00eener les jours de course, elle qui n&rsquo;a pas l&rsquo;habitude des courses par \u00e9tapes de plus de 4 jours.\u00a0<\/p>\n<p>Vid\u00e9o &#8211; Julie Bego maillot blanc apr\u00e8s la 6e \u00e9tape du Tour Lire la suite de l&rsquo;article&#13;<\/p>\n<p>\u00a0<\/p>\n<p>&#13;<br \/>\n\u00ab\u00a0Je commence \u00e0 fatiguer\u00a0\u00bb&#13;<\/p>\n<p>\u00ab\u00a0Je n&rsquo;arrivais pas \u00e0 \u00eatre au niveau de puissance que je fais d&rsquo;habitude, parce que je commence \u00e0 fatiguer.\u00a0Comme je disais au d\u00e9but du Tour, encha\u00eener 9 jours de course, je n&rsquo;ai jamais fait. Le maximum de jours de course que j&rsquo;ai fait d&rsquo;affil\u00e9e, c&rsquo;\u00e9tait 4 jours, et encore, c&rsquo;\u00e9tait sur des petites courses : Tour des Pyr\u00e9n\u00e9es, UAE Tour, des choses comme \u00e7a. L\u00e0, c&rsquo;est vraiment diff\u00e9rent, c&rsquo;est un autre niveau, c&rsquo;est tous les jours tr\u00e8s dur,\u00a0\u00bb a expliqu\u00e9 <strong>Julie Bego <\/strong>apr\u00e8s l&rsquo;arriv\u00e9e de la 6e \u00e9tape du <strong>Tour de France Femmes<\/strong>.\u00a0\u00ab\u00a0Je sens que, par rapport \u00e0 des filles plus vieilles, c&rsquo;est beaucoup plus dur pour moi d&rsquo;encha\u00eener les jours de course. <\/p>\n<p>&#13;<\/p>\n<p>Malgr\u00e9 tout, les jambes semblaient l\u00e0 pour la jeune Fran\u00e7aise, qui a eu des lacunes techniques pour suivre les favorites dans les descentes : \u00ab\u00a0En fait, dans les mont\u00e9es, moi \u00e7a va tr\u00e8s bien. Le probl\u00e8me, c\u2019est que j\u2019ai l\u00e2ch\u00e9 en descente. Nienke Vinke et moi, on a l\u00e2ch\u00e9. Je l\u2019ai l\u00e2ch\u00e9e dans la descente, je me suis dit : \u00ab\u00a0putain, \u00e7a va \u00eatre long, parce que j\u2019\u00e9tais toute seule l\u00e2ch\u00e9e\u00a0\u00bb. Je pensais qu\u2019elle \u00e9tait dans le peloton, et apr\u00e8s elle m\u2019a rejointe. Du coup, on \u00e9tait deux. Et oui, toutes les deux, on a l\u00e2ch\u00e9 techniquement dans la descente, pas physiquement dans les mont\u00e9es. Donc c\u2019est toujours frustrant. Surtout que la deuxi\u00e8me mont\u00e9e, on l\u2019a faite beaucoup plus vite que le peloton, parce qu\u2019on a failli revenir dedans. On \u00e9tait peut-\u00eatre \u00e0 20 m\u00e8tres, mais on n\u2019a jamais pu recoller. On avait pris un sacr\u00e9 \u00e9clat dans la descente avant.\u00a0\u00bb<\/p>\n<p>Tour de France Femmes avec Zwift &#8211; Classement de la 6\u00e8 \u00e9tape Tour de France Femmes avec Zwift &#8211; Classement g\u00e9n\u00e9ral provisoire apr\u00e8s la 6\u00e8 \u00e9tape<\/p>\n","protected":false},"excerpt":{"rendered":"Elle a souffert, mais elle est toujours maillot blanc du Tour de France Femmes ! En difficult\u00e9 lors&hellip;\n","protected":false},"author":2,"featured_media":287312,"comment_status":"","ping_status":"","sticky":false,"template":"","format":"standard","meta":{"footnotes":""},"categories":[1411],"tags":[1154,207,211,1011,27,209,60,210,11098,212,208,213],"class_list":{"0":"post-287311","1":"post","2":"type-post","3":"status-publish","4":"format-standard","5":"has-post-thumbnail","7":"category-cyclisme","8":"tag-cycling","9":"tag-cyclisme","10":"tag-ffc","11":"tag-fr","12":"tag-france","13":"tag-route","14":"tag-sports","15":"tag-tour-de-france","16":"tag-tour-de-france-femmes","17":"tag-uci","18":"tag-velo","19":"tag-world-tour"},"share_on_mastodon":{"url":"https:\/\/pubeurope.com\/@fr\/114949297462900311","error":""},"_links":{"self":[{"href":"https:\/\/www.europesays.com\/fr\/wp-json\/wp\/v2\/posts\/287311","targetHints":{"allow":["GET"]}}],"collection":[{"href":"https:\/\/www.europesays.com\/fr\/wp-json\/wp\/v2\/posts"}],"about":[{"href":"https:\/\/www.europesays.com\/fr\/wp-json\/wp\/v2\/types\/post"}],"author":[{"embeddable":true,"href":"https:\/\/www.europesays.com\/fr\/wp-json\/wp\/v2\/users\/2"}],"replies":[{"embeddable":true,"href":"https:\/\/www.europesays.com\/fr\/wp-json\/wp\/v2\/comments?post=287311"}],"version-history":[{"count":0,"href":"https:\/\/www.europesays.com\/fr\/wp-json\/wp\/v2\/posts\/287311\/revisions"}],"wp:featuredmedia":[{"embeddable":true,"href":"https:\/\/www.europesays.com\/fr\/wp-json\/wp\/v2\/media\/287312"}],"wp:attachment":[{"href":"https:\/\/www.europesays.com\/fr\/wp-json\/wp\/v2\/media?parent=287311"}],"wp:term":[{"taxonomy":"category","embeddable":true,"href":"https:\/\/www.europesays.com\/fr\/wp-json\/wp\/v2\/categories?post=287311"},{"taxonomy":"post_tag","embeddable":true,"href":"https:\/\/www.europesays.com\/fr\/wp-json\/wp\/v2\/tags?post=287311"}],"curies":[{"name":"wp","href":"https:\/\/api.w.org\/{rel}","templated":true}]}}