{"id":287313,"date":"2025-07-31T18:37:11","date_gmt":"2025-07-31T18:37:11","guid":{"rendered":"https:\/\/www.europesays.com\/fr\/287313\/"},"modified":"2025-07-31T18:37:11","modified_gmt":"2025-07-31T18:37:11","slug":"mercato-psg-une-doublure-pour-hakimi-la-nouvelle-mise-au-point","status":"publish","type":"post","link":"https:\/\/www.europesays.com\/fr\/287313\/","title":{"rendered":"Mercato PSG &#8211; Une doublure pour Hakimi, la nouvelle mise au point !"},"content":{"rendered":"<p><strong>Il y a quelques jours,\u00a0Le Parisien a annonc\u00e9 que le Paris Saint-Germain et son entra\u00eeneur Luis Enrique n\u2019ont pas l\u2019intention de recruter une doublure pour Achraf Hakimi (lat\u00e9ral droit de 26 ans) cet \u00e9t\u00e9. RMC Sport apporte une version un peu diff\u00e9rente de jeudi.<\/strong><\/p>\n<blockquote>\n<p>\u00ab\u00a0Luis Enrique aimerait lui en trouver une mais ce n\u2019est pas \u00e9vident. Aujourd\u2019hui, aucun joueur sur le march\u00e9 ne r\u00e9pond aux demandes de la direction sportive parisienne en acceptant de venir en tant que rempla\u00e7ant de l\u2019international marocain. <\/p>\n<p>Dans ces conditions, le coach du PSG pr\u00e9f\u00e8re miser sur les int\u00e9rims de Joao Neves et Warren Za\u00efre-Emery dans le couloir droit, plut\u00f4t que de recruter un \u00e9l\u00e9ment suppl\u00e9mentaire par d\u00e9faut.\u00a0\u00bb<\/p>\n<\/blockquote>\n<p>Le r\u00e9cit n\u2019est pas le m\u00eame, mais la finalit\u00e9 est tr\u00e8s proche. Ce qui donne un peu le sentiment d\u2019une bataille pour exister dans un mercato parisien o\u00f9 les certitudes sont rares. Il faut dire que continuer \u00e0 vouloir bloquer les joueurs du PSG dans un poste alors que l\u2019on a vu les id\u00e9es du coach Luis Enrique est d\u00e9j\u00e0 un obstacle.<\/p>\n<p>On se doute que Paris cherche \u00e0 se renforcer, mais ce n\u2019est pas facile apr\u00e8s une saison aussi r\u00e9ussie. Et s\u2019il y a des joueurs en plus, ce sera pour avoir de vrais renforts et pas juste un nombre. Le tout, sans doute, en donnant des options en plus \u00e0 l\u2019entra\u00eeneur. Reste \u00e0 voir ce qu\u2019elles seront exactement, sachant qu\u2019il est bien capable de surprendre.<\/p>\n<p>\t\t\t\t\t\t\t\t\t\t\t\t\t\t\t\t\t\t\t\t\t\t\t<img loading=\"lazy\" src=\"https:\/\/www.europesays.com\/fr\/wp-content\/uploads\/2025\/04\/ParisFans_Logo.png\" decoding=\"async\" class=\"lazyload\" width=\"240\" height=\"54\" data-eio-rwidth=\"240\" data-eio-rheight=\"54\"\/><\/p>\n","protected":false},"excerpt":{"rendered":"Il y a quelques jours,\u00a0Le Parisien a annonc\u00e9 que le Paris Saint-Germain et son entra\u00eeneur Luis Enrique n\u2019ont&hellip;\n","protected":false},"author":2,"featured_media":287314,"comment_status":"","ping_status":"","sticky":false,"template":"","format":"standard","meta":{"footnotes":""},"categories":[1410],"tags":[14568,63,1011,27,60,96],"class_list":{"0":"post-287313","1":"post","2":"type-post","3":"status-publish","4":"format-standard","5":"has-post-thumbnail","7":"category-football","8":"tag-achraf-hakimi","9":"tag-football","10":"tag-fr","11":"tag-france","12":"tag-sports","13":"tag-une"},"share_on_mastodon":{"url":"https:\/\/pubeurope.com\/@fr\/114949301745716946","error":""},"_links":{"self":[{"href":"https:\/\/www.europesays.com\/fr\/wp-json\/wp\/v2\/posts\/287313","targetHints":{"allow":["GET"]}}],"collection":[{"href":"https:\/\/www.europesays.com\/fr\/wp-json\/wp\/v2\/posts"}],"about":[{"href":"https:\/\/www.europesays.com\/fr\/wp-json\/wp\/v2\/types\/post"}],"author":[{"embeddable":true,"href":"https:\/\/www.europesays.com\/fr\/wp-json\/wp\/v2\/users\/2"}],"replies":[{"embeddable":true,"href":"https:\/\/www.europesays.com\/fr\/wp-json\/wp\/v2\/comments?post=287313"}],"version-history":[{"count":0,"href":"https:\/\/www.europesays.com\/fr\/wp-json\/wp\/v2\/posts\/287313\/revisions"}],"wp:featuredmedia":[{"embeddable":true,"href":"https:\/\/www.europesays.com\/fr\/wp-json\/wp\/v2\/media\/287314"}],"wp:attachment":[{"href":"https:\/\/www.europesays.com\/fr\/wp-json\/wp\/v2\/media?parent=287313"}],"wp:term":[{"taxonomy":"category","embeddable":true,"href":"https:\/\/www.europesays.com\/fr\/wp-json\/wp\/v2\/categories?post=287313"},{"taxonomy":"post_tag","embeddable":true,"href":"https:\/\/www.europesays.com\/fr\/wp-json\/wp\/v2\/tags?post=287313"}],"curies":[{"name":"wp","href":"https:\/\/api.w.org\/{rel}","templated":true}]}}