{"id":287315,"date":"2025-07-31T18:38:16","date_gmt":"2025-07-31T18:38:16","guid":{"rendered":"https:\/\/www.europesays.com\/fr\/287315\/"},"modified":"2025-07-31T18:38:16","modified_gmt":"2025-07-31T18:38:16","slug":"christophe-barbier-ce-moment-tendre-et-intime-avec-sa-femme-pauline-courtin","status":"publish","type":"post","link":"https:\/\/www.europesays.com\/fr\/287315\/","title":{"rendered":"Christophe Barbier : ce moment tendre et intime avec sa femme Pauline Courtin"},"content":{"rendered":"<p data-start=\"197\" data-end=\"997\">Christophe Barbier ne parle plus<br \/>\nseulement politique, il chante d\u00e9sormais l\u2019amour\u2026 et avec qui ? Sa<br \/>\npropre femme, <a href=\"https:\/\/www.closermag.fr\/people\/christophe-barbier-qui-est-sa-femme-pauline-courtin-1431071\" rel=\"nofollow noopener\" target=\"_blank\"><br \/>\nla cantatrice Pauline Courtin<\/a>. Le c\u00e9l\u00e8bre \u00e9ditorialiste \u00e0<br \/>\nl\u2019\u00e9charpe rouge a rejoint la sc\u00e8ne du <strong>Festival de<br \/>\nRamatuelle<\/strong> pour la 41e \u00e9dition des Nuits Classiques ce 30<br \/>\njuillet 2025, dans <strong>un spectacle<\/strong> consacr\u00e9 \u00e0<br \/>\nOffenbach.<\/p>\n<p data-start=\"197\" data-end=\"997\">En couple depuis 2018, <a href=\"https:\/\/www.closermag.fr\/people\/une-societaire-des-grosses-tetes-souleve-sa-jupe-et-montre-sa-culotte-christophe-barbier-fait-une-blague-vexante-3557088\" rel=\"nofollow noopener\" target=\"_blank\"><br \/>\nle journaliste<\/a> a tout de suite succomb\u00e9 au charme lyrique de la<br \/>\ncantatrice. \u00ab\u00a0C\u2019\u00e9tait en 2018.<br \/>\nNous \u00e9tions tous les deux invit\u00e9s \u00e0 un festival du c\u00f4t\u00e9<br \/>\nd\u2019Aix-en-Provence. Pauline est originaire de cette r\u00e9gion, quand je<br \/>\nl\u2019ai vue r\u00e9p\u00e9ter, \u00e7a a \u00e9t\u00e9 <strong>le coup de foudre<br \/>\nimm\u00e9diat<\/strong>\u00ab\u00a0, confiait-il \u00e0 Gala, visiblement encore sonn\u00e9 par la puissance<br \/>\ndes vocalises. Depuis, ces deux-l\u00e0 filent une romance aussi<br \/>\nflamboyante qu\u2019un final de Carmen.<\/p>\n<p>Christophe Barbier et Pauline<br \/>\ncourtin : une com\u00e9die romantique<\/p>\n<p data-start=\"999\" data-end=\"1824\">Sur sc\u00e8ne, l\u2019alchimie saute aux<br \/>\nyeux. Pauline Courtin incarne une Hortense Schneider haute en<br \/>\ncouleur, diva flamboyante en robe rouge \u00e9carlate <strong>fa\u00e7on Sisi<br \/>\nl\u2019imp\u00e9ratrice<\/strong>. \u00c0 ses c\u00f4t\u00e9s, Vadim Sher joue un empereur<br \/>\nrusse au piano, pendant que <a href=\"https:\/\/www.closermag.fr\/people\/au-lit-il-ne-prise-de-court-a-lantenne-drtl-la-femme-de-christophe-barbier-joue-le-jeu-3514739\" rel=\"nofollow noopener\" target=\"_blank\"><br \/>\nChristophe Barbier<\/a> troque son \u00e9charpe f\u00e9tiche contre un costume<br \/>\ntrois pi\u00e8ces d\u2019\u00e9poque, <strong>rouflaquettes comprises<\/strong>. En<br \/>\noff, <strong>la complicit\u00e9<\/strong> du couple est tout aussi<br \/>\npalpable. <strong>Gestes tendres, regards amoureux<\/strong>,<br \/>\nvisiblement l&rsquo;\u00e9tincelle est intacte. Preuve que <strong>la<br \/>\npassion<\/strong> n&rsquo;est pas seulement une illusion de com\u00e9die<br \/>\nromantique, et que les histoires d&rsquo;amours peuvent se conclure<br \/>\nautrement qu&rsquo;en drama \u00e0 la Rom\u00e9o et Juliette.<\/p>\n<p data-start=\"999\" data-end=\"1824\">Loin de la tension des plateaux<br \/>\nTV, le couple s\u2019offre <strong>une parenth\u00e8se lyrique<\/strong>,<br \/>\ncomplice et enjou\u00e9e. Ils se lancent des regards, des sourires,<br \/>\npresque des notes en l\u2019air. Le duo fait mouche : le public en<br \/>\nredemande, conquis par cette <strong>mise en sc\u00e8ne r\u00e9tro<\/strong><br \/>\net tendre. On n\u2019a rarement vu Christophe Barbier aussi d\u00e9tendu,<br \/>\nlib\u00e9r\u00e9 des analyses de crise pour plonger dans un bain d\u2019amour en<br \/>\nmajeur. \u00c0 croire qu\u2019Offenbach lui va mieux que l\u2019actualit\u00e9.<\/p>\n<p>Christophe Barbier : de la matinale au festival d\u2019\u00e9t\u00e9<\/p>\n<p data-start=\"1826\" data-end=\"2597\" data-is-last-node=\"\" data-is-only-node=\"\">Si Christophe Barbier a le temps de pousser la<br \/>\nchansonnette, c\u2019est aussi parce qu\u2019il a mis <strong>un terme \u00e0 sa<br \/>\nchronique matinale<\/strong> sur BFM TV. Un virage bienvenu pour<br \/>\nl\u2019ex-penseur cathodique, parfois raill\u00e9 pour ses envol\u00e9es lyriques<br \/>\nsur l\u2019\u00e9conomie ou la politique. Moqu\u00e9 pour son ton dramatique et sa<br \/>\nfameuse \u00e9charpe, le journaliste semblait ces derniers mois avoir<br \/>\nperdu un peu de sa superbe. Il a donc fait <a href=\"https:\/\/www.telestar.fr\/actu_tv\/christophe-barbier-quitte-bfmtv-service-archi-minimum-pour-ses-adieux-en-direct-1733109\" rel=\"nofollow noopener\" target=\"_blank\"><br \/>\nses adieux<\/a> aux t\u00e9l\u00e9spectateurs, mais pas pour longtemps,<br \/>\npuisqu&rsquo;il reviendra \u00e0 la rentr\u00e9e sur <strong>LCI<\/strong>.<\/p>\n<p data-start=\"1826\" data-end=\"2597\" data-is-last-node=\"\" data-is-only-node=\"\">En attendant, il rena\u00eet, pas en \u00e9ditorialiste,<br \/>\nmais en romantique inv\u00e9t\u00e9r\u00e9. <strong>La sc\u00e8ne<\/strong> devient pour<br \/>\nlui un nouveau th\u00e9\u00e2tre d\u2019id\u00e9es, plus l\u00e9ger, plus solaire. Et aux<br \/>\nc\u00f4t\u00e9s de Pauline Courtin, l\u2019amour devient un vrai programme : celui<br \/>\ndu bonheur partag\u00e9, de la culture vivante\u2026 et du costume trois<br \/>\npi\u00e8ces \u00e0 boutons dor\u00e9s. Que demande le peuple ?<\/p>\n<p>Diaporama<br \/>\nChristophe Barbier<br \/>\n<img decoding=\"async\" class=\"diapo_img img-responsive lazy-load\" loading=\"lazy\" src=\"https:\/\/www.europesays.com\/fr\/wp-content\/uploads\/2025\/07\/bestimage_00717288_000005-1.jpg\"\/><\/p>\n<p>Best image<\/p>\n<p>1\/5 Christophe Barbier<\/p>\n<p>Christophe Barbier monte sur sc\u00e8ne avec<br \/>\nsa femme Pauline Courtin.<\/p>\n<p><img decoding=\"async\" class=\"diapo_img img-responsive lazy-load\" loading=\"lazy\" src=\"https:\/\/www.europesays.com\/fr\/wp-content\/uploads\/2025\/07\/bestimage_00717288_000018-1.jpg\"\/><\/p>\n<p>Best image<\/p>\n<p>2\/5 Christophe Barbier<\/p>\n<p>Le couple joue dans un op\u00e9ra consacr\u00e9 \u00e0<br \/>\nOffenbach.<\/p>\n<p><img decoding=\"async\" class=\"diapo_img img-responsive lazy-load\" loading=\"lazy\" src=\"https:\/\/www.europesays.com\/fr\/wp-content\/uploads\/2025\/07\/bestimage_00717288_000006-1.jpg\"\/><\/p>\n<p>Best image<\/p>\n<p>3\/5 Christophe Barbier<\/p>\n<p>Elle en diva rouge, lui en costume<br \/>\nd\u2019\u00e9poque : la passion est l\u00e0.<\/p>\n<p><img decoding=\"async\" class=\"diapo_img img-responsive lazy-load\" loading=\"lazy\" src=\"https:\/\/www.europesays.com\/fr\/wp-content\/uploads\/2025\/07\/bestimage_00717288_000002-1.jpg\"\/><\/p>\n<p>Best image<\/p>\n<p>4\/5 Christophe Barbier<\/p>\n<p>Leur complicit\u00e9 illumine le Festival de<br \/>\nRamatuelle.<\/p>\n<p><img decoding=\"async\" class=\"diapo_img img-responsive lazy-load\" loading=\"lazy\" src=\"https:\/\/www.europesays.com\/fr\/wp-content\/uploads\/2025\/07\/bestimage_00717288_000011-1.jpg\"\/><\/p>\n<p>Best image<\/p>\n<p>5\/5 Christophe Barbier<\/p>\n<p>Loin de BFM TV, l&rsquo;\u00e9ditorialiste vit<br \/>\npleinement son histoire d&rsquo;amour.<\/p>\n","protected":false},"excerpt":{"rendered":"Christophe Barbier ne parle plus seulement politique, il chante d\u00e9sormais l\u2019amour\u2026 et avec qui ? Sa propre femme,&hellip;\n","protected":false},"author":2,"featured_media":287316,"comment_status":"","ping_status":"","sticky":false,"template":"","format":"standard","meta":{"footnotes":""},"categories":[1359],"tags":[58,59,1011,27,1638,973],"class_list":{"0":"post-287315","1":"post","2":"type-post","3":"status-publish","4":"format-standard","5":"has-post-thumbnail","7":"category-people","8":"tag-divertissement","9":"tag-entertainment","10":"tag-fr","11":"tag-france","12":"tag-has_diapo","13":"tag-people"},"share_on_mastodon":{"url":"https:\/\/pubeurope.com\/@fr\/114949305662392620","error":""},"_links":{"self":[{"href":"https:\/\/www.europesays.com\/fr\/wp-json\/wp\/v2\/posts\/287315","targetHints":{"allow":["GET"]}}],"collection":[{"href":"https:\/\/www.europesays.com\/fr\/wp-json\/wp\/v2\/posts"}],"about":[{"href":"https:\/\/www.europesays.com\/fr\/wp-json\/wp\/v2\/types\/post"}],"author":[{"embeddable":true,"href":"https:\/\/www.europesays.com\/fr\/wp-json\/wp\/v2\/users\/2"}],"replies":[{"embeddable":true,"href":"https:\/\/www.europesays.com\/fr\/wp-json\/wp\/v2\/comments?post=287315"}],"version-history":[{"count":0,"href":"https:\/\/www.europesays.com\/fr\/wp-json\/wp\/v2\/posts\/287315\/revisions"}],"wp:featuredmedia":[{"embeddable":true,"href":"https:\/\/www.europesays.com\/fr\/wp-json\/wp\/v2\/media\/287316"}],"wp:attachment":[{"href":"https:\/\/www.europesays.com\/fr\/wp-json\/wp\/v2\/media?parent=287315"}],"wp:term":[{"taxonomy":"category","embeddable":true,"href":"https:\/\/www.europesays.com\/fr\/wp-json\/wp\/v2\/categories?post=287315"},{"taxonomy":"post_tag","embeddable":true,"href":"https:\/\/www.europesays.com\/fr\/wp-json\/wp\/v2\/tags?post=287315"}],"curies":[{"name":"wp","href":"https:\/\/api.w.org\/{rel}","templated":true}]}}