{"id":287317,"date":"2025-07-31T18:39:19","date_gmt":"2025-07-31T18:39:19","guid":{"rendered":"https:\/\/www.europesays.com\/fr\/287317\/"},"modified":"2025-07-31T18:39:19","modified_gmt":"2025-07-31T18:39:19","slug":"guer-lincroyable-bourde-du-laureat-du-concours-photo-de-lutl","status":"publish","type":"post","link":"https:\/\/www.europesays.com\/fr\/287317\/","title":{"rendered":"Guer. L&rsquo;incroyable \u00ab\u00a0bourde\u00a0\u00bb du laur\u00e9at du concours photo de l&rsquo;UTL"},"content":{"rendered":"<p class=\"main-default-container__main-cat\"><a href=\"https:\/\/www.lesinfosdupaysgallo.com\/category\/oust-a-broceliande\/\" rel=\"nofollow noopener\" target=\"_blank\">Oust \u00e0 Broc\u00e9liande<\/a><\/p>\n<p class=\"main-default-container__date\">Publi\u00e9 le 31 juillet 2025<\/p>\n<p><a href=\"https:\/\/www.lesinfosdupaysgallo.com\/img_6657\/\" rel=\"nofollow noopener\" target=\"_blank\"><img decoding=\"async\"  alt=\"\" data-height=\"1920\" data-id=\"236523\" data-link=\"https:\/\/www.lesinfosdupaysgallo.com\/img_6657\/\" data-url=\"https:\/\/www.lesinfosdupaysgallo.com\/wp-content\/uploads\/2025\/07\/IMG_6657-820x615.jpeg\" data-width=\"2560\" src=\"https:\/\/www.europesays.com\/fr\/wp-content\/uploads\/2025\/07\/IMG_6657-820x615.jpeg\" data-amp-layout=\"responsive\" role=\"button\" aria-label=\"Ouvrir l\u2019image 1 sur 2 en plein \u00e9cran\"\/><\/a><a href=\"https:\/\/www.lesinfosdupaysgallo.com\/img_6653\/\" rel=\"nofollow noopener\" target=\"_blank\"><img decoding=\"async\"  alt=\"\" data-height=\"1920\" data-id=\"236525\" data-link=\"https:\/\/www.lesinfosdupaysgallo.com\/img_6653\/\" data-url=\"https:\/\/www.lesinfosdupaysgallo.com\/wp-content\/uploads\/2025\/07\/IMG_6653-820x615.jpeg\" data-width=\"2560\" src=\"https:\/\/www.europesays.com\/fr\/wp-content\/uploads\/2025\/07\/IMG_6653-820x615.jpeg\" data-amp-layout=\"responsive\" role=\"button\" aria-label=\"Ouvrir l\u2019image 2 sur 2 en plein \u00e9cran\"\/><\/a><\/p>\n<p>Vous vous \u00eates sans doute arr\u00eat\u00e9s devant l\u2019exposition des photos prim\u00e9es lors du concours organis\u00e9s par l\u2019UTL de Guer qui se trouve sur la voie verte, non loin du cin\u00e9ma Quai 56. Ne vous \u00e9tonnez pas si vous d\u00e9couvrez demain un bandeau annon\u00e7ant le retrait prochain de la photo laur\u00e9ate de ce concours. On va vous expliquer pourquoi.<\/p>\n<p>Pour nous, tout commence la semaine derni\u00e8re lorsqu\u2019une de nos lectrices nous appelle pour exprimer son indignation d\u2019avoir d\u00e9couvert la photo gagnante du concours. \u00ab\u00a0Cette photo n\u2019a pas \u00e9t\u00e9 faite par le concurrent de Guer. Elle circule depuis des ann\u00e9es sur internet. Je l\u2019ai moi-m\u00eame t\u00e9l\u00e9charg\u00e9e. C\u2019est scandaleux\u2026\u00a0\u00bb. Pour tout dire, cet appel nous a un peu surpris puisque <a href=\"https:\/\/www.lesinfosdupaysgallo.com\/2025\/06\/26\/guer-salon-du-livre-de-lutl-les-laureats-du-concours-photo\/\" rel=\"nofollow noopener\" target=\"_blank\"><strong>nous avions couvert la remise des prix de ce concours photo qui semblait parfaitement encadr\u00e9<\/strong><\/a>. R\u00e8glement tr\u00e8s pr\u00e9cis, sous la surveillance d\u2019un huissier de justice\u2026 Bref, rien ne permettait de penser qu\u2019il pouvait y avoir une faille dans le dispositif. Quand au laur\u00e9at, il expliquait avoir r\u00e9alis\u00e9 ce clich\u00e9 -repr\u00e9sentant la lune et le soleil entre deux arbres- lors d\u2019une promenade dans la for\u00eat de Paimpont\u2026 Le classement \u00e9tait donc valid\u00e9 officiellement.<\/p>\n<p>Photomontage<\/p>\n<p>Sauf que, \u00e0 la suite de cet appel de notre lectrice, nous avons proc\u00e9d\u00e9 \u00e0 quelques v\u00e9rifications. Et il est apparu effectivement que ce clich\u00e9 figurait bien sur la plateforme Wikim\u00e9dia mais qu\u2019il \u00e9tait dat\u00e9 de\u2026 2017. Cette photo a \u00e9t\u00e9 en son temps virale, a \u00e9t\u00e9 t\u00e9l\u00e9charg\u00e9e plus d\u2019un millier de fois et fait l\u2019objet de nombreux articles de presse expliquant qu\u2019elle \u00e9tait l\u2019oeuvre d\u2019un photographe allemand qui aurait pass\u00e9 des mois et us\u00e9 16 appareils photos pour attendre ce moment exceptionnel o\u00f9 \u00ab\u00a0le soleil a rendez-vous avec la lune\u00a0\u00bb. De quoi susciter une enqu\u00eate de l\u2019Agence France Presse qui a r\u00e9v\u00e9l\u00e9 une autre v\u00e9rit\u00e9. Ce document est en fait un photomontage r\u00e9alis\u00e9 \u00e0 partir de la photo originelle attribu\u00e9e \u00e0 un artiste Kosovar en 2012.<\/p>\n<p>Le laur\u00e9at argue de sa bonne foi<\/p>\n<p>Donc, rien \u00e0 voir avec la for\u00eat de Paimpont. Nous avons donc poursuivi notre enqu\u00eate en interrogeant le pr\u00e9sident de l\u2019UTL, la m\u00e9diath\u00e8que de Guer et en informant le maire de cette situation embarrassante. Car de toute \u00e9vidence la photo laur\u00e9ate du concours de l\u2019UTL, semblait bien \u00eatre une reprise et non pas une prise de vue originale . De fil en aiguille, on a d\u00e9couvert que certains points du r\u00e8glement du concours n\u2019avaient pas \u00e9t\u00e9 respect\u00e9s et notamment l\u2019obligation faites de fournir avec la photo le fichier source. Pour tout dire, l\u2019affaire est embarrassante, puisqu\u2019elle met en cause la cr\u00e9dibilit\u00e9 de l\u2019UTL, du jury, mais a aussi de quoi susciter l\u2019amertume des autres participants au concours\u2026 <\/p>\n<p>Nous avons eu un entretien t\u00e9l\u00e9phonique ce jeudi matin avec Michel Blanchard, le laur\u00e9at qui est \u00e9galement \u00e9lu municipal. Celui-ci se dit persuad\u00e9 d\u2019avoir fait cette photo mais qu\u2019il ne se souvient plus tr\u00e8s bien de l\u2019endroit. En tout cas, il argue de sa bonne foi et donne aussi une autre version, \u00e0 savoir que cette photo s\u2019est gliss\u00e9e dans la biblioth\u00e8que de son t\u00e9l\u00e9phone et qu\u2019il l\u2019a t\u00e9l\u00e9charg\u00e9e par erreur. \u00ab\u00a0Je ne m\u2019explique pas comment cette photo est arriv\u00e9e sur mon t\u00e9l\u00e9phone. Je suis abasourdi depuis que j\u2019ai appris \u00e7a. Je n\u2019en dors plus\u2026\u00a0\u00bb, r\u00e9pond-il. De son c\u00f4t\u00e9 Ren\u00e9 Carletto, le pr\u00e9sident de l\u2019UTL de Guer affiche un soutien inconditionnel \u00e0 Michel Blanchard. \u00ab\u00a0C\u2019est quelqu\u2019un que je connais depuis longtemps avec qui j\u2019ai travaill\u00e9 et j\u2019atteste qu\u2019il est fonci\u00e8rement honn\u00eate. J\u2019ai pleinement confiance en lui\u00a0\u00bb, pr\u00e9cise-t-il.<\/p>\n<p>L\u2019affaire suscite pas mal de remous et pose plein de questions. Des r\u00e9unions s\u2019enchainent entre les divers acteurs pour tenter de trouver la parade \u00e0 cet \u00e9v\u00e8nement choquant. Des d\u00e9cisions devraient \u00eatre prises en milieu de semaine prochaine, mais le retrait de la photo litigieuse parait in\u00e9luctable ainsi que l\u2019\u00e9tablissement d\u2019un nouveau palmar\u00e8s. Techniquement, en raison des vacances ce retrait n\u2019est pas envisageable avant plusieurs jours. Raison pour laquelle, compte tenu de l\u2019\u00e9motion suscit\u00e9e et relay\u00e9e sur les r\u00e9seaux sociaux, une solution provisoire va \u00eatre mise en oeuvre avec ce bandeau, annon\u00e7ant ce retrait d\u00e8s ce vendredi.<\/p>\n<p><img loading=\"lazy\" decoding=\"async\" width=\"480\" height=\"700\" src=\"https:\/\/www.europesays.com\/fr\/wp-content\/uploads\/2025\/07\/IMG_4830-768x1119-1-480x700.jpeg\" alt=\"\" class=\"wp-image-236526\"  \/>La photo laur\u00e9ate du concours de l\u2019UTL<\/p>\n<p><img loading=\"lazy\" decoding=\"async\" width=\"1111\" height=\"862\" src=\"https:\/\/www.europesays.com\/fr\/wp-content\/uploads\/2025\/07\/Capture-decran-2025-07-31-a-16.54.46.png\" alt=\"\" class=\"wp-image-236522\"  \/>Capture d\u2019\u00e9cran du fichier Wikim\u00e9dai<\/p>\n","protected":false},"excerpt":{"rendered":"Oust \u00e0 Broc\u00e9liande Publi\u00e9 le 31 juillet 2025 Vous vous \u00eates sans doute arr\u00eat\u00e9s devant l\u2019exposition des photos&hellip;\n","protected":false},"author":2,"featured_media":287318,"comment_status":"","ping_status":"","sticky":false,"template":"","format":"standard","meta":{"footnotes":""},"categories":[1358],"tags":[1348,1384,1385,1386,58,59,1011,27],"class_list":{"0":"post-287317","1":"post","2":"type-post","3":"status-publish","4":"format-standard","5":"has-post-thumbnail","7":"category-arts-et-design","8":"tag-arts","9":"tag-arts-and-design","10":"tag-arts-et-design","11":"tag-design","12":"tag-divertissement","13":"tag-entertainment","14":"tag-fr","15":"tag-france"},"share_on_mastodon":{"url":"https:\/\/pubeurope.com\/@fr\/114949309403481867","error":""},"_links":{"self":[{"href":"https:\/\/www.europesays.com\/fr\/wp-json\/wp\/v2\/posts\/287317","targetHints":{"allow":["GET"]}}],"collection":[{"href":"https:\/\/www.europesays.com\/fr\/wp-json\/wp\/v2\/posts"}],"about":[{"href":"https:\/\/www.europesays.com\/fr\/wp-json\/wp\/v2\/types\/post"}],"author":[{"embeddable":true,"href":"https:\/\/www.europesays.com\/fr\/wp-json\/wp\/v2\/users\/2"}],"replies":[{"embeddable":true,"href":"https:\/\/www.europesays.com\/fr\/wp-json\/wp\/v2\/comments?post=287317"}],"version-history":[{"count":0,"href":"https:\/\/www.europesays.com\/fr\/wp-json\/wp\/v2\/posts\/287317\/revisions"}],"wp:featuredmedia":[{"embeddable":true,"href":"https:\/\/www.europesays.com\/fr\/wp-json\/wp\/v2\/media\/287318"}],"wp:attachment":[{"href":"https:\/\/www.europesays.com\/fr\/wp-json\/wp\/v2\/media?parent=287317"}],"wp:term":[{"taxonomy":"category","embeddable":true,"href":"https:\/\/www.europesays.com\/fr\/wp-json\/wp\/v2\/categories?post=287317"},{"taxonomy":"post_tag","embeddable":true,"href":"https:\/\/www.europesays.com\/fr\/wp-json\/wp\/v2\/tags?post=287317"}],"curies":[{"name":"wp","href":"https:\/\/api.w.org\/{rel}","templated":true}]}}