{"id":287319,"date":"2025-07-31T18:40:12","date_gmt":"2025-07-31T18:40:12","guid":{"rendered":"https:\/\/www.europesays.com\/fr\/287319\/"},"modified":"2025-07-31T18:40:12","modified_gmt":"2025-07-31T18:40:12","slug":"prendre-la-cle-des-bois-avec-amelie-dubois","status":"publish","type":"post","link":"https:\/\/www.europesays.com\/fr\/287319\/","title":{"rendered":"Prendre la \u00ab\u00a0cl\u00e9 des bois\u00a0\u00bb avec Am\u00e9lie Dubois"},"content":{"rendered":"<p>CULTURE. Am\u00e9lie Dubois a illustr\u00e9 plusieurs livres et albums pour la jeunesse, dessin\u00e9 pour des magazines ainsi que pour la t\u00e9l\u00e9vision, mais sa nouvelle bande dessin\u00e9e \u201cLa cl\u00e9 des bois\u201d est le tout premier ouvrage dont elle est aussi l\u2019autrice. \u00a0<\/p>\n<p>\u201cCette opportunit\u00e9 s\u2019est pr\u00e9sent\u00e9e \u00e0 moi. J\u2019ai d\u00e9cid\u00e9 d\u2019aller de l\u2019avant parce que je sentais qu\u2019on me faisait confiance. J\u2019\u00e9tais tellement inspir\u00e9e par ce que je vivais, mon travail, le d\u00e9cor, l\u2019historique de l\u2019endroit\u2026 Je pouvais pas remettre \u00e7a dans les mains de quelqu\u2019un d\u2019autre. Il fallait que \u00e7a vienne de moi et je sentais que j\u2019avais quelque chose \u00e0 dire\u201d, confie Am\u00e9lie Dubois.\u00a0<\/p>\n<p>Dans cette premi\u00e8re autofiction, elle explore la question du recommencement, des bifurcations et du rappel \u00e0 la terre. Elle raconte l\u2019histoire d\u2019une trentenaire qui d\u00e9cide subitement de quitter Montr\u00e9al pour s\u2019\u00e9tablir chez son amoureux \u00e0 Trois-Rivi\u00e8res apr\u00e8s avoir perdu son emploi dans une compagnie d\u2019effets visuels d\u2019o\u00f9 elle est remerci\u00e9e sans c\u00e9r\u00e9monie.<\/p>\n<p>En Mauricie, elle trouve du travail dans une p\u00e9pini\u00e8re foresti\u00e8re. L\u2019autrice et illustratrice y raconte avec humour et vuln\u00e9rabilit\u00e9 sa premi\u00e8re saison d\u2019acclimatation \u00e0 un nouvel environnement, un nouveau rythme, dict\u00e9 par la nature.\u00a0<\/p>\n<p>\u201cC\u2019\u00e9tait une exp\u00e9rience tellement marquante et tellement loin de moi \u00e0 la fois. C\u2019est quelque chose que je n\u2019avais jamais connu, alors \u00e7a ne pouvait pas \u00eatre autre chose qu\u2019inspirant. C\u2019\u00e9tait gros ce que je vivais. J\u2019\u00e9crivais beaucoup aussi, notamment des anecdotes qui se passaient \u00e0 la p\u00e9pini\u00e8re. Je me disais qu\u2019il y avait tellement de mati\u00e8re, lance Am\u00e9lie Dubois. J\u2019ai \u00e9t\u00e9 la premi\u00e8re surprise par l\u2019ampleur de la t\u00e2che. Mon conjoint y travaille depuis 20 ans. Il avait beau m\u2019expliquer ses journ\u00e9es, mais tu ne peux pas imaginer ce que c\u2019est tant que tu ne l\u2019as pas v\u00e9cu. \u00catre travailleur saisonnier, c\u2019est un mode de vie.\u201d<\/p>\n<p>Si elle a \u00e9t\u00e9 marqu\u00e9e par les journ\u00e9es souvent \u00e9reintantes de cette premi\u00e8re saison de travail \u00e0 la p\u00e9pini\u00e8re, elle retient surtout l\u2019authenticit\u00e9 des personnes qui y travaillent. \u201cIl y a des gens si int\u00e9ressants, des personnes authentiques dont les vies sont loin de la mienne, avec d\u2019autres valeurs. Ce sont des gens de famille, de communaut\u00e9 et d\u2019entraide. \u00c7a venait me chercher beaucoup, tout comme leur g\u00e9n\u00e9rosit\u00e9.\u201d<\/p>\n<p>\u00c0 la p\u00e9pini\u00e8re, personne ne sait qu\u2019Am\u00e9lie Dubois est illustratrice. Elle ne souhaitait pas attirer l\u2019attention avec \u00e7a. \u201cJe voulais faire mon travail l\u00e0-bas. D\u2019ailleurs, on voit dans le livre que le personnage parle peu. Je fais plus parler les gens. C\u2019est un peu ce qui se passe l\u00e0-bas aussi. J\u2019\u00e9coute beaucoup. Si \u00e7a vient \u00e0 leurs oreilles, tant mieux!\u201d<\/p>\n<p>L\u2019autrice et illustratrice a travaill\u00e9 sur ce projet pendant trois ans. Elle a appr\u00e9ci\u00e9 la libert\u00e9 que lui a procur\u00e9 la cr\u00e9ation de cette bande dessin\u00e9e. \u201cC\u2019est le projet dans lequel je me suis sentie le plus moi.\u201d<\/p>\n<p>\u00c7a para\u00eet. L\u2019histoire respire \u00e0 travers les illustrations r\u00e9alis\u00e9es au crayon, for\u00e7ant le lecteur \u00e0 \u00e9merger du tourbillon du quotidien pour prendre le temps de respirer \u00e0 son tour et de plonger en pleine nature, au c\u0153ur de la p\u00e9pini\u00e8re.\u00a0<\/p>\n<p>L\u2019exp\u00e9rience a d\u2019ailleurs donn\u00e9 le go\u00fbt \u00e0 Am\u00e9lie Dubois d\u2019explorer un peu plus sa plume. Elle travaille notamment sur un album jeunesse qui lui permettra d\u2019explorer un style d\u2019\u00e9criture plus l\u00e9ger.<\/p>\n<p>\u201cJe savais que je pouvais toucher les gens avec mes illustrations, que mes images allaient chercher les gens. Pour l\u2019\u00e9criture, je n\u2019en avais aucune id\u00e9e! Je me fiais \u00e0 ce que mon \u00e9diteur me disait, mais c\u2019est le public qui d\u00e9cide, au final, si c\u2019est agr\u00e9able \u00e0 lire. Jusqu\u2019\u00e0 pr\u00e9sent, la r\u00e9ponse est super bonne et \u00e7a m\u2019encourage \u00e0 \u00e9crire. Ce projet m\u2019a donn\u00e9 la piq\u00fbre de l\u2019\u00e9criture et je sens que j\u2019ai plein de choses \u00e0 dire\u201d, conclut-elle.<\/p>\n<p>La bande dessin\u00e9e \u201cLa cl\u00e9 des bois\u201d, publi\u00e9e aux \u00e9ditions Nouvelle Adresse, est disponible en librairie.\u00a0<\/p>\n","protected":false},"excerpt":{"rendered":"CULTURE. Am\u00e9lie Dubois a illustr\u00e9 plusieurs livres et albums pour la jeunesse, dessin\u00e9 pour des magazines ainsi que&hellip;\n","protected":false},"author":2,"featured_media":287320,"comment_status":"","ping_status":"","sticky":false,"template":"","format":"standard","meta":{"footnotes":""},"categories":[1357],"tags":[1379,58,59,1011,27,1380],"class_list":{"0":"post-287319","1":"post","2":"type-post","3":"status-publish","4":"format-standard","5":"has-post-thumbnail","7":"category-livres","8":"tag-books","9":"tag-divertissement","10":"tag-entertainment","11":"tag-fr","12":"tag-france","13":"tag-livres"},"share_on_mastodon":{"url":"https:\/\/pubeurope.com\/@fr\/114949313312261800","error":""},"_links":{"self":[{"href":"https:\/\/www.europesays.com\/fr\/wp-json\/wp\/v2\/posts\/287319","targetHints":{"allow":["GET"]}}],"collection":[{"href":"https:\/\/www.europesays.com\/fr\/wp-json\/wp\/v2\/posts"}],"about":[{"href":"https:\/\/www.europesays.com\/fr\/wp-json\/wp\/v2\/types\/post"}],"author":[{"embeddable":true,"href":"https:\/\/www.europesays.com\/fr\/wp-json\/wp\/v2\/users\/2"}],"replies":[{"embeddable":true,"href":"https:\/\/www.europesays.com\/fr\/wp-json\/wp\/v2\/comments?post=287319"}],"version-history":[{"count":0,"href":"https:\/\/www.europesays.com\/fr\/wp-json\/wp\/v2\/posts\/287319\/revisions"}],"wp:featuredmedia":[{"embeddable":true,"href":"https:\/\/www.europesays.com\/fr\/wp-json\/wp\/v2\/media\/287320"}],"wp:attachment":[{"href":"https:\/\/www.europesays.com\/fr\/wp-json\/wp\/v2\/media?parent=287319"}],"wp:term":[{"taxonomy":"category","embeddable":true,"href":"https:\/\/www.europesays.com\/fr\/wp-json\/wp\/v2\/categories?post=287319"},{"taxonomy":"post_tag","embeddable":true,"href":"https:\/\/www.europesays.com\/fr\/wp-json\/wp\/v2\/tags?post=287319"}],"curies":[{"name":"wp","href":"https:\/\/api.w.org\/{rel}","templated":true}]}}