{"id":287327,"date":"2025-07-31T18:44:10","date_gmt":"2025-07-31T18:44:10","guid":{"rendered":"https:\/\/www.europesays.com\/fr\/287327\/"},"modified":"2025-07-31T18:44:10","modified_gmt":"2025-07-31T18:44:10","slug":"le-ministre-de-la-sante-deplore-que-seuls-20-des-soignants-a-lhopital-soient-vaccines","status":"publish","type":"post","link":"https:\/\/www.europesays.com\/fr\/287327\/","title":{"rendered":"le ministre de la Sant\u00e9 d\u00e9plore que seuls 20% des soignants \u00e0 l&rsquo;h\u00f4pital soient vaccin\u00e9s"},"content":{"rendered":"<p>Le ministre d\u00e9l\u00e9gu\u00e9 \u00e0 la Sant\u00e9 Yannick Neuder appelle les professionnels de sant\u00e9 \u00e0 se vacciner contre la grippe et \u00e0 \u00ab\u00a0montrer l&rsquo;exemple\u00a0\u00bb.<\/p>\n<p>Le ministre d\u00e9l\u00e9gu\u00e9 \u00e0 la Sant\u00e9 <a href=\"https:\/\/www.bfmtv.com\/sante\/sun-tattoo-le-ministre-de-la-sante-veut-interdire-ces-contenus-dangereux-sur-les-reseaux-sociaux_AD-202507290133.html\" title=\"&quot;Sun-tattoo&quot;: le ministre de la Sant\u00e9 veut &quot;interdire&quot; ces contenus &quot;dangereux&quot; sur les r\u00e9seaux sociaux\" class=\"internal_link\" rel=\"nofollow noopener\" target=\"_blank\">Yannick Neuder<\/a> a jug\u00e9 \u00ab\u00a0fou\u00a0\u00bb ce jeudi 31 juillet que seulement 20% du personnel soignant \u00e0 l&rsquo;h\u00f4pital soit <a href=\"https:\/\/www.bfmtv.com\/sante\/tres-insuffisant-risque-de-maladies-severes-alerte-sur-le-manque-de-vaccination-des-femmes-enceintes_AD-202505220592.html\" title=\"&quot;Tr\u00e8s insuffisant&quot;, risque de maladies &quot;s\u00e9v\u00e8res&quot;... Alerte sur le manque de vaccination des femmes enceintes\" class=\"internal_link\" rel=\"nofollow noopener\" target=\"_blank\">vaccin\u00e9 contre la grippe<\/a>, exhortant les professionnels de sant\u00e9 en France \u00e0 \u00ab\u00a0montrer l&rsquo;exemple\u00a0\u00bb.<\/p>\n<p>\u00ab\u00a0Au pays de Pasteur, au pays des Lumi\u00e8res, c&rsquo;est quand m\u00eame fou qu&rsquo;on arrive \u00e0 ce que 20% seulement des soignants soient vaccin\u00e9s\u00a0\u00bb contre la grippe saisonni\u00e8re, a-t-il estim\u00e9 sur franceinfo. \u00ab\u00a0Je pense qu&rsquo;on a un probl\u00e8me vis-\u00e0-vis de la vaccination et qu&rsquo;il y a \u00e9norm\u00e9ment besoin de faire de la p\u00e9dagogie\u00a0\u00bb.<\/p>\n<blockquote class=\"embed embed_quote\"><p>\u00ab\u00a0Des pathologies reviennent en force\u00a0\u00bb, a-t-il soulign\u00e9, citant comme exemples la r\u00e9cente \u00e9pid\u00e9mie de rougeole au Maroc ou encore les \u00ab\u00a0<a href=\"https:\/\/www.bfmtv.com\/sante\/vaccinez-vous-le-gouvernement-appelle-les-jeunes-de-15-a-24-ans-a-se-faire-vacciner-contre-la-meningite_AN-202505060525.html\" title=\"&quot;Vaccinez-vous!&quot;: le gouvernement appelle les jeunes de 15 \u00e0 24 ans \u00e0 se faire vacciner contre la m\u00e9ningite\" class=\"internal_link\" rel=\"nofollow noopener\" target=\"_blank\">plus de 60 d\u00e9c\u00e8s\u00a0\u00bb de m\u00e9ningite<\/a> recens\u00e9s en France.<\/p><\/blockquote>\n<p>\u00ab\u00a0Donc je pense qu&rsquo;on a un message de sant\u00e9 publique, encore plus quand on est soignant\u00a0\u00bb, \u00e0 passer, a-t-il ajout\u00e9.<\/p>\n<p>\u00ab\u00a0Donner l&rsquo;exemple\u00a0\u00bb<\/p>\n<p>Le ministre appelle \u00ab\u00a0l&rsquo;ensemble des professionnels de sant\u00e9 de France, qu&rsquo;ils soient dans un h\u00f4pital public, priv\u00e9, dans un \u00e9tablissement m\u00e9dico-social, \u00e0 donner l&rsquo;exemple et \u00e0 se vacciner (&#8230;) parce que quand vous \u00eates patient, c&rsquo;est quand m\u00eame plut\u00f4t tranquillisant de voir que votre professionnel de sant\u00e9 s&rsquo;est vaccin\u00e9\u00a0\u00bb.<\/p>\n<p>Concernant la vaccination contre la grippe des personnes \u00e2g\u00e9es r\u00e9sidant en Ehpad, que la ministre de la Sant\u00e9 Catherine Vautrin souhaite rendre obligatoire, Yannick Neuder a indiqu\u00e9 que cela faisait effectivement partie \u00ab\u00a0des sujets qui sont en discussion\u00a0\u00bb tout en semblant \u00e9mettre certaines r\u00e9serves.<\/p>\n<p>\u00ab\u00a0Le taux de vaccination des patients en Ehpad est d\u00e9j\u00e0 important, il est autour de 85 %, donc je ne suis pas s\u00fbr qu&rsquo;il y aura forc\u00e9ment un \u00e9norme gain\u00a0\u00bb, a-t-il dit. \u00ab\u00a0En tout cas, c&rsquo;est fortement conseill\u00e9 (&#8230;) on sait tr\u00e8s bien que les patients en Ehpad sont souvent les patients les plus \u00e2g\u00e9s avec une comorbidit\u00e9 importante et surtout une vie en communaut\u00e9, on sait bien que c&rsquo;est l\u00e0 qu&rsquo;on cumule l&rsquo;ensemble des risques.\u00a0\u00bb<\/p>\n","protected":false},"excerpt":{"rendered":"Le ministre d\u00e9l\u00e9gu\u00e9 \u00e0 la Sant\u00e9 Yannick Neuder appelle les professionnels de sant\u00e9 \u00e0 se vacciner contre la&hellip;\n","protected":false},"author":2,"featured_media":287328,"comment_status":"","ping_status":"","sticky":false,"template":"","format":"standard","meta":{"footnotes":""},"categories":[10],"tags":[1011,27,72,71],"class_list":{"0":"post-287327","1":"post","2":"type-post","3":"status-publish","4":"format-standard","5":"has-post-thumbnail","7":"category-sante","8":"tag-fr","9":"tag-france","10":"tag-health","11":"tag-sante"},"share_on_mastodon":{"url":"","error":""},"_links":{"self":[{"href":"https:\/\/www.europesays.com\/fr\/wp-json\/wp\/v2\/posts\/287327","targetHints":{"allow":["GET"]}}],"collection":[{"href":"https:\/\/www.europesays.com\/fr\/wp-json\/wp\/v2\/posts"}],"about":[{"href":"https:\/\/www.europesays.com\/fr\/wp-json\/wp\/v2\/types\/post"}],"author":[{"embeddable":true,"href":"https:\/\/www.europesays.com\/fr\/wp-json\/wp\/v2\/users\/2"}],"replies":[{"embeddable":true,"href":"https:\/\/www.europesays.com\/fr\/wp-json\/wp\/v2\/comments?post=287327"}],"version-history":[{"count":0,"href":"https:\/\/www.europesays.com\/fr\/wp-json\/wp\/v2\/posts\/287327\/revisions"}],"wp:featuredmedia":[{"embeddable":true,"href":"https:\/\/www.europesays.com\/fr\/wp-json\/wp\/v2\/media\/287328"}],"wp:attachment":[{"href":"https:\/\/www.europesays.com\/fr\/wp-json\/wp\/v2\/media?parent=287327"}],"wp:term":[{"taxonomy":"category","embeddable":true,"href":"https:\/\/www.europesays.com\/fr\/wp-json\/wp\/v2\/categories?post=287327"},{"taxonomy":"post_tag","embeddable":true,"href":"https:\/\/www.europesays.com\/fr\/wp-json\/wp\/v2\/tags?post=287327"}],"curies":[{"name":"wp","href":"https:\/\/api.w.org\/{rel}","templated":true}]}}