{"id":287337,"date":"2025-07-31T18:49:14","date_gmt":"2025-07-31T18:49:14","guid":{"rendered":"https:\/\/www.europesays.com\/fr\/287337\/"},"modified":"2025-07-31T18:49:14","modified_gmt":"2025-07-31T18:49:14","slug":"emmanuel-macron-en-passe-de-reussir-son-pari-sur-une-reconnaissance-de-la-palestine","status":"publish","type":"post","link":"https:\/\/www.europesays.com\/fr\/287337\/","title":{"rendered":"Emmanuel Macron en passe de r\u00e9ussir son pari sur une reconnaissance de la Palestine"},"content":{"rendered":"<p><strong>D\u00c9CRYPTAGE &#8211; <\/strong>Paris a fait na\u00eetre un \u00e9lan diplomatique et, comme le Canada et la Grande-Bretagne, d\u2019autres pays pourraient suivre en septembre.<\/p>\n<p class=\"fig-paragraph\">Apr\u00e8s la Grande-Bretagne, le Canada\u00a0: Emmanuel Macron est peut-\u00eatre en passe de gagner son pari. Dix jours apr\u00e8s avoir annonc\u00e9 que\u00a0<a href=\"http:\/\/www.lefigaro.fr\/international\/en-reconnaissant-un-etat-palestinien-la-france-tente-de-redorer-son-blason-au-moyen-orient-20250725\" target=\"_blank\" data-fig-type=\"Article\" rel=\"noopener\" data-gtm-custom-categorie=\"navigation\" data-gtm-custom-action=\"crossclick\" data-gtm-custom-label=\"Contextuel\" data-gtm-event=\"customEventSPE\" data-fig-domain=\"LEFIGARO\">la France allait reconna\u00eetre l\u2019\u00c9tat de\u00a0Palestine<\/a>\u00a0en septembre lors de l\u2019Assembl\u00e9e g\u00e9n\u00e9rale des Nations unies \u00e0 New York, la Grande-Bretagne puis le Canada paraissent d\u00e9cid\u00e9es \u00e0 le suivre. Quitte \u00e0 rendre Isra\u00ebl furieux et\u00a0<a href=\"http:\/\/www.lefigaro.fr\/conjoncture\/droits-de-douane-si-le-canada-reconnait-la-palestine-un-accord-commercial-sera-tres-difficile-previent-donald-trump-20250731\" target=\"_blank\" data-fig-type=\"NewsFlash\" rel=\"noopener\" data-gtm-custom-categorie=\"navigation\" data-gtm-custom-action=\"crossclick\" data-gtm-custom-label=\"Contextuel\" data-gtm-event=\"customEventSPE\" data-fig-domain=\"LEFIGARO\">s\u2019attirer des repr\u00e9sailles de Donald Trump<\/a>, farouchement oppos\u00e9 \u00e0 une telle reconnaissance.<\/p>\n<p class=\"fig-paragraph\">\u00ab\u00a0Le Canada a l\u2019intention de reconna\u00eetre l\u2019\u00c9tat de Palestine (\u2026.) en septembre 2025\u00a0\u00bb, a d\u00e9clar\u00e9 mercredi soir le premier ministre,\u00a0<a href=\"http:\/\/www.lefigaro.fr\/flash-actu\/le-canada-a-l-intention-de-reconnaitre-l-etat-de-palestine-en-septembre-a-l-onu-20250730\" target=\"_blank\" data-fig-type=\"NewsFlash\" rel=\"noopener\" data-gtm-custom-categorie=\"navigation\" data-gtm-custom-action=\"crossclick\" data-gtm-custom-label=\"Contextuel\" data-gtm-event=\"customEventSPE\" data-fig-domain=\"LEFIGARO\">Mark Carney<\/a>. Jusqu\u2019\u00e0 maintenant, Ottawa h\u00e9sitait, mais \u00ab\u00a0<a href=\"http:\/\/www.lefigaro.fr\/international\/on-nous-prive-de-tout-du-sommeil-de-nourriture-de-liberte-a-gaza-les-vingt-et-un-mois-de-cauchemar-des-survivants-palestiniens-20250708\" target=\"_blank\" data-fig-type=\"Article\" rel=\"noopener\" data-gtm-custom-categorie=\"navigation\" data-gtm-custom-action=\"crossclick\" data-gtm-custom-label=\"Contextuel\" data-gtm-event=\"customEventSPE\" data-fig-domain=\"LEFIGARO\">le niveau de souffrance humaine \u00e0 Gaza<\/a> \u00a0est intol\u00e9rable\u00a0\u00bb, a-t-il expliqu\u00e9. M\u00eame Donald Trump reconna\u00eet \u00ab\u00a0une vraie famine\u00a0\u00bb dans l\u2019enclave palestinienne, ravag\u00e9e par 21\u00a0mois de guerre men\u00e9e par Isra\u00ebl, apr\u00e8s l\u2019attaque terroriste du Hamas,\u00a0<a href=\"http:\/\/www.lefigaro.fr\/international\/samedi-6-heures-les-tueurs-du-hamas-deferlent-sur-sderot-le-recit-de-l-envoye-special-du-figaro-20231008\" target=\"_blank\" data-fig-type=\"Article\" rel=\"noopener\" data-gtm-custom-categorie=\"navigation\" data-gtm-custom-action=\"crossclick\" data-gtm-custom-label=\"Contextuel\" data-gtm-event=\"customEventSPE\" data-fig-domain=\"LEFIGARO\">le 7\u00a0octobre 2023<\/a>, qui co\u00fbta la vie \u00e0 plus de 1150 Isra\u00e9liens, en majorit\u00e9 des civils. En r\u00e9action \u00e0 l\u2019annonce\u2026<\/p>\n<p class=\"fig-premium-paywall__infos\">\n        Cet article est r\u00e9serv\u00e9 aux abonn\u00e9s.        Il vous reste 84% \u00e0 d\u00e9couvrir.\n    <\/p>\n<p>                <img  data- alt=\"Le Figaro\" class=\"fig-img--complete fig-img\"\/><\/p>\n<p class=\"fig-premium-paywall__title\">Vous avez envie de lire la suite ?<\/p>\n<p class=\"fig-premium-paywall__subtitle\">D\u00e9bloquez tous les articles imm\u00e9diatement.<\/p>\n<p class=\"fig-premium-paywall__connect\">\n                D\u00e9j\u00e0 abonn\u00e9\u00a0?                <a class=\"fig-premium-paywall__connect-link\" href=\"https:\/\/connect.lefigaro.fr\/login?client=horizon_web&amp;type=main&amp;redirect_uri=https%3A%2F%2Fwww.lefigaro.fr%2Finternational%2Femmanuel-macron-en-passe-de-reussir-son-pari-sur-une-reconnaissance-de-la-palestine-20250731\" data-js-gtm=\"{&quot;customCategorie&quot;: &quot;conversion&quot;, &quot;customAction&quot;: &quot;before_Landing_Connexion_paywall_auto&quot;, &quot;customLabel&quot;: &quot;bGVmaWdhcm8uZnJfXzFmMDZlMTQ0LTE0OGMtNjhhMi04YmMxLTkxNjExMTMwYzI5NF9fQXJ0aWNsZQ==_Emmanuel Macron en passe de r\u00e9ussir son pari sur une reconnaissance de la Palestine_551&quot;, &quot;customIDSPE&quot;: &quot;bGVmaWdhcm8uZnJfXzFmMDZlMTQ0LTE0OGMtNjhhMi04YmMxLTkxNjExMTMwYzI5NF9fQXJ0aWNsZQ==&quot;, &quot;event&quot;: &quot;customEventSPE&quot;}\" target=\"_blank\" rel=\"noopener\"><br \/>\n                    Connectez-vous<br \/>\n                <\/a>\n            <\/p>\n","protected":false},"excerpt":{"rendered":"D\u00c9CRYPTAGE &#8211; Paris a fait na\u00eetre un \u00e9lan diplomatique et, comme le Canada et la Grande-Bretagne, d\u2019autres pays&hellip;\n","protected":false},"author":2,"featured_media":287338,"comment_status":"","ping_status":"","sticky":false,"template":"","format":"standard","meta":{"footnotes":""},"categories":[5],"tags":[11,1073,1011,27,14,12,3518,28],"class_list":{"0":"post-287337","1":"post","2":"type-post","3":"status-publish","4":"format-standard","5":"has-post-thumbnail","7":"category-international","8":"tag-actualites","9":"tag-emmanuel-macron","10":"tag-fr","11":"tag-france","12":"tag-international","13":"tag-news","14":"tag-palestine","15":"tag-world"},"share_on_mastodon":{"url":"https:\/\/pubeurope.com\/@fr\/114949348779633822","error":""},"_links":{"self":[{"href":"https:\/\/www.europesays.com\/fr\/wp-json\/wp\/v2\/posts\/287337","targetHints":{"allow":["GET"]}}],"collection":[{"href":"https:\/\/www.europesays.com\/fr\/wp-json\/wp\/v2\/posts"}],"about":[{"href":"https:\/\/www.europesays.com\/fr\/wp-json\/wp\/v2\/types\/post"}],"author":[{"embeddable":true,"href":"https:\/\/www.europesays.com\/fr\/wp-json\/wp\/v2\/users\/2"}],"replies":[{"embeddable":true,"href":"https:\/\/www.europesays.com\/fr\/wp-json\/wp\/v2\/comments?post=287337"}],"version-history":[{"count":0,"href":"https:\/\/www.europesays.com\/fr\/wp-json\/wp\/v2\/posts\/287337\/revisions"}],"wp:featuredmedia":[{"embeddable":true,"href":"https:\/\/www.europesays.com\/fr\/wp-json\/wp\/v2\/media\/287338"}],"wp:attachment":[{"href":"https:\/\/www.europesays.com\/fr\/wp-json\/wp\/v2\/media?parent=287337"}],"wp:term":[{"taxonomy":"category","embeddable":true,"href":"https:\/\/www.europesays.com\/fr\/wp-json\/wp\/v2\/categories?post=287337"},{"taxonomy":"post_tag","embeddable":true,"href":"https:\/\/www.europesays.com\/fr\/wp-json\/wp\/v2\/tags?post=287337"}],"curies":[{"name":"wp","href":"https:\/\/api.w.org\/{rel}","templated":true}]}}