{"id":287339,"date":"2025-07-31T18:50:11","date_gmt":"2025-07-31T18:50:11","guid":{"rendered":"https:\/\/www.europesays.com\/fr\/287339\/"},"modified":"2025-07-31T18:50:11","modified_gmt":"2025-07-31T18:50:11","slug":"les-bebes-se-font-toujours-desirer-en-france-la-courbe-des-naissances-reste-en-berne","status":"publish","type":"post","link":"https:\/\/www.europesays.com\/fr\/287339\/","title":{"rendered":"Les b\u00e9b\u00e9s se font toujours d\u00e9sirer en France, la courbe des naissances reste en berne"},"content":{"rendered":"<p>Toujours <a href=\"https:\/\/www.20minutes.fr\/societe\/4069003-20240104-pourquoi-francais-font-moins-moins-bebes\" class=\"color-ultramarine c-link\" rel=\"nofollow noopener\" target=\"_blank\">moins de b\u00e9b\u00e9s<\/a> en France\u2026 Le nombre de naissances a encore recul\u00e9 au premier semestre, dans la lign\u00e9e du d\u00e9clin historique de la <a href=\"https:\/\/www.20minutes.fr\/dossier\/natalite\" class=\"color-ultramarine c-link\" rel=\"nofollow noopener\" target=\"_blank\">natalit\u00e9<\/a> enregistr\u00e9 ces derni\u00e8res ann\u00e9es, une tendance que le <a href=\"https:\/\/www.20minutes.fr\/dossier\/gouvernement\" class=\"color-ultramarine c-link\" rel=\"nofollow noopener\" target=\"_blank\">gouvernement<\/a> voudrait contrer.<\/p>\n<p>Entre janvier et juin, 317.340 b\u00e9b\u00e9s ont vu le jour en France, contre 326.401 au premier semestre\u00a02024, a indiqu\u00e9 jeudi l\u2019<a href=\"https:\/\/www.20minutes.fr\/economie\/insee\/\" class=\"color-ultramarine c-link\" rel=\"nofollow noopener\" target=\"_blank\">Institut national de la statistique<\/a> (Insee). Soit une baisse de 2,2\u00a0% du nombre quotidien de naissances moyen entre les deux p\u00e9riodes.<\/p>\n<p>Au plus bas depuis la Seconde Guerre mondiale<\/p>\n<p>Les six mois \u00e9coul\u00e9s \u00ab\u00a0confirment la tendance qu\u2019on observe depuis un moment\u00a0\u00bb, commente Didier Breton, professeur de d\u00e9mographie \u00e0 l\u2019Universit\u00e9 de Strasbourg. \u00ab\u00a0Il n\u2019y a pas de raison qu\u2019un retournement de situation se produise donc le nombre de naissances annuel s\u2019annonce plus faible qu\u2019en\u00a02024.\u00a0\u00bb<\/p>\n<\/p>\n<p>L\u2019ann\u00e9e civile 2025 devrait donc marquer un nouveau plus bas depuis la fin de la <a href=\"https:\/\/www.20minutes.fr\/dossier\/seconde_guerre_mondiale\" class=\"color-ultramarine c-link\" rel=\"nofollow noopener\" target=\"_blank\">Seconde Guerre mondiale<\/a>, pour la quatri\u00e8me ann\u00e9e cons\u00e9cutive.<\/p>\n<p>Une baisse constante depuis\u00a02011<\/p>\n<p>Depuis\u00a02011, le nombre de naissances a diminu\u00e9 chaque ann\u00e9e, \u00e0 l\u2019exception de\u00a02021, qui a connu un l\u00e9ger rebond apr\u00e8s les confinements li\u00e9s au Covid-19. En\u00a02024, 660.800 nouveau-n\u00e9s ont vu le jour, selon l\u2019estimation r\u00e9vis\u00e9e de l\u2019Insee.<\/p>\n<p>Le d\u00e9clin de la natalit\u00e9 agite la classe politique, qui s\u2019inqui\u00e8te notamment du financement futur du syst\u00e8me de protection sociale, et a conduit le pr\u00e9sident <a href=\"https:\/\/www.20minutes.fr\/politique\/emmanuel-macron\/\" class=\"color-ultramarine c-link\" rel=\"nofollow noopener\" target=\"_blank\">Emmanuel Macron<\/a> \u00e0 appeler au \u00ab\u00a0r\u00e9armement d\u00e9mographique\u00a0\u00bb du pays.<\/p>\n<p>Baisse du d\u00e9sir d\u2019enfant<\/p>\n<p>Le gouvernement dit vouloir soutenir la natalit\u00e9 en cr\u00e9ant prochainement un nouveau \u00ab\u00a0cong\u00e9 de naissance\u00a0\u00bb qui pourrait \u00eatre pris par les deux parents, avec un soutien financier plus important que l\u2019actuel cong\u00e9 parental.<\/p>\n<p>Pour Didier Breton, \u00e9galement chercheur associ\u00e9 \u00e0 l\u2019Institut national des \u00e9tudes d\u00e9mographiques (Ined), cette mesure peut \u00ab\u00a0permettre \u00e0 des projets d\u2019enfants d\u00e9j\u00e0 pr\u00e9sents de se r\u00e9aliser\u00a0\u00bb. Elle contribuerait \u00e0 \u00ab\u00a0\u00e9viter que la f\u00e9condit\u00e9 tombe \u00e0 un niveau tr\u00e8s bas\u00a0\u00bb, autour de 1,2 enfant par femme.<\/p>\n<p>Dans un avis r\u00e9cent, le Comit\u00e9 national d\u2019\u00e9thique a soulign\u00e9 qu\u2019il \u00e9tait \u00ab\u00a0imp\u00e9ratif\u00a0\u00bb pour la soci\u00e9t\u00e9 d\u2019accompagner les couples qui rencontraient des difficult\u00e9s pour concr\u00e9tiser leur projet d\u2019enfant, qu\u2019elles soient d\u2019ordre socio-\u00e9conomiques ou biologiques (probl\u00e8mes d\u2019infertilit\u00e9). Il a \u00e9galement rappel\u00e9 qu\u2019il fallait respecter la d\u00e9cision personnelle de chacun d\u2019avoir ou non des enfants, un sujet qui ne devrait pas faire l\u2019objet de \u00ab\u00a0pressions sociales ou politiques\u00a0\u00bb.<\/p>\n<p>Pas de remont\u00e9e \u00e0 court terme<\/p>\n<p>Difficult\u00e9s \u00e0 acc\u00e9der \u00e0 un emploi, \u00e9co-anxi\u00e9t\u00e9 ou encore changement d\u2019aspirations\u00a0: la baisse de la natalit\u00e9 est li\u00e9e \u00e0 divers facteurs.<\/p>\n<p>D\u00e9but juillet, une \u00e9tude de l\u2019Ined avait r\u00e9v\u00e9l\u00e9 que le d\u00e9sir d\u2019enfant a nettement recul\u00e9 en vingt ans, ce qui pr\u00e9sage d\u2019une poursuite de la baisse de la f\u00e9condit\u00e9. \u00ab\u00a0On arrive dans une nouvelle \u00e8re, o\u00f9 la f\u00e9condit\u00e9 pourrait se stabiliser ou bien encore diminuer, mais il est improbable qu\u2019elle remonte \u00e0 court terme\u00a0\u00bb, soit dans les cinq \u00e0 dix prochaines ann\u00e9es, estime aupr\u00e8s de l\u2019AFP Laurent Toulemon, co-auteur de l\u2019\u00e9tude.<\/p>\n","protected":false},"excerpt":{"rendered":"Toujours moins de b\u00e9b\u00e9s en France\u2026 Le nombre de naissances a encore recul\u00e9 au premier semestre, dans la&hellip;\n","protected":false},"author":2,"featured_media":287340,"comment_status":"","ping_status":"","sticky":false,"template":"","format":"standard","meta":{"footnotes":""},"categories":[4],"tags":[47,11,2074,6969,1011,27,198,12,2922,5140,25,104,11287],"class_list":{"0":"post-287339","1":"post","2":"type-post","3":"status-publish","4":"format-standard","5":"has-post-thumbnail","7":"category-france","8":"tag-actualite","9":"tag-actualites","10":"tag-anxiete","11":"tag-demographie","12":"tag-fr","13":"tag-france","14":"tag-naissance","15":"tag-news","16":"tag-pouvoir-dachat","17":"tag-rechauffement-climatique","18":"tag-republique-francaise","19":"tag-societe","20":"tag-taux-de-natalite"},"share_on_mastodon":{"url":"https:\/\/pubeurope.com\/@fr\/114949352552598978","error":""},"_links":{"self":[{"href":"https:\/\/www.europesays.com\/fr\/wp-json\/wp\/v2\/posts\/287339","targetHints":{"allow":["GET"]}}],"collection":[{"href":"https:\/\/www.europesays.com\/fr\/wp-json\/wp\/v2\/posts"}],"about":[{"href":"https:\/\/www.europesays.com\/fr\/wp-json\/wp\/v2\/types\/post"}],"author":[{"embeddable":true,"href":"https:\/\/www.europesays.com\/fr\/wp-json\/wp\/v2\/users\/2"}],"replies":[{"embeddable":true,"href":"https:\/\/www.europesays.com\/fr\/wp-json\/wp\/v2\/comments?post=287339"}],"version-history":[{"count":0,"href":"https:\/\/www.europesays.com\/fr\/wp-json\/wp\/v2\/posts\/287339\/revisions"}],"wp:featuredmedia":[{"embeddable":true,"href":"https:\/\/www.europesays.com\/fr\/wp-json\/wp\/v2\/media\/287340"}],"wp:attachment":[{"href":"https:\/\/www.europesays.com\/fr\/wp-json\/wp\/v2\/media?parent=287339"}],"wp:term":[{"taxonomy":"category","embeddable":true,"href":"https:\/\/www.europesays.com\/fr\/wp-json\/wp\/v2\/categories?post=287339"},{"taxonomy":"post_tag","embeddable":true,"href":"https:\/\/www.europesays.com\/fr\/wp-json\/wp\/v2\/tags?post=287339"}],"curies":[{"name":"wp","href":"https:\/\/api.w.org\/{rel}","templated":true}]}}