{"id":287343,"date":"2025-07-31T18:52:09","date_gmt":"2025-07-31T18:52:09","guid":{"rendered":"https:\/\/www.europesays.com\/fr\/287343\/"},"modified":"2025-07-31T18:52:09","modified_gmt":"2025-07-31T18:52:09","slug":"loire-renverse-par-une-conductrice-loctogenaire-a-succombe-a-ses-blessures","status":"publish","type":"post","link":"https:\/\/www.europesays.com\/fr\/287343\/","title":{"rendered":"Loire. Renvers\u00e9 par une conductrice, l&rsquo;octog\u00e9naire a succomb\u00e9 \u00e0 ses blessures"},"content":{"rendered":"<p>C\u2019est un nouveau drame qui s\u2019est jou\u00e9 au d\u00e9but du mois de juillet et qui plonge une famille dans la douleur et la peine.<\/p>\n<p>Le mercredi 2\u00a0juillet, peu apr\u00e8s 11\u00a0heures 30, un homme \u00e2g\u00e9 de 83 ans et demeurant \u00e0 La Ricamarie d\u00e9cide de traverser la route alors qu\u2019il chemine rue de la Lib\u00e9ration, \u00e0 quelques encablures du centre-ville de La Ricamarie.<\/p>\n<p>  Pris en charge par le SAMU<\/p>\n<p>Cependant, au m\u00eame moment, une conductrice a engag\u00e9 une man\u0153uvre pour tourner et n\u2019aurait pas vu l\u2019octog\u00e9naire engag\u00e9 sur la voie de circulation. Le choc est in\u00e9vitable et la collision violente. La victime tombe lourdement au sol devant de nombreux t\u00e9moins qui appellent aussit\u00f4t les services de secours.<\/p>\n<p>Rapidement sur place, les policiers municipaux ricamandois proc\u00e8dent aux premi\u00e8res constatations alors que les sapeurs-pompiers et les m\u00e9decins du SAMU parviennent \u00e0 m\u00e9dicaliser l\u2019homme sur les lieux avant de le transporter vers le centre hospitalier Nord \u00e0 Saint-Priest-en-Jarez quand son \u00e9tat de sant\u00e9 est stabilis\u00e9.<\/p>\n<p>  Il meurt \u00e0 l\u2019h\u00f4pital 2 jours plus tard<\/p>\n<p>Mais sa condition va finalement se d\u00e9grader et ce dernier succombera \u00e0 ses blessures deux jours plus tard.<\/p>\n<p>La famille ayant d\u00e9pos\u00e9 plainte, une enqu\u00eate a \u00e9t\u00e9 ouverte par les services de la police nationale pour homicide involontaire. D\u2019apr\u00e8s nos informations, les images de vid\u00e9osurveillance ont \u00e9t\u00e9 analys\u00e9es et de nombreuses personnes qui ont assist\u00e9 \u00e0 la sc\u00e8ne ont pu \u00eatre entendues. De source polici\u00e8re, l\u2019enqu\u00eate est toujours en cours et devra faire toute la lumi\u00e8re sur les circonstances pr\u00e9cises de ce drame.<\/p>\n<p>Il s\u2019agit du douzi\u00e8me mort sur les routes du d\u00e9partement de la Loire depuis le d\u00e9but de l\u2019ann\u00e9e 2025.<\/p>\n","protected":false},"excerpt":{"rendered":"C\u2019est un nouveau drame qui s\u2019est jou\u00e9 au d\u00e9but du mois de juillet et qui plonge une famille&hellip;\n","protected":false},"author":2,"featured_media":287344,"comment_status":"","ping_status":"","sticky":false,"template":"","format":"standard","meta":{"footnotes":""},"categories":[9653],"tags":[119,1111,11,2430,7539,1777,674,274,1011,27,11324,11325,3367,12,25,4001,104,2803],"class_list":{"0":"post-287343","1":"post","2":"type-post","3":"status-publish","4":"format-standard","5":"has-post-thumbnail","7":"category-saint-etienne","8":"tag-accident","9":"tag-actu","10":"tag-actualites","11":"tag-auvergne-rhone-alpes","12":"tag-edition-loire-sud","13":"tag-eu","14":"tag-europe","15":"tag-faits-divers-justice","16":"tag-fr","17":"tag-france","18":"tag-la-ricamarie","19":"tag-la-ricamarie-ville","20":"tag-loire","21":"tag-news","22":"tag-republique-francaise","23":"tag-saint-etienne","24":"tag-societe","25":"tag-transport"},"share_on_mastodon":{"url":"https:\/\/pubeurope.com\/@fr\/114949360376780637","error":""},"_links":{"self":[{"href":"https:\/\/www.europesays.com\/fr\/wp-json\/wp\/v2\/posts\/287343","targetHints":{"allow":["GET"]}}],"collection":[{"href":"https:\/\/www.europesays.com\/fr\/wp-json\/wp\/v2\/posts"}],"about":[{"href":"https:\/\/www.europesays.com\/fr\/wp-json\/wp\/v2\/types\/post"}],"author":[{"embeddable":true,"href":"https:\/\/www.europesays.com\/fr\/wp-json\/wp\/v2\/users\/2"}],"replies":[{"embeddable":true,"href":"https:\/\/www.europesays.com\/fr\/wp-json\/wp\/v2\/comments?post=287343"}],"version-history":[{"count":0,"href":"https:\/\/www.europesays.com\/fr\/wp-json\/wp\/v2\/posts\/287343\/revisions"}],"wp:featuredmedia":[{"embeddable":true,"href":"https:\/\/www.europesays.com\/fr\/wp-json\/wp\/v2\/media\/287344"}],"wp:attachment":[{"href":"https:\/\/www.europesays.com\/fr\/wp-json\/wp\/v2\/media?parent=287343"}],"wp:term":[{"taxonomy":"category","embeddable":true,"href":"https:\/\/www.europesays.com\/fr\/wp-json\/wp\/v2\/categories?post=287343"},{"taxonomy":"post_tag","embeddable":true,"href":"https:\/\/www.europesays.com\/fr\/wp-json\/wp\/v2\/tags?post=287343"}],"curies":[{"name":"wp","href":"https:\/\/api.w.org\/{rel}","templated":true}]}}