{"id":287349,"date":"2025-07-31T18:55:25","date_gmt":"2025-07-31T18:55:25","guid":{"rendered":"https:\/\/www.europesays.com\/fr\/287349\/"},"modified":"2025-07-31T18:55:25","modified_gmt":"2025-07-31T18:55:25","slug":"de-lart-cinetique-et-des-femmes-prisonnieres","status":"publish","type":"post","link":"https:\/\/www.europesays.com\/fr\/287349\/","title":{"rendered":"de l\u2019art cin\u00e9tique et des femmes prisonni\u00e8res"},"content":{"rendered":"<p>Rien que des cercles\u00a0? Beaucoup plus en fait. En dissimulant et\/ou r\u00e9v\u00e9lant ses cercles aux couleurs vives derri\u00e8re une succession de barreaux, Ari\u00e8le Rozowy finit par les mettre en mouvement. Et en profite, aussi, pour d\u00e9noncer les multiples entraves inflig\u00e9es aux femmes. <\/p>\n<p>Art sensible et engag\u00e9, bel exemple de l\u2019art cin\u00e9tique. <\/p>\n<p>Cet art, on ne peut dire qu\u2019il soit bien nouveau. Il date du d\u00e9but du XXe\u00a0si\u00e8cle mais il n\u2019a vraiment \u00e9t\u00e9 mis \u00e0 l\u2019honneur que dans les ann\u00e9es 70. Les ann\u00e9es de l\u2019enfance de l\u2019artiste\u00a0!<\/p>\n<p class=\"note\">Jusqu\u2019au 24\u00a0ao\u00fbt, du mercredi au samedi (14\u00a0h-18\u00a0h\u00a030) et dimanche (14\u00a0h-18\u00a0h). Entr\u00e9e libre.<\/p>\n","protected":false},"excerpt":{"rendered":"Rien que des cercles\u00a0? Beaucoup plus en fait. En dissimulant et\/ou r\u00e9v\u00e9lant ses cercles aux couleurs vives derri\u00e8re&hellip;\n","protected":false},"author":2,"featured_media":287350,"comment_status":"","ping_status":"","sticky":false,"template":"","format":"standard","meta":{"footnotes":""},"categories":[9635],"tags":[1111,11,1687,1704,1777,674,2271,1011,27,775,1702,1703,12,25],"class_list":{"0":"post-287349","1":"post","2":"type-post","3":"status-publish","4":"format-standard","5":"has-post-thumbnail","7":"category-nancy","8":"tag-actu","9":"tag-actualites","10":"tag-culture-loisirs","11":"tag-edition-nancy-et-agglomeration","12":"tag-eu","13":"tag-europe","14":"tag-exposition-arts-plastiques","15":"tag-fr","16":"tag-france","17":"tag-grand-est","18":"tag-nancy","19":"tag-nancy-ville-54b","20":"tag-news","21":"tag-republique-francaise"},"share_on_mastodon":{"url":"https:\/\/pubeurope.com\/@fr\/114949372230649189","error":""},"_links":{"self":[{"href":"https:\/\/www.europesays.com\/fr\/wp-json\/wp\/v2\/posts\/287349","targetHints":{"allow":["GET"]}}],"collection":[{"href":"https:\/\/www.europesays.com\/fr\/wp-json\/wp\/v2\/posts"}],"about":[{"href":"https:\/\/www.europesays.com\/fr\/wp-json\/wp\/v2\/types\/post"}],"author":[{"embeddable":true,"href":"https:\/\/www.europesays.com\/fr\/wp-json\/wp\/v2\/users\/2"}],"replies":[{"embeddable":true,"href":"https:\/\/www.europesays.com\/fr\/wp-json\/wp\/v2\/comments?post=287349"}],"version-history":[{"count":0,"href":"https:\/\/www.europesays.com\/fr\/wp-json\/wp\/v2\/posts\/287349\/revisions"}],"wp:featuredmedia":[{"embeddable":true,"href":"https:\/\/www.europesays.com\/fr\/wp-json\/wp\/v2\/media\/287350"}],"wp:attachment":[{"href":"https:\/\/www.europesays.com\/fr\/wp-json\/wp\/v2\/media?parent=287349"}],"wp:term":[{"taxonomy":"category","embeddable":true,"href":"https:\/\/www.europesays.com\/fr\/wp-json\/wp\/v2\/categories?post=287349"},{"taxonomy":"post_tag","embeddable":true,"href":"https:\/\/www.europesays.com\/fr\/wp-json\/wp\/v2\/tags?post=287349"}],"curies":[{"name":"wp","href":"https:\/\/api.w.org\/{rel}","templated":true}]}}