{"id":287351,"date":"2025-07-31T18:56:10","date_gmt":"2025-07-31T18:56:10","guid":{"rendered":"https:\/\/www.europesays.com\/fr\/287351\/"},"modified":"2025-07-31T18:56:10","modified_gmt":"2025-07-31T18:56:10","slug":"un-navire-militaire-flambant-fait-son-arrivee-dans-la-rade-de-toulon-son-nouveau-port-dattache","status":"publish","type":"post","link":"https:\/\/www.europesays.com\/fr\/287351\/","title":{"rendered":"Un navire militaire flambant fait son arriv\u00e9e dans la rade de Toulon, son nouveau port d&rsquo;attache"},"content":{"rendered":"<p>Il n\u2019y a pas que les touristes qui d\u00e9barquent dans le Var en plein \u00e9t\u00e9. Ce jeudi matin, \u00e0 8h30, un navire militaire flambant neuf a franchi la passe de la petite rade de Toulon, sous les gerbes d\u2019honneur des remorqueurs.<\/p>\n<p>Il s\u2019agit du b\u00e2timent ravitailleur de forces (BRF) Jacques Stosskopf. Un joli b\u00e9b\u00e9 de 194m\u00e8tres de long pour un d\u00e9placement de 31.000 tonnes en charge, ce qui en fait l\u2019un des plus gros navires de la Marine nationale.<\/p>\n<p>Sorti des Chantiers de l\u2019Atlantique, \u00e0 Saint-Nazaire, \u00e0 la fin du mois de juin, le Jacques Stosskopf sera d\u00e9sormais bas\u00e9 au pied du Faron, dans le plus grand port militaire d\u2019Europe.<\/p>\n<p>Baptis\u00e9 en hommage \u00e0 un h\u00e9ros de la R\u00e9sistance<\/p>\n<p>\u00c0 la diff\u00e9rence des autres coques grises du plan d\u2019eau, celle du BRF n\u2019est pas destin\u00e9e au combat naval. Ou indirectement.<\/p>\n<p>Comme son nom l\u2019indique, et m\u00eame si son syst\u00e8me d\u2019autod\u00e9fense lui permet de faire face aux \u00ab\u00a0menaces asym\u00e9triques\u00a0\u00bb, il est surtout l\u00e0 pour ravitailler les autres navires de guerre en carburant \u2013 jusqu\u2019\u00e0 13.000m3 de capacit\u00e9 d\u2019emport \u2013 ou en fret, type nourriture, munitions, m\u00e9dicaments, voire pi\u00e8ces de rechange.<\/p>\n<p>Dans un peloton cycliste, il serait un peu le porteur de bidons de l\u2019\u00e9quipe.<\/p>\n<p>Les marins pr\u00e9f\u00e8rent l\u2019image de \u00ab\u00a0cordon ombilical\u00a0\u00bb.<\/p>\n<p>Le Jacques Stosskopf rejoint \u00e0 Toulon le Jacques Chevallier, mis en service fin 2024 et premier BRF de la s\u00e9rie \u00ab\u00a0flotte logistique\u00a0\u00bb qui doit, \u00e0 terme, compter quatre unit\u00e9s d\u00e9di\u00e9es aux missions de soutien.<\/p>\n<p>Ces bateaux remplacent progressivement les anciens p\u00e9troliers-ravitailleurs, dont la Somme, bas\u00e9e \u00e0 Brest, est le dernier repr\u00e9sentant\u2026 et ultime navire \u2013 le 1444e \u2013 construit dans les chantiers navals de La Seyne-sur-Mer.<\/p>\n<p>\u00ab\u00a0Indispensables \u00e0 l\u2019autonomie strat\u00e9gique de la France, ces nouveaux b\u00e2timents offrent la capacit\u00e9 de conduire des op\u00e9rations en haute mer et de se d\u00e9ployer loin et longtemps\u00a0\u00bb, expliquent encore les autorit\u00e9s militaires, au sujet des BRF. \u00ab\u00a0C\u2019est une \u00e9tape majeure dans le renouvellement des capacit\u00e9s logistiques de la Marine\u00a0\u00bb.<\/p>\n<p>\u00c0 noter que le b\u00e2timent ravitailleur de forces a \u00e9t\u00e9 baptis\u00e9 du nom d\u2019un r\u00e9sistant d\u2019origine alsacienne, dont le r\u00f4le de sous-directeur de l\u2019arsenal de Lorient pendant la Seconde Guerre mondiale lui assurait une formidable couverture.<\/p>\n<p>Il se dit que, gr\u00e2ce \u00e0 ses renseignements, pas un sous-marin allemand ne sortait ni ne rentrait du port sans que les Alli\u00e9s n\u2019en soient avertis.<\/p>\n<p>\u00c0 la suite d\u2019une d\u00e9nonciation, Jacques Stosskopf sera arr\u00eat\u00e9 le 21 f\u00e9vrier 1944, puis assassin\u00e9 en d\u00e9portation.<\/p>\n<blockquote class=\"twitter-tweet\" data-media-max-width=\"560\">\n<p lang=\"fr\" dir=\"ltr\">Le BRF Jacques Stosskopf a rejoint son port base de Toulon.<\/p>\n<p>Deuxi\u00e8me des quatre b\u00e2timents ravitailleurs de forces de nouvelle g\u00e9n\u00e9ration pr\u00e9vus en loi de programmation militaire, construits par les Chantiers de l&rsquo;Atlantique et <a href=\"https:\/\/twitter.com\/navalgroup?ref_src=twsrc%5Etfw\" rel=\"nofollow noopener\" target=\"_blank\">@NavalGroup<\/a> \u00e0 Saint-Nazaire.<\/p>\n<p>Maillon logistique\u2026 <a href=\"https:\/\/t.co\/A0221Vl8eG\" rel=\"nofollow\">pic.twitter.com\/A0221Vl8eG<\/a><\/p>\n<p>\u2014 S\u00e9bastien Lecornu (@SebLecornu) <a href=\"https:\/\/twitter.com\/SebLecornu\/status\/1950924336350789911?ref_src=twsrc%5Etfw\" rel=\"nofollow noopener\" target=\"_blank\">July 31, 2025<\/a><\/p><\/blockquote>\n<p><script async src=\"https:\/\/platform.twitter.com\/widgets.js\" charset=\"utf-8\"><\/script><\/p>\n","protected":false},"excerpt":{"rendered":"Il n\u2019y a pas que les touristes qui d\u00e9barquent dans le Var en plein \u00e9t\u00e9. Ce jeudi matin,&hellip;\n","protected":false},"author":2,"featured_media":287352,"comment_status":"","ping_status":"","sticky":false,"template":"","format":"standard","meta":{"footnotes":""},"categories":[9619],"tags":[1111,11,554,1777,674,1011,27,12,882,25,2310],"class_list":{"0":"post-287351","1":"post","2":"type-post","3":"status-publish","4":"format-standard","5":"has-post-thumbnail","7":"category-toulon","8":"tag-actu","9":"tag-actualites","10":"tag-defense","11":"tag-eu","12":"tag-europe","13":"tag-fr","14":"tag-france","15":"tag-news","16":"tag-provence-alpes-cote-dazur","17":"tag-republique-francaise","18":"tag-toulon"},"share_on_mastodon":{"url":"https:\/\/pubeurope.com\/@fr\/114949376094073749","error":""},"_links":{"self":[{"href":"https:\/\/www.europesays.com\/fr\/wp-json\/wp\/v2\/posts\/287351","targetHints":{"allow":["GET"]}}],"collection":[{"href":"https:\/\/www.europesays.com\/fr\/wp-json\/wp\/v2\/posts"}],"about":[{"href":"https:\/\/www.europesays.com\/fr\/wp-json\/wp\/v2\/types\/post"}],"author":[{"embeddable":true,"href":"https:\/\/www.europesays.com\/fr\/wp-json\/wp\/v2\/users\/2"}],"replies":[{"embeddable":true,"href":"https:\/\/www.europesays.com\/fr\/wp-json\/wp\/v2\/comments?post=287351"}],"version-history":[{"count":0,"href":"https:\/\/www.europesays.com\/fr\/wp-json\/wp\/v2\/posts\/287351\/revisions"}],"wp:featuredmedia":[{"embeddable":true,"href":"https:\/\/www.europesays.com\/fr\/wp-json\/wp\/v2\/media\/287352"}],"wp:attachment":[{"href":"https:\/\/www.europesays.com\/fr\/wp-json\/wp\/v2\/media?parent=287351"}],"wp:term":[{"taxonomy":"category","embeddable":true,"href":"https:\/\/www.europesays.com\/fr\/wp-json\/wp\/v2\/categories?post=287351"},{"taxonomy":"post_tag","embeddable":true,"href":"https:\/\/www.europesays.com\/fr\/wp-json\/wp\/v2\/tags?post=287351"}],"curies":[{"name":"wp","href":"https:\/\/api.w.org\/{rel}","templated":true}]}}