{"id":287355,"date":"2025-07-31T19:00:23","date_gmt":"2025-07-31T19:00:23","guid":{"rendered":"https:\/\/www.europesays.com\/fr\/287355\/"},"modified":"2025-07-31T19:00:23","modified_gmt":"2025-07-31T19:00:23","slug":"un-elu-porte-plainte-apres-leuthanasie-de-200-chauves-souris-au-zoo-de-montpellier-2","status":"publish","type":"post","link":"https:\/\/www.europesays.com\/fr\/287355\/","title":{"rendered":"Un \u00e9lu porte plainte apr\u00e8s l\u2019euthanasie de 200 chauves-souris au zoo de Montpellier"},"content":{"rendered":"<p>C\u2019est un scandale que d\u00e9nonce un \u00e9lu du parti animaliste. Eddine Ariztegui, \u00e9lu au conseil municipal et d\u00e9l\u00e9gu\u00e9 au bien-\u00eatre animal, a saisi ce lundi 28\u00a0juillet le tribunal administratif de Montpellier apr\u00e8s l\u2019euthanasie de 200<a href=\"https:\/\/www.laprovence.com\/article\/societe\/26039307236009\/les-chauves-souris-alliees-naturelles-des-vignerons-a-de-la-vallee-du-rhone\" target=\"_blank\" rel=\"noopener\"> chauves-souris<\/a> du zoo de la ville en f\u00e9vrier, faute d\u2019autre site pour les accueillir.<\/p>\n<p>Le tribunal administratif n\u2019a pas encore pr\u00e9cis\u00e9 \u00e0 quelle date il pourrait \u00e9tudier ce dossier.\u00a0La justice doit \u00ab\u00a0confirmer que cette euthanasie \u00e9tait irr\u00e9guli\u00e8re, pour que \u00e7a ne se reproduise pas sur d\u2019autres animaux\u00a0\u00bb, plaide l\u2019\u00e9lu aupr\u00e8s de l\u2019AFP.<\/p>\n<p>Plusieurs solutions envisag\u00e9es pour reloger les chauves-souris<\/p>\n<p>Ces chiropt\u00e8res \u00e9taient sans domicile fixe depuis\u00a02021 au zoo de <a href=\"https:\/\/www.laprovence.com\/article\/economie\/33526066123927\/transports-gratuits-a-montpellier-le-choix-de-l-ecologie-populaire-revendique-le-maire-michael-delafosse\" target=\"_blank\" rel=\"noopener\">Montpellier<\/a>. Leur avenir \u00e9tait \u00e0 l\u2019\u00e9tude depuis de nombreux mois apr\u00e8s leur expulsion de la serre amazonienne de l\u2019\u00e9tablissement, ferm\u00e9e apr\u00e8s un rapport de la Direction d\u00e9partementale de protection des populations (DDPP) d\u00e9non\u00e7ant les conditions de vie des animaux et d\u2019accueil du public.<\/p>\n<p>\u00ab\u00a0La direction du zoo s\u2019est imm\u00e9diatement charg\u00e9e de trouver des parcs animaliers, en France et en Europe, \u00e0 m\u00eame d\u2019accueillir les animaux\u00a0de la serre, dont la population des chauves-souris\u00a0\u00bb, expliquent les services de la mairie. Une r\u00e9introduction en Guyane avait ainsi \u00e9t\u00e9 envisag\u00e9e.<\/p>\n<p>Eddine Ariztegui avait lui-m\u00eame particip\u00e9 \u00e0 ces recherches en contactant \u00ab\u00a0pr\u00e8s de 1\u00a0000 institutions \u00e0 travers le monde\u00a0\u00bb, pr\u00e9cise-t-il. Quant \u00e0 l\u2019id\u00e9e de leur construire un enclos, c\u2019\u00e9tait \u00ab\u00a0200\u00a0000\u00a0euros, une goutte d\u2019eau dans le budget de la Ville\u00a0\u00bb, mais cette solution \u00ab\u00a0n\u2019a jamais \u00e9t\u00e9 valid\u00e9e\u00a0\u00bb, regrette l\u2019\u00e9lu.<\/p>\n<p>La ville a choisi l\u2019euthanasie<\/p>\n<p>\u00ab\u00a0Faute de solution alternative ad\u00e9quate\u00a0\u00bb, et alors que les 200 chauves-souris \u00e9taient en quarantaine dans des installations \u00ab\u00a0n\u2019offrant plus les conditions de bien-\u00eatre garantissant leur bonne sant\u00e9 et survie\u00a0\u00bb, la ville, mise en demeure par la Direction d\u00e9partementale de la protection des populations (DDPP), avait finalement opt\u00e9 pour l\u2019euthanasie.<\/p>\n<p>Celle-ci a \u00e9t\u00e9 pratiqu\u00e9e le 19\u00a0f\u00e9vrier par les v\u00e9t\u00e9rinaires du zoo \u00ab\u00a0apr\u00e8s la diffusion d\u2019un anesth\u00e9siant provoquant un endormissement profond\u00a0\u00bb, un protocole ayant permis d\u2019\u00e9viter aux animaux \u00ab\u00a0de la douleur ou du stress\u00a0\u00bb, pr\u00e9cise la mairie. Le Parti animaliste a appel\u00e9, dans un communiqu\u00e9 mardi, \u00ab\u00a0les l\u00e9gislateurs \u00e0 voter une loi pour interdire\u00a0\u00bb\u00a0l\u2019abattage r\u00e9guli\u00e8rement pratiqu\u00e9\u00a0dans les zoos, \u00ab\u00a0qui mettent \u00e0 mort des animaux sans motif m\u00e9dical\u00a0\u00bb.<\/p>\n<p>Ces chauves-souris, de type Carollia perspicillata, n\u2019appartenaient pas \u00e0 une esp\u00e8ce menac\u00e9e, selon l\u2019Union internationale pour la conservation de la nature (UICN), qui les avait temporairement class\u00e9es parmi les esp\u00e8ces \u00e0 \u00ab\u00a0pr\u00e9occupation mineure\u00a0\u00bb en\u00a02017.<\/p>\n","protected":false},"excerpt":{"rendered":"C\u2019est un scandale que d\u00e9nonce un \u00e9lu du parti animaliste. Eddine Ariztegui, \u00e9lu au conseil municipal et d\u00e9l\u00e9gu\u00e9&hellip;\n","protected":false},"author":2,"featured_media":287356,"comment_status":"","ping_status":"","sticky":false,"template":"","format":"standard","meta":{"footnotes":""},"categories":[9599],"tags":[10546,17,1111,11,150,29432,14192,436,1777,674,1011,27,42600,2208,12,2680,2634,5396,25],"class_list":{"0":"post-287355","1":"post","2":"type-post","3":"status-publish","4":"format-standard","5":"has-post-thumbnail","7":"category-montpellier","8":"tag-10546","9":"tag-17","10":"tag-actu","11":"tag-actualites","12":"tag-apres","13":"tag-chauves-souris","14":"tag-elu","15":"tag-environnement","16":"tag-eu","17":"tag-europe","18":"tag-fr","19":"tag-france","20":"tag-leuthanasie","21":"tag-montpellier","22":"tag-news","23":"tag-occitanie","24":"tag-plainte","25":"tag-porte","26":"tag-republique-francaise"},"share_on_mastodon":{"url":"https:\/\/pubeurope.com\/@fr\/114949391997706171","error":""},"_links":{"self":[{"href":"https:\/\/www.europesays.com\/fr\/wp-json\/wp\/v2\/posts\/287355","targetHints":{"allow":["GET"]}}],"collection":[{"href":"https:\/\/www.europesays.com\/fr\/wp-json\/wp\/v2\/posts"}],"about":[{"href":"https:\/\/www.europesays.com\/fr\/wp-json\/wp\/v2\/types\/post"}],"author":[{"embeddable":true,"href":"https:\/\/www.europesays.com\/fr\/wp-json\/wp\/v2\/users\/2"}],"replies":[{"embeddable":true,"href":"https:\/\/www.europesays.com\/fr\/wp-json\/wp\/v2\/comments?post=287355"}],"version-history":[{"count":0,"href":"https:\/\/www.europesays.com\/fr\/wp-json\/wp\/v2\/posts\/287355\/revisions"}],"wp:featuredmedia":[{"embeddable":true,"href":"https:\/\/www.europesays.com\/fr\/wp-json\/wp\/v2\/media\/287356"}],"wp:attachment":[{"href":"https:\/\/www.europesays.com\/fr\/wp-json\/wp\/v2\/media?parent=287355"}],"wp:term":[{"taxonomy":"category","embeddable":true,"href":"https:\/\/www.europesays.com\/fr\/wp-json\/wp\/v2\/categories?post=287355"},{"taxonomy":"post_tag","embeddable":true,"href":"https:\/\/www.europesays.com\/fr\/wp-json\/wp\/v2\/tags?post=287355"}],"curies":[{"name":"wp","href":"https:\/\/api.w.org\/{rel}","templated":true}]}}