{"id":287357,"date":"2025-07-31T19:01:10","date_gmt":"2025-07-31T19:01:10","guid":{"rendered":"https:\/\/www.europesays.com\/fr\/287357\/"},"modified":"2025-07-31T19:01:10","modified_gmt":"2025-07-31T19:01:10","slug":"star-aux-etats-unis-et-compagne-dun-celebre-chanteur-elle-a-passe-ses-vacances-a-rouen","status":"publish","type":"post","link":"https:\/\/www.europesays.com\/fr\/287357\/","title":{"rendered":"Star aux \u00c9tats-Unis et compagne d&rsquo;un c\u00e9l\u00e8bre chanteur, elle a pass\u00e9 ses vacances \u00e0 Rouen"},"content":{"rendered":"<p>            Par<br \/>\n        <strong><br \/>\n            <a href=\"https:\/\/actu.fr\/auteur\/julien-bouteiller\" title=\"Consulter tous les articles de Julien Bouteiller\" target=\"_blank\" rel=\"noopener\">Julien Bouteiller<\/a><br \/>\n        <\/strong><\/p>\n<p>        Publi\u00e9 le<\/p>\n<p>            31 juil. 2025 \u00e0 19h48        <\/p>\n<p>Instant people\u2026 Et si <a href=\"https:\/\/actu.fr\/normandie\/rouen_76540\" target=\"_blank\" rel=\"noopener\">Rouen<\/a> devenait une destination privil\u00e9gi\u00e9e des stars internationales ? On n\u2019en est peut-\u00eatre encore loin, toujours est-il<strong> qu\u2019une c\u00e9l\u00e8bre chanteuse et actrice am\u00e9ricaine est venue passer quelques jours dans la capitale normande<\/strong>, fin juillet 2025.<\/p>\n<p>Une star internationale \u00e0 Rouen<\/p>\n<p class=\" wall-content\"><strong>Il s\u2019agit de Christina Milian<\/strong>. Sur Instagram, elle a publi\u00e9 le 30 juillet des photos de son r\u00e9cent s\u00e9jour \u00e0 Rouen.<\/p>\n<p class=\" wall-content\">On y reconna\u00eet l\u2019\u00e9glise Saint-Maclou, la cath\u00e9drale, le carrousel et la place du Vieux March\u00e9 et aussi quelques photos de son compagnon que l\u2019on conna\u00eet bien en France, <strong>M.Pokora<\/strong>. On sait \u00e9galement qu\u2019elle a test\u00e9 le restaurant La Couronne, r\u00e9put\u00e9e plus vieille auberge de France.<\/p>\n<p class=\" wall-content\"><a href=\"https:\/\/www.instagram.com\/p\/DMvax_ZN7Jw\/embed\" title=\"Ouvrir le lien sur Instagram\" target=\"_blank\" rel=\"noopener\">Visualiser le contenu sur Instagram<\/a><\/p>\n<p>    <a href=\"https:\/\/www.facebook.com\/plugins\/post.php?href=https%3A%2F%2Fwww.facebook.com%2Flacouronnerouen%2Fposts%2Fpfbid0LAGmfR1H3ScTJQYxH8anQyQ1JAF9d4ebrthVsNcnvsGaBsvuaxymzdp58zhiHzsUl&amp;show_text=true&amp;width=350\" title=\"Ouvrie le lien\" target=\"_blank\" rel=\"noopener\">Cliquez ici pour visualiser le contenu<\/a><\/p>\n<p>Qui est Christina Milian ?<\/p>\n<p class=\" wall-content\">Son nom ne vous dit peut-\u00eatre rien mais Christina Milian a connu son heure de gloire au d\u00e9but des ann\u00e9es 2000 avec ses tubes AM to PM\u00a0et When you look at me. Souvenez-vous\u2026<\/p>\n<p class=\" wall-content\">\n<p class=\" wall-content\">Apr\u00e8s des albums couronn\u00e9s de succ\u00e8s, elle collabore avec d\u2019autres artistes. Elle a notamment co-\u00e9crit le premier tube de Justin Bieber,\u00a0Baby.<\/p>\n<p class=\" wall-content\">Elle m\u00e8ne parall\u00e8lement une carri\u00e8re d\u2019actrice. Son dernier r\u00f4le en date, celui de Maria La Guerta<strong> dans le prequel de la s\u00e9rie\u00a0Dexter.\u00a0<\/strong><\/p>\n<p class=\" wall-content\">Depuis 2017, elle est en couple avec M.Pokora. Ils sont aujourd\u2019hui parents de deux enfants et sont install\u00e9s depuis deux ans \u00e0 Paris. De quoi faciliter des visites en Normandie, <strong>\u00e0 Deauville l\u2019an dernier<\/strong>, et cet \u00e9t\u00e9 donc \u00e0 Rouen.<\/p>\n<p>Suivez l\u2019actualit\u00e9 de Rouen <a href=\"https:\/\/www.whatsapp.com\/channel\/0029VaKfnf99hXF2ddApFB1D\" target=\"_blank\" rel=\"noopener\">sur notre cha\u00eene WhatsApp<\/a> et <a href=\"https:\/\/www.tiktok.com\/@76actu.fr?lang=fr\" target=\"_blank\" rel=\"noopener\">sur notre compte TikTok<\/a><\/p>\n<p class=\" wall-content\">Suivez toute l\u2019actualit\u00e9 de vos villes et m\u00e9dias favoris en vous inscrivant \u00e0 <a href=\"https:\/\/moncompte.actu.fr\" title=\"D\u00e9couvez Mon Actu\" rel=\"nofollow noopener\" data-trk=\"{&quot;cta&quot;:{&quot;action&quot;:&quot;https:\\\/\\\/moncompte.actu.fr&quot;,&quot;category&quot;:&quot;mon compte&quot;,&quot;from&quot;:&quot;article footer&quot;,&quot;name&quot;:&quot;Mon actu&quot;,&quot;type&quot;:&quot;cta&quot;}}\" target=\"_blank\">Mon Actu<\/a>.<\/p>\n<p>                    <script async src=\"\/\/www.instagram.com\/embed.js\"><\/script><script async src=\"\/\/www.tiktok.com\/embed.js\"><\/script><\/p>\n","protected":false},"excerpt":{"rendered":"Par Julien Bouteiller Publi\u00e9 le 31 juil. 2025 \u00e0 19h48 Instant people\u2026 Et si Rouen devenait une destination&hellip;\n","protected":false},"author":2,"featured_media":287358,"comment_status":"","ping_status":"","sticky":false,"template":"","format":"standard","meta":{"footnotes":""},"categories":[9587],"tags":[1111,11,1777,674,1011,27,1757,2886,12,5161,973,25,9590],"class_list":{"0":"post-287357","1":"post","2":"type-post","3":"status-publish","4":"format-standard","5":"has-post-thumbnail","7":"category-rouen","8":"tag-actu","9":"tag-actualites","10":"tag-eu","11":"tag-europe","12":"tag-fr","13":"tag-france","14":"tag-insolite","15":"tag-matt-pokora","16":"tag-news","17":"tag-normandie","18":"tag-people","19":"tag-republique-francaise","20":"tag-rouen"},"share_on_mastodon":{"url":"https:\/\/pubeurope.com\/@fr\/114949395781523106","error":""},"_links":{"self":[{"href":"https:\/\/www.europesays.com\/fr\/wp-json\/wp\/v2\/posts\/287357","targetHints":{"allow":["GET"]}}],"collection":[{"href":"https:\/\/www.europesays.com\/fr\/wp-json\/wp\/v2\/posts"}],"about":[{"href":"https:\/\/www.europesays.com\/fr\/wp-json\/wp\/v2\/types\/post"}],"author":[{"embeddable":true,"href":"https:\/\/www.europesays.com\/fr\/wp-json\/wp\/v2\/users\/2"}],"replies":[{"embeddable":true,"href":"https:\/\/www.europesays.com\/fr\/wp-json\/wp\/v2\/comments?post=287357"}],"version-history":[{"count":0,"href":"https:\/\/www.europesays.com\/fr\/wp-json\/wp\/v2\/posts\/287357\/revisions"}],"wp:featuredmedia":[{"embeddable":true,"href":"https:\/\/www.europesays.com\/fr\/wp-json\/wp\/v2\/media\/287358"}],"wp:attachment":[{"href":"https:\/\/www.europesays.com\/fr\/wp-json\/wp\/v2\/media?parent=287357"}],"wp:term":[{"taxonomy":"category","embeddable":true,"href":"https:\/\/www.europesays.com\/fr\/wp-json\/wp\/v2\/categories?post=287357"},{"taxonomy":"post_tag","embeddable":true,"href":"https:\/\/www.europesays.com\/fr\/wp-json\/wp\/v2\/tags?post=287357"}],"curies":[{"name":"wp","href":"https:\/\/api.w.org\/{rel}","templated":true}]}}