{"id":287365,"date":"2025-07-31T19:09:11","date_gmt":"2025-07-31T19:09:11","guid":{"rendered":"https:\/\/www.europesays.com\/fr\/287365\/"},"modified":"2025-07-31T19:09:11","modified_gmt":"2025-07-31T19:09:11","slug":"kehl-lenfant-de-dix-ans-voyageait-seule-la-police-la-prend-en-charge","status":"publish","type":"post","link":"https:\/\/www.europesays.com\/fr\/287365\/","title":{"rendered":"Kehl. L\u2019enfant de dix ans voyageait seule, la police la prend en charge"},"content":{"rendered":"<p>Les policiers f\u00e9d\u00e9raux allemands ont proc\u00e9d\u00e9 \u00e0 des contr\u00f4les dans un train longue distance effectuant un trajet entre Paris et Stuttgart via Fribourg-en-Brisgau. Les policiers avaient \u00e9t\u00e9 alert\u00e9s par un agent de bord de la pr\u00e9sence dans le train d\u2019une enfant de dix ans voyageant seule. \u00c0 hauteur de la gare de Kehl, gare frontali\u00e8re, ils ont vu cette enfant et l\u2019ont fait descendre du train.<\/p>\n<p>Il s\u2019est av\u00e9r\u00e9 que l\u2019enfant, qui devait se rendre en TGV \u00e0 Metz chez ses grands-parents, avait \u00e9t\u00e9 plac\u00e9 dans le mauvais train par son p\u00e8re. La fillette voyageait non accompagn\u00e9e vers Stuttgart.<\/p>\n<p>Son p\u00e8re a \u00e9t\u00e9 contact\u00e9 par les policiers et la fillette a \u00e9t\u00e9 emmen\u00e9e au commissariat de Kehl, o\u00f9 son oncle, qui vit \u00e0 Strasbourg, est venu la r\u00e9cup\u00e9rer.<\/p>\n","protected":false},"excerpt":{"rendered":"Les policiers f\u00e9d\u00e9raux allemands ont proc\u00e9d\u00e9 \u00e0 des contr\u00f4les dans un train longue distance effectuant un trajet entre&hellip;\n","protected":false},"author":2,"featured_media":287366,"comment_status":"","ping_status":"","sticky":false,"template":"","format":"standard","meta":{"footnotes":""},"categories":[2820],"tags":[1111,11,672,2389,1777,674,274,107,1011,27,329,775,12,25,1806,640],"class_list":{"0":"post-287365","1":"post","2":"type-post","3":"status-publish","4":"format-standard","5":"has-post-thumbnail","7":"category-strasbourg","8":"tag-actu","9":"tag-actualites","10":"tag-allemagne","11":"tag-alsace","12":"tag-eu","13":"tag-europe","14":"tag-faits-divers-justice","15":"tag-fil-info","16":"tag-fr","17":"tag-france","18":"tag-france-monde","19":"tag-grand-est","20":"tag-news","21":"tag-republique-francaise","22":"tag-rheinblick","23":"tag-strasbourg"},"share_on_mastodon":{"url":"https:\/\/pubeurope.com\/@fr\/114949427287142449","error":""},"_links":{"self":[{"href":"https:\/\/www.europesays.com\/fr\/wp-json\/wp\/v2\/posts\/287365","targetHints":{"allow":["GET"]}}],"collection":[{"href":"https:\/\/www.europesays.com\/fr\/wp-json\/wp\/v2\/posts"}],"about":[{"href":"https:\/\/www.europesays.com\/fr\/wp-json\/wp\/v2\/types\/post"}],"author":[{"embeddable":true,"href":"https:\/\/www.europesays.com\/fr\/wp-json\/wp\/v2\/users\/2"}],"replies":[{"embeddable":true,"href":"https:\/\/www.europesays.com\/fr\/wp-json\/wp\/v2\/comments?post=287365"}],"version-history":[{"count":0,"href":"https:\/\/www.europesays.com\/fr\/wp-json\/wp\/v2\/posts\/287365\/revisions"}],"wp:featuredmedia":[{"embeddable":true,"href":"https:\/\/www.europesays.com\/fr\/wp-json\/wp\/v2\/media\/287366"}],"wp:attachment":[{"href":"https:\/\/www.europesays.com\/fr\/wp-json\/wp\/v2\/media?parent=287365"}],"wp:term":[{"taxonomy":"category","embeddable":true,"href":"https:\/\/www.europesays.com\/fr\/wp-json\/wp\/v2\/categories?post=287365"},{"taxonomy":"post_tag","embeddable":true,"href":"https:\/\/www.europesays.com\/fr\/wp-json\/wp\/v2\/tags?post=287365"}],"curies":[{"name":"wp","href":"https:\/\/api.w.org\/{rel}","templated":true}]}}