{"id":287374,"date":"2025-07-31T19:14:21","date_gmt":"2025-07-31T19:14:21","guid":{"rendered":"https:\/\/www.europesays.com\/fr\/287374\/"},"modified":"2025-07-31T19:14:21","modified_gmt":"2025-07-31T19:14:21","slug":"le-pont-de-chevire-a-nantes-ouvre-ce-vendredi-1er-aout-comme-prevu","status":"publish","type":"post","link":"https:\/\/www.europesays.com\/fr\/287374\/","title":{"rendered":"Le pont de Chevir\u00e9 \u00e0 Nantes ouvre ce vendredi 1er ao\u00fbt comme pr\u00e9vu"},"content":{"rendered":"<p>De nombreux automobilistes vont pouvoir \u00eatre soulag\u00e9s\u00a0: le pont de Chevir\u00e9 rouvrira bien \u00e0 la circulation ce vendredi 1er\u00a0ao\u00fbt 2025 \u00e0 l\u2019heure du d\u00e9jeuner.<\/p>\n<p>Depuis le d\u00e9but de cette semaine, \u00e0 cause des travaux entrepris sur le pont, la circulation dans la m\u00e9tropole nantaise \u00e9tait devenue compliqu\u00e9e avec <a href=\"https:\/\/nantes.maville.com\/actu\/actudet_-fermeture-du-pont-de-chevire-des-temps-de-trajets-qui-sont-doubles-voire-triples-_52716-6918495_actu.Htm\" target=\"_self\" rel=\"noopener\">des temps de trajets doubl\u00e9s voire tripl\u00e9s<\/a>. Un chantier titanesque qui va permettre aux usagers de pouvoir le r\u00e9emprunter en toute s\u00e9curit\u00e9 et s\u00e9r\u00e9nit\u00e9. \u00a0 <a href=\"https:\/\/www.ouest-france.fr\/economie\/transports\/routes\/video-fermeture-du-pont-de-chevire-au-coeur-des-travaux-consequents-d7e75e8d-dbec-32a8-bac4-57b2f65a84c6\" target=\"_self\" rel=\"noopener\"> Nous changeons l\u2019\u00e9tanch\u00e9it\u00e9 du tablier ainsi que les joints de dilatations aux extr\u00e9mit\u00e9s\u00a0,<\/a> expliquait Brice Macouin, chef de projet pour la Direction interd\u00e9partementale des routes Ouest (Diro), en charge des travaux.<\/p>\n<p>\u00ab\u00a0On a bien avanc\u00e9 mais il reste encore du travail\u00a0\u00bb<\/p>\n<p>Aujourd\u2019hui, alors que l\u2019\u00e9tape charni\u00e8re de mercredi est pass\u00e9e, le responsable est plus serein\u00a0: \u00a0Tout est OK, la m\u00e9t\u00e9o a \u00e9t\u00e9 avec nous ,ce qui nous a permis de r\u00e9aliser l\u2019ensemble de nos op\u00e9rations\u00a0. Toutefois, il reste quelques heures avant l\u2019ouverture et tout n\u2019est pas termin\u00e9.<a href=\"https:\/\/nantes.maville.com\/actu\/actudet_-pont-de-chevire-la-fermeture-est-effective-les-travaux-sont-lances-_8-6916355_actu.Htm\" target=\"_self\" rel=\"noopener\">\u00a0\u00a0On a bien avanc\u00e9 mais il reste encore du travail\u00a0,<\/a> glisse Brice Macouin d\u2019un air press\u00e9. Il ajoute\u00a0: \u00a0On est tr\u00e8s fier du travail r\u00e9alis\u00e9, les nuits ont \u00e9t\u00e9 courtes mais le r\u00e9sultat est l\u00e0\u00a0.<\/p>\n<p>?? Comme pr\u00e9vu,\u00a0le pont de Chevir\u00e9 rouvrira \u00e0 12\u00a0heures dans le sens ext\u00e9rieur et 13\u00a0heures dans le sens int\u00e9rieur.<\/p>\n<p>\u00a0<\/p>\n","protected":false},"excerpt":{"rendered":"De nombreux automobilistes vont pouvoir \u00eatre soulag\u00e9s\u00a0: le pont de Chevir\u00e9 rouvrira bien \u00e0 la circulation ce vendredi&hellip;\n","protected":false},"author":2,"featured_media":287375,"comment_status":"","ping_status":"","sticky":false,"template":"","format":"standard","meta":{"footnotes":""},"categories":[2818],"tags":[1111,11,2863,40092,1777,674,1011,27,766,12,10102,2636,5604,9622,25,6949],"class_list":{"0":"post-287374","1":"post","2":"type-post","3":"status-publish","4":"format-standard","5":"has-post-thumbnail","7":"category-nantes","8":"tag-actu","9":"tag-actualites","10":"tag-aout","11":"tag-chevire","12":"tag-eu","13":"tag-europe","14":"tag-fr","15":"tag-france","16":"tag-nantes","17":"tag-news","18":"tag-ouvre","19":"tag-pays-de-la-loire","20":"tag-pont","21":"tag-prevu","22":"tag-republique-francaise","23":"tag-vendredi"},"share_on_mastodon":{"url":"https:\/\/pubeurope.com\/@fr\/114949447153382870","error":""},"_links":{"self":[{"href":"https:\/\/www.europesays.com\/fr\/wp-json\/wp\/v2\/posts\/287374","targetHints":{"allow":["GET"]}}],"collection":[{"href":"https:\/\/www.europesays.com\/fr\/wp-json\/wp\/v2\/posts"}],"about":[{"href":"https:\/\/www.europesays.com\/fr\/wp-json\/wp\/v2\/types\/post"}],"author":[{"embeddable":true,"href":"https:\/\/www.europesays.com\/fr\/wp-json\/wp\/v2\/users\/2"}],"replies":[{"embeddable":true,"href":"https:\/\/www.europesays.com\/fr\/wp-json\/wp\/v2\/comments?post=287374"}],"version-history":[{"count":0,"href":"https:\/\/www.europesays.com\/fr\/wp-json\/wp\/v2\/posts\/287374\/revisions"}],"wp:featuredmedia":[{"embeddable":true,"href":"https:\/\/www.europesays.com\/fr\/wp-json\/wp\/v2\/media\/287375"}],"wp:attachment":[{"href":"https:\/\/www.europesays.com\/fr\/wp-json\/wp\/v2\/media?parent=287374"}],"wp:term":[{"taxonomy":"category","embeddable":true,"href":"https:\/\/www.europesays.com\/fr\/wp-json\/wp\/v2\/categories?post=287374"},{"taxonomy":"post_tag","embeddable":true,"href":"https:\/\/www.europesays.com\/fr\/wp-json\/wp\/v2\/tags?post=287374"}],"curies":[{"name":"wp","href":"https:\/\/api.w.org\/{rel}","templated":true}]}}