{"id":287376,"date":"2025-07-31T19:15:24","date_gmt":"2025-07-31T19:15:24","guid":{"rendered":"https:\/\/www.europesays.com\/fr\/287376\/"},"modified":"2025-07-31T19:15:24","modified_gmt":"2025-07-31T19:15:24","slug":"aller-surfer-sans-voiture-pres-de-bordeaux","status":"publish","type":"post","link":"https:\/\/www.europesays.com\/fr\/287376\/","title":{"rendered":"Aller surfer sans voiture pr\u00e8s de Bordeaux"},"content":{"rendered":"<p>unairdebordeaux.fr &#8211; Explorez les paysages de la<br \/>\n                    m\u00e9tropole bordelaise &amp; profitez de son dynamisme<br \/>\n                    culturel. Activit\u00e9s, loisirs, balades, lieux<br \/>\n                    atypiques et bons plans\u2026 Faites le plein d\u2019id\u00e9es !\n                <\/p>\n<p>                                                    <img decoding=\"async\" fetchpriority=\"high\" src=\"https:\/\/www.europesays.com\/fr\/wp-content\/uploads\/2025\/07\/surfer-sans-voiture-bordeaux-lacanau.jpg\" alt=\"5 lieux o\u00f9 aller surfer sans voiture pr\u00e8s de Bordeaux\"\/><\/p>\n<p>\t\t 3<br \/>\n\t\t min de<br \/>\n                                lecture<\/p>\n<p class=\"ai-optimize-6 ai-optimize-introduction\">Quand on vit \u00e0 1 h de l\u2019oc\u00e9an en voiture, passer une journ\u00e9e \u00e0 glisser sur les vagues est tentant. Oui, mais comment on fait quand on n\u2019a pas de v\u00e9hicule\u202f? Heureusement, plusieurs spots sont accessibles en train, car r\u00e9gional ou covoiturage. Voici des id\u00e9es pour aller surfer sans voiture pr\u00e8s de Bordeaux.<\/p>\n<p>                                                                            <a href=\"https:\/\/www.unairdebordeaux.fr\/redacteurs\/pierre-le-reporter\/\" target=\"_blank\" rel=\"noopener\"><br \/>\n                                            <img width=\"400\" height=\"400\" src=\"https:\/\/www.europesays.com\/fr\/wp-content\/uploads\/2025\/07\/PierreZ-94-400x400.jpg\" class=\"attachment-carre-400 size-carre-400\" alt=\"Pierre-Zenker-un-air-de-bordeaux\" decoding=\"async\" fetchpriority=\"high\"  \/>                                        <\/a><\/p>\n<p>\n                                    par <a href=\"https:\/\/www.unairdebordeaux.fr\/redacteurs\/pierre-le-reporter\/\" target=\"_blank\" rel=\"noopener\"><\/p>\n<p>                                            Pierre                                        <\/p>\n<p>                                            Zenker                                        <\/p>\n<p>                                    <\/a><\/p>\n<p>publi\u00e9 le 31 juillet 2025\n                            <\/p>\n<p>                                            Rejoindre Lacanau en bus pour une session de surf sans voiture<\/p>\n<p class=\"ai-optimize-7\">Ici, la <strong>culture surf<\/strong> se vit toute l\u2019ann\u00e9e. De nombreux clubs louent planches et combinaisons, il suffit de venir avec sa motivation ! Sans oublier qu&rsquo;il y a plusieurs bars pour prendre un verre avec vue sur les rouleaux, apr\u00e8s la session.<\/p>\n<p>Chaque \u00e9t\u00e9, des surfeurs venus de toute l\u2019Europe viennent d\u00e9fier les vagues ici. Et pour cause ! Lacanau est le berceau du surf fran\u00e7ais depuis les ann\u00e9es 1960. La cit\u00e9 baln\u00e9aire a vu na\u00eetre l\u2019un des premiers surf clubs du pays et accueille depuis plus de quarante ans le <strong>mythique Lacanau Pro<\/strong>. Vous l&rsquo;aurez compris, ce spot incontournable a su pr\u00e9server son authenticit\u00e9 et reste aujourd\u2019hui un v\u00e9ritable Eldorado pour tous les passionn\u00e9s de glisse.<\/p>\n<p class=\"ai-optimize-8\">La <strong>ligne de car<\/strong>\u00a0r\u00e9gional <strong>421<\/strong> relie la <strong>gare Saint-Jean<\/strong> \u00e0 <strong>Lacanau-Oc\u00e9an<\/strong>, avec des arr\u00eats notamment \u00e0 la place de la Victoire et \u00e0 la biblioth\u00e8que M\u00e9riadeck. Gardez en t\u00eate que le bus est souvent plein en \u00e9t\u00e9 d\u00e8s les premiers arr\u00eats. Vous pouvez <strong>e<\/strong><strong>mporter une planche de surf<\/strong> dans la soute, s\u2019il y a assez de la place. Le plus simple reste la <a href=\"https:\/\/www.medoc-atlantique.com\/lacanau\/surf-a-lacanau\/les-loueurs-de-surf-a-lacanau\/\" target=\"_blank\" rel=\"noopener\">location sur place<\/a>.\u00a0<\/p>\n<p>C&rsquo;est votre premi\u00e8re fois ? Pas de panique, de nombreuses <a href=\"https:\/\/www.medoc-atlantique.com\/lacanau\/surf-a-lacanau\/ecoles-de-surf-a-lacanau\/\" target=\"_blank\" rel=\"noopener\">\u00e9coles de surf<\/a> vous proposent une initiation.<\/p>\n<ul>\n<li class=\"ai-optimize-9\" style=\"font-weight: 400;\" aria-level=\"1\"><strong>Tarifs<\/strong> : 2,50 \u20ac l\u2019aller simple et 4,50 \u20ac l\u2019aller-retour dans la m\u00eame journ\u00e9e.<\/li>\n<li class=\"ai-optimize-10\" style=\"font-weight: 400;\" aria-level=\"1\"><strong>Dur\u00e9e<\/strong> : 2 h.<\/li>\n<li class=\"ai-optimize-11\" style=\"font-weight: 400;\" aria-level=\"1\"><strong>Fr\u00e9quence<\/strong> : 12 trajets\/jour vers Lacanau-Oc\u00e9an de fin-juin \u00e0 fin-ao\u00fbt.<\/li>\n<\/ul>\n<p class=\"ai-optimize-12\">Pour les plus motiv\u00e9s, il y a aussi l&rsquo;option d&rsquo;y aller \u00e0 <a href=\"https:\/\/www.unairdebordeaux.fr\/article\/balades-a-velo-au-depart-de-bordeaux\/\" target=\"_blank\" rel=\"noopener\">v\u00e9lo<\/a>, via la piste cyclable Bordeaux-Lacanau.<\/p>\n<p>                                                    <img loading=\"lazy\" width=\"800\" height=\"800\" src=\"https:\/\/www.europesays.com\/fr\/wp-content\/uploads\/2025\/07\/Surfer-ou-skier-sans-voiture-lacanau-800x800.jpeg\" class=\"attachment-carre-800 size-carre-800\" alt=\"Aller surfer sans voiture pr\u00e8s de Bordeaux\" decoding=\"async\"  \/>                                                                                                            \u00a9 Guide Bordeaux Gironde<\/p>\n<p>                                            Prochain arr\u00eat : Le Porge<\/p>\n<p class=\"ai-optimize-17\">Envie d\u2019un cadre plus naturel ? <strong>Le Porge-Oc\u00e9an<\/strong> s\u00e9duit par ses plages sauvages \u00e0 perte de vue et ses bancs de sable changeants, garants de vagues vari\u00e9es \u00e0 chaque saison et particuli\u00e8rement plaisantes \u00e0 mar\u00e9e montante. Moins fr\u00e9quent\u00e9 que Lacanau, Le Porge offre aux amateurs de surf un cadre paisible, id\u00e9al pour progresser ou s\u2019initier. En plus, sur place, tout est pr\u00e9vu\u202f: douches et <a href=\"https:\/\/www.medocpleinsud.com\/organiser\/toutes-les-activites\/activites-nautiques\/\" target=\"_blank\" rel=\"noopener\">\u00e9coles de surf<\/a>, pour une journ\u00e9e de glisse tranquille.<\/p>\n<p class=\"ai-optimize-17\">Montez dans le <strong>car 4210<\/strong> \u00e0 la <strong>gare Saint-Jean<\/strong> et <strong>1 h 40<\/strong> plus tard, vous voil\u00e0 au milieu des pins, en face de la <strong>plage du Gressier<\/strong>. L\u00e0 encore, vous pouvez prendre votre planche dans le bus.<\/p>\n<ul>\n<li class=\"ai-optimize-19\" style=\"font-weight: 400;\" aria-level=\"1\"><strong>Tarifs<\/strong> : 2,50 \u20ac l\u2019aller simple et 4,50 \u20ac l\u2019aller-retour dans la m\u00eame journ\u00e9e.<\/li>\n<li class=\"ai-optimize-20\" style=\"font-weight: 400;\" aria-level=\"1\"><strong>Dur\u00e9e<\/strong> : 1 h 40.<\/li>\n<li class=\"ai-optimize-21\" style=\"font-weight: 400;\" aria-level=\"1\"><strong>Fr\u00e9quence<\/strong> : 5 trajets\/jour vers Le Porge Oc\u00e9an de fin-juin \u00e0 fin-ao\u00fbt.<\/li>\n<\/ul>\n<p>Pensez aussi aux <strong>groupes Facebook de surfeurs<\/strong> ! On y trouve r\u00e9guli\u00e8rement des trajets au d\u00e9part de Bordeaux propos\u00e9s par des covoitureurs.<\/p>\n<p>                                                    <img loading=\"lazy\" width=\"800\" height=\"800\" src=\"data:image\/svg+xml,%3Csvg%20xmlns=\" http:=\"\" class=\"attachment-carre-800 size-carre-800\" alt=\"\" decoding=\"async\" data-lazy- data-lazy- data-lazy-src=\"https:\/\/www.europesays.com\/fr\/wp-content\/uploads\/2025\/07\/le-porge_ou-surfer-sans-voiture-800x800.jpg\"\/>                                                                                                            \u00a9 M\u00e9doc Plein Sud<\/p>\n<p>                                            Carcans en car, on y va ?<\/p>\n<p class=\"ai-optimize-10\">Bienvenue \u00e0 Carcans plage, un autre spot<strong> pr\u00e9serv\u00e9<\/strong> qui attire les surfeurs de tous les \u00e2ges et niveaux. Ses bancs de sable modulables offrent des vagues adapt\u00e9es aussi bien aux d\u00e9butants qu\u2019aux surfeurs confirm\u00e9s. Sa large plage permet un apprentissage agr\u00e9able dans un environnement naturel agr\u00e9able, bord\u00e9 de pins. Avec ses <a href=\"https:\/\/www.medoc-atlantique.com\/carcans-maubuisson\/surf-a-carcans\/ecoles-de-surf-a-carcans\/\" target=\"_blank\" rel=\"noopener\">\u00e9coles de surf<\/a> et zones surveill\u00e9es, Carcans combine s\u00e9curit\u00e9 et authenticit\u00e9 pour une journ\u00e9e de glisse \u00e0 la cool.<\/p>\n<p>Pour y aller sans voiture depuis Bordeaux, empruntez le <strong>car 4211<\/strong> :<\/p>\n<ul>\n<li class=\"ai-optimize-19\" style=\"font-weight: 400;\" aria-level=\"1\"><strong>Tarifs<\/strong> : 2,50 \u20ac l\u2019aller simple et 4,50 \u20ac l\u2019aller-retour dans la m\u00eame journ\u00e9e.<\/li>\n<li class=\"ai-optimize-20\" style=\"font-weight: 400;\" aria-level=\"1\"><strong>Dur\u00e9e<\/strong> : 2 h.<\/li>\n<li class=\"ai-optimize-21\" style=\"font-weight: 400;\" aria-level=\"1\"><strong>Fr\u00e9quence<\/strong> : 5 trajets\/jour vers l&rsquo;oc\u00e9an de fin-juin \u00e0 fin-ao\u00fbt.<\/li>\n<li class=\"ai-optimize-22\" style=\"font-weight: 400;\" aria-level=\"1\">Possibilit\u00e9 d\u2019emporter une planche de surf dans la soute, s\u2019il y a assez de la place.<\/li>\n<\/ul>\n<p>                                                    <img loading=\"lazy\" width=\"750\" height=\"499\" src=\"data:image\/svg+xml,%3Csvg%20xmlns=\" http:=\"\" class=\"attachment-carre-800 size-carre-800\" alt=\"Surfer sans voiture - Carcans Oc\u00e9an Surf Club \u00e9cole de surf\" decoding=\"async\" data-lazy-src=\"https:\/\/www.europesays.com\/fr\/wp-content\/uploads\/2025\/07\/ecole-de-surf-carcans_ou-surfer-sans-voiture.jpg\"\/>                                                                                                            \u00a9 Carcans Oc\u00e9an Surf Club<\/p>\n<p>                                            Session surf \u00e0 Soulac-sur-Mer en TER<\/p>\n<p class=\"ai-optimize-13\">Soulac est un spot de repli o\u00f9 aller surfer sans voiture pr\u00e8s de Bordeaux. Les vagues sont g\u00e9n\u00e9ralement plus petites qu&rsquo;ailleurs en Gironde et la station baln\u00e9aire au charme <strong>Belle \u00c9poque<\/strong> propose plusieurs <a href=\"https:\/\/www.medoc-atlantique.com\/soulac-sur-mer\/activites-a-soulac-sur-mer\/#overlay-search\" target=\"_blank\" rel=\"noopener\"><strong>\u00e9coles de surf<\/strong><\/a>. Id\u00e9al pour faire ses premiers pas sur la planche !<\/p>\n<p class=\"ai-optimize-6\">Pourquoi ne pas y passer une journ\u00e9e, en partant en <strong>train<\/strong> ? La <a href=\"https:\/\/transports.nouvelle-aquitaine.fr\/fiche-horaire\/2179\" target=\"_blank\" rel=\"noopener\"><strong>ligne 42<\/strong><\/a> de <strong>TER <\/strong>passe par plusieurs gares de la M\u00e9tropole, dont Saint-Jean, Caud\u00e9ran-M\u00e9rignac, le Bouscat ou Blanquefort. Vous traversez le M\u00e9doc avec vue sur ch\u00e2teaux et vignes, puis une vaste r\u00e9serve naturelle avant d&rsquo;atterrir \u00e0 <strong>Soulac-sur-Mer. <\/strong>Un voyage en mode slow comme on les aime !<\/p>\n<ul>\n<li class=\"ai-optimize-19\" style=\"font-weight: 400;\" aria-level=\"1\"><strong>Tarifs<\/strong> : 21,60 \u20ac l\u2019aller simple.<\/li>\n<li class=\"ai-optimize-20\" style=\"font-weight: 400;\" aria-level=\"1\"><strong>Dur\u00e9e<\/strong> : 1 h 50 depuis la gare Saint-Jean.<\/li>\n<li class=\"ai-optimize-21\" style=\"font-weight: 400;\" aria-level=\"1\"><strong>Fr\u00e9quence<\/strong> : 6 ou 7 trajets\/jour de d\u00e9but-juillet \u00e0 fin-ao\u00fbt.<\/li>\n<\/ul>\n<p>                                                    <img loading=\"lazy\" width=\"565\" height=\"520\" src=\"data:image\/svg+xml,%3Csvg%20xmlns=\" http:=\"\" class=\"attachment-carre-800 size-carre-800\" alt=\"aller surfer sans voiture au d\u00e9part de bordeaux\" decoding=\"async\" data-lazy-src=\"https:\/\/www.europesays.com\/fr\/wp-content\/uploads\/2025\/07\/Aller-surfer-sans-voiture-pres-bordeaux-3.jpeg\"\/>                                                                                                            \u00a9 Chocodisco<\/p>\n<p>                                            <strong>Biarritz, vagues basques \u00e0 port\u00e9e de train<\/strong><\/p>\n<p class=\"ai-optimize-8\">Les c\u00e9l\u00e8bres vagues de la <strong>c\u00f4te basque<\/strong> sont \u00e0 port\u00e9e de <strong>train<\/strong>, pour une journ\u00e9e, un week-end ou plus. Une option facile est de rejoindre <strong>Biarritz<\/strong>, o\u00f9 on trouve plusieurs \u00e9coles de surf dans la ville, au bord de l\u2019oc\u00e9an. Comptez entre <strong>2 h<\/strong> et <strong>2 h 20<\/strong> en <strong>TER<\/strong>, environ <strong>1 h 50<\/strong> en <strong>TGV<\/strong>. Sinon, pourquoi ne pas y aller en <strong>covoiturage<\/strong> ? Le trajet met environ 2 h et co\u00fbte g\u00e9n\u00e9ralement moins de 20 \u20ac.<\/p>\n<p>                                                    <img loading=\"lazy\" width=\"800\" height=\"792\" src=\"data:image\/svg+xml,%3Csvg%20xmlns=\" http:=\"\" class=\"attachment-carre-800 size-carre-800\" alt=\"comment aller surfer sans voiture au d\u00e9part de bordeaux\" decoding=\"async\" data-lazy- data-lazy- data-lazy-src=\"https:\/\/www.europesays.com\/fr\/wp-content\/uploads\/2025\/07\/Surfer-ou-skier-sans-voiture-biarritz-800x792.webp.webp\"\/>                                                                                                            \u00a9 Justes \/ FFS<\/p>\n<p>                &#13;<\/p>\n<p>Vous aimez ? Partagez<\/p>\n<p>&#13;<br \/>\n    &#13;<br \/>\n&#13;<br \/>\n&#13;<\/p>\n<p>            &#13;<br \/>\n    &#13;<\/p>\n<p>            <img decoding=\"async\" class=\"actus-img\" src=\"data:image\/svg+xml,%3Csvg%20xmlns=\" http:=\"\" data-lazy-src=\"https:\/\/www.europesays.com\/fr\/wp-content\/uploads\/2025\/04\/illu-smartphone.png\"\/><br \/>\n            Nos derniers articles<br \/>\n        &#13;<br \/>\n        &#13;<br \/>\n        &#13;<br \/>\n    &#13;<\/p>\n<p>            &#13;<\/p>\n<p>            &#13;<br \/>\n&#13;<\/p>\n<p>        Rejoignez la communaut\u00e9 !<\/p>\n<p class=\"news-subtitle\">Vous avez la bougeotte le week-end et&#13;<br \/>\n            soif d\u2019aventures toute l\u2019ann\u00e9e ? Restons en contact !&#13;<br \/>\n            <br \/>Chaque semaine, on vous envoie les meilleures id\u00e9es&#13;<br \/>\n            pour voyager ici !&#13;\n        <\/p>\n<p>&#13;<br \/>\n            Vous \u00eates d\u00e9j\u00e0 plus de 20 000&#13;<br \/>\n                explorateurs \u00e0 nous suivre, merci&#13;<br \/>\n                    !&#13;\n        <\/p>\n<p>    &#13;<br \/>\n&#13;<\/p>\n<p>    Un Air de Bordeaux<br \/>\n    https:\/\/www.unairdebordeaux.fr<\/p>\n","protected":false},"excerpt":{"rendered":"unairdebordeaux.fr &#8211; Explorez les paysages de la m\u00e9tropole bordelaise &amp; profitez de son dynamisme culturel. Activit\u00e9s, loisirs, balades,&hellip;\n","protected":false},"author":2,"featured_media":287377,"comment_status":"","ping_status":"","sticky":false,"template":"","format":"standard","meta":{"footnotes":""},"categories":[2817],"tags":[1111,11,3463,1997,7048,42606,1777,674,1011,27,16510,42602,42601,12,2219,25,42607,42604,30372,42605,926,42603,4063],"class_list":{"0":"post-287376","1":"post","2":"type-post","3":"status-publish","4":"format-standard","5":"has-post-thumbnail","7":"category-bordeaux","8":"tag-actu","9":"tag-actualites","10":"tag-biarritz","11":"tag-bordeaux","12":"tag-bus","13":"tag-carcans","14":"tag-eu","15":"tag-europe","16":"tag-fr","17":"tag-france","18":"tag-lacanau","19":"tag-lacanauu2011ocu00e9an","20":"tag-le-porge","21":"tag-news","22":"tag-nouvelle-aquitaine","23":"tag-republique-francaise","24":"tag-soulac-sur-mer","25":"tag-spot-de-surf","26":"tag-surf","27":"tag-surf-bordeaux","28":"tag-train","29":"tag-transport-sans-voiture","30":"tag-vu00e9lo"},"share_on_mastodon":{"url":"https:\/\/pubeurope.com\/@fr\/114949450957565979","error":""},"_links":{"self":[{"href":"https:\/\/www.europesays.com\/fr\/wp-json\/wp\/v2\/posts\/287376","targetHints":{"allow":["GET"]}}],"collection":[{"href":"https:\/\/www.europesays.com\/fr\/wp-json\/wp\/v2\/posts"}],"about":[{"href":"https:\/\/www.europesays.com\/fr\/wp-json\/wp\/v2\/types\/post"}],"author":[{"embeddable":true,"href":"https:\/\/www.europesays.com\/fr\/wp-json\/wp\/v2\/users\/2"}],"replies":[{"embeddable":true,"href":"https:\/\/www.europesays.com\/fr\/wp-json\/wp\/v2\/comments?post=287376"}],"version-history":[{"count":0,"href":"https:\/\/www.europesays.com\/fr\/wp-json\/wp\/v2\/posts\/287376\/revisions"}],"wp:featuredmedia":[{"embeddable":true,"href":"https:\/\/www.europesays.com\/fr\/wp-json\/wp\/v2\/media\/287377"}],"wp:attachment":[{"href":"https:\/\/www.europesays.com\/fr\/wp-json\/wp\/v2\/media?parent=287376"}],"wp:term":[{"taxonomy":"category","embeddable":true,"href":"https:\/\/www.europesays.com\/fr\/wp-json\/wp\/v2\/categories?post=287376"},{"taxonomy":"post_tag","embeddable":true,"href":"https:\/\/www.europesays.com\/fr\/wp-json\/wp\/v2\/tags?post=287376"}],"curies":[{"name":"wp","href":"https:\/\/api.w.org\/{rel}","templated":true}]}}