{"id":287386,"date":"2025-07-31T19:21:10","date_gmt":"2025-07-31T19:21:10","guid":{"rendered":"https:\/\/www.europesays.com\/fr\/287386\/"},"modified":"2025-07-31T19:21:10","modified_gmt":"2025-07-31T19:21:10","slug":"habitants-du-centre-ville-et-associations-reclament-louverture-dun-lieu","status":"publish","type":"post","link":"https:\/\/www.europesays.com\/fr\/287386\/","title":{"rendered":"habitants du centre-ville et associations r\u00e9clament l\u2019ouverture d\u2019un lieu"},"content":{"rendered":"<p>Cette alliance est in\u00e9dite. Pour la premi\u00e8re fois depuis des mois, six associations qui accompagnent les usagers de drogues pour pr\u00e9venir les risques li\u00e9s \u00e0 la consommation, et trois collectifs d\u2019habitants de <a href=\"https:\/\/www.laprovence.com\/article\/region\/12525794639048\/consommation-de-drogues-a-belsunce-on-craint-un-ete-tres-complique\" target=\"_blank\" rel=\"noopener\">Belsunce<\/a> (1er) et du centre-ville sont tomb\u00e9es d\u2019accord et le font savoir dans une lettre ouverte adress\u00e9e \u00e0 l\u2019\u00c9tat. Ils veulent au plus vite l\u2019ouverture d\u2019une structure de soins, comme une Halte soins addictions (HSA), l\u00e0 o\u00f9 la consommation de drogues est de plus en plus forte.<\/p>\n<p>Une d\u00e9marche radicalement diff\u00e9rente de celle des voisins du <a href=\"https:\/\/www.laprovence.com\/article\/region\/1471120402427216\/info-la-provence-marseille-la-salle-de-shoot-ne-se-fera-pas-au-110-boulevard-de-la-liberation\" target=\"_blank\" rel=\"noopener\">110, boulevard de la Lib\u00e9ration<\/a> o\u00f9 il avait un temps, entre fin\u00a02023 et d\u00e9but\u00a02024, \u00e9t\u00e9 question d\u2019ouvrir une HSA. Ils avaient organis\u00e9 des <a href=\"https:\/\/www.laprovence.com\/article\/societe\/99430608216391\/salle-de-shoot-a-marseille-la-contestation-ne-faiblit-pas\" target=\"_blank\" rel=\"noopener\">dizaines de manifestations<\/a> pour s\u2019y opposer et sous la pression, le projet avait \u00e9t\u00e9 abandonn\u00e9 par l\u2019alors ministre de la Ville, Sabrina Agresti-Roubache.<\/p>\n<p>Victimes collat\u00e9rales<\/p>\n<p>Depuis, le nombre d\u2019usagers de produits, comme du crack, de la coca\u00efne ou divers m\u00e9dicaments, via injection ou inhalation, n\u2019a jamais \u00e9t\u00e9 aussi important et leurs conditions de vie, plus pr\u00e9caires que jamais.<\/p>\n","protected":false},"excerpt":{"rendered":"Cette alliance est in\u00e9dite. Pour la premi\u00e8re fois depuis des mois, six associations qui accompagnent les usagers de&hellip;\n","protected":false},"author":2,"featured_media":287387,"comment_status":"","ping_status":"","sticky":false,"template":"","format":"standard","meta":{"footnotes":""},"categories":[2814],"tags":[17,1111,11,4733,11898,1777,674,1011,27,4021,884,12,882,22349,16,25,8878,8879],"class_list":{"0":"post-287386","1":"post","2":"type-post","3":"status-publish","4":"format-standard","5":"has-post-thumbnail","7":"category-marseille","8":"tag-17","9":"tag-actu","10":"tag-actualites","11":"tag-associations","12":"tag-centre-ville","13":"tag-eu","14":"tag-europe","15":"tag-fr","16":"tag-france","17":"tag-habitants","18":"tag-marseille","19":"tag-news","20":"tag-provence-alpes-cote-dazur","21":"tag-reclament","22":"tag-region","23":"tag-republique-francaise","24":"tag-salle","25":"tag-shoot"},"share_on_mastodon":{"url":"https:\/\/pubeurope.com\/@fr\/114949474503407915","error":""},"_links":{"self":[{"href":"https:\/\/www.europesays.com\/fr\/wp-json\/wp\/v2\/posts\/287386","targetHints":{"allow":["GET"]}}],"collection":[{"href":"https:\/\/www.europesays.com\/fr\/wp-json\/wp\/v2\/posts"}],"about":[{"href":"https:\/\/www.europesays.com\/fr\/wp-json\/wp\/v2\/types\/post"}],"author":[{"embeddable":true,"href":"https:\/\/www.europesays.com\/fr\/wp-json\/wp\/v2\/users\/2"}],"replies":[{"embeddable":true,"href":"https:\/\/www.europesays.com\/fr\/wp-json\/wp\/v2\/comments?post=287386"}],"version-history":[{"count":0,"href":"https:\/\/www.europesays.com\/fr\/wp-json\/wp\/v2\/posts\/287386\/revisions"}],"wp:featuredmedia":[{"embeddable":true,"href":"https:\/\/www.europesays.com\/fr\/wp-json\/wp\/v2\/media\/287387"}],"wp:attachment":[{"href":"https:\/\/www.europesays.com\/fr\/wp-json\/wp\/v2\/media?parent=287386"}],"wp:term":[{"taxonomy":"category","embeddable":true,"href":"https:\/\/www.europesays.com\/fr\/wp-json\/wp\/v2\/categories?post=287386"},{"taxonomy":"post_tag","embeddable":true,"href":"https:\/\/www.europesays.com\/fr\/wp-json\/wp\/v2\/tags?post=287386"}],"curies":[{"name":"wp","href":"https:\/\/api.w.org\/{rel}","templated":true}]}}