{"id":287388,"date":"2025-07-31T19:22:17","date_gmt":"2025-07-31T19:22:17","guid":{"rendered":"https:\/\/www.europesays.com\/fr\/287388\/"},"modified":"2025-07-31T19:22:17","modified_gmt":"2025-07-31T19:22:17","slug":"trois-enquetes-ouvertes-sur-la-voiture-de-police-percutee","status":"publish","type":"post","link":"https:\/\/www.europesays.com\/fr\/287388\/","title":{"rendered":"Trois enqu\u00eates ouvertes sur la voiture de police percut\u00e9e"},"content":{"rendered":"<p><strong>Poursuites &#8211; Le parquet de Marseille a ouvert trois enqu\u00eates concernant des faits relev\u00e9s sur une vid\u00e9o de policiers en voiture percut\u00e9s puis pris \u00e0 partie alors qu\u2019ils poursuivaient une motocross en refus d\u2019obtemp\u00e9rer<\/strong><\/p>\n<p>Le parquet de <a href=\"https:\/\/www.20minutes.fr\/marseille\/?at_medium=RSS%20feed&amp;at_campaign=ynews&amp;utm_source=yahoo&amp;utm_medium=rss&amp;utm_campaign=news_feed&amp;utm_content=in_article_link\" rel=\"nofollow noopener\" target=\"_blank\" data-ylk=\"slk:Marseille;elm:context_link;itc:0;sec:content-canvas\" class=\"link \">Marseille <\/a>a annonc\u00e9 ce jeudi l\u2019ouverture de trois enqu\u00eates concernant des faits relev\u00e9s dans <a href=\"https:\/\/x.com\/prefpolice13\/status\/1950311130012012562?at_medium=RSS%20feed&amp;at_campaign=ynews&amp;utm_source=yahoo&amp;utm_medium=rss&amp;utm_campaign=news_feed&amp;utm_content=in_article_link\" rel=\"nofollow noopener\" target=\"_blank\" data-ylk=\"slk:une vid\u00e9o massivement relay\u00e9e;elm:context_link;itc:0;sec:content-canvas\" class=\"link \">une vid\u00e9o massivement relay\u00e9e<\/a> ce mercredi sur les <a href=\"https:\/\/www.20minutes.fr\/dossier\/reseaux_sociaux?at_medium=RSS%20feed&amp;at_campaign=ynews&amp;utm_source=yahoo&amp;utm_medium=rss&amp;utm_campaign=news_feed&amp;utm_content=in_article_link\" rel=\"nofollow noopener\" target=\"_blank\" data-ylk=\"slk:r\u00e9seaux;elm:context_link;itc:0;sec:content-canvas\" class=\"link \">r\u00e9seaux<\/a>.<\/p>\n<p>Sur ces images, on y voit <a href=\"https:\/\/www.20minutes.fr\/faits_divers\/4166022-20250730-marseille-video-policiers-pris-partie-apres-accident-devient-virale-reseaux-sociaux?at_medium=RSS%20feed&amp;at_campaign=ynews&amp;utm_source=yahoo&amp;utm_medium=rss&amp;utm_campaign=news_feed&amp;utm_content=in_article_link\" rel=\"nofollow noopener\" target=\"_blank\" data-ylk=\"slk:une voiture de police percut\u00e9e \u00e0 vive allure par un autre v\u00e9hicule;elm:context_link;itc:0;sec:content-canvas\" class=\"link \">une voiture de police percut\u00e9e \u00e0 vive allure par un autre v\u00e9hicule<\/a>, \u00ab\u00a0qui ne parvenait pas \u00e0 les \u00e9viter\u00a0\u00bb, rel\u00e8ve le procureur de la R\u00e9publique dans un communiqu\u00e9 parvenu \u00e0 20 Minutes.<\/p>\n<p>Course-poursuite avec une motocross<\/p>\n<p>Imm\u00e9diatement, le conducteur du v\u00e9hicule est venu aider les policiers percut\u00e9s encore groggy, tandis que quelques personnes pr\u00e9sentes sur les lieux lan\u00e7aient \u00ab\u00a0des invectives, des insultes et des menaces\u00a0\u00bb, continue le parquet qui entend les poursuivre pour \u00ab\u00a0menaces et violences volontaires aggrav\u00e9es sur personne d\u00e9positaire de l\u2019autorit\u00e9 publique\u00a0\u00bb.<\/p>\n<p>Cet accident, survenu ce lundi 28\u00a0juillet 2025 s\u2019est produit alors que l\u2019\u00e9quipage de police se trouvait \u00e0 proximit\u00e9 d\u2019un point de deal cit\u00e9 Picon, dans le 14e\u00a0arrondissement de Marseille et poursuivait un individu sans de casque sur une petite motocross. Ce dernier est vis\u00e9 par une enqu\u00eate pour refus d\u2019obtemp\u00e9rer.<\/p>\n<p>Pour l\u2019accident de la route, le conducteur est quant \u00e0 lui poursuivi pour blessures involontaires.<\/p>\n<p><a href=\"https:\/\/www.20minutes.fr\/faits_divers\/faits-divers-marseille\/4166135-20250731-marseille-trois-enquetes-ouvertes-voiture-police-percutee?at_medium=RSS%20feed&amp;at_campaign=ynews&amp;utm_source=yahoo&amp;utm_medium=rss&amp;utm_campaign=news_feed&amp;utm_content=read_more_link&quot;\" rel=\"nofollow noopener\" target=\"_blank\" data-ylk=\"slk:Lire la suite sur 20minutes;elm:context_link;itc:0;sec:content-canvas\" class=\"link \">Lire la suite sur 20minutes<\/a><\/p>\n<p>\u00c0 lire aussi :<br \/><a href=\"https:\/\/www.20minutes.fr\/faits_divers\/4166022-20250730-marseille-video-policiers-pris-partie-apres-accident-devient-virale-reseaux-sociaux?at_medium=RSS%20feed&amp;at_campaign=ynews&amp;utm_source=yahoo&amp;utm_medium=rss&amp;utm_campaign=news_feed&amp;utm_content=related_content_link\" rel=\"nofollow noopener\" target=\"_blank\" data-ylk=\"slk:Marseille\u00a0: Une vid\u00e9o de policiers pris \u00e0 partie apr\u00e8s leur accident devient virale sur les r\u00e9seaux sociaux;elm:context_link;itc:0;sec:content-canvas\" class=\"link \">Marseille\u00a0: Une vid\u00e9o de policiers pris \u00e0 partie apr\u00e8s leur accident devient virale sur les r\u00e9seaux sociaux<\/a><br \/><a href=\"https:\/\/www.20minutes.fr\/societe\/4163142-20250710-incendie-marseille-defaut-controle-technique-origine-feu-destructeur?at_medium=RSS%20feed&amp;at_campaign=ynews&amp;utm_source=yahoo&amp;utm_medium=rss&amp;utm_campaign=news_feed&amp;utm_content=related_content_link\" rel=\"nofollow noopener\" target=\"_blank\" data-ylk=\"slk:Incendie \u00e0 Marseille\u00a0: La voiture \u00e0 l\u2019origine de l\u2019embrasement n\u2019\u00e9tait pas \u00e0 jour de son contr\u00f4le technique;elm:context_link;itc:0;sec:content-canvas\" class=\"link \">Incendie \u00e0 Marseille\u00a0: La voiture \u00e0 l\u2019origine de l\u2019embrasement n\u2019\u00e9tait pas \u00e0 jour de son contr\u00f4le technique<\/a><\/p>\n","protected":false},"excerpt":{"rendered":"Poursuites &#8211; Le parquet de Marseille a ouvert trois enqu\u00eates concernant des faits relev\u00e9s sur une vid\u00e9o de&hellip;\n","protected":false},"author":2,"featured_media":285611,"comment_status":"","ping_status":"","sticky":false,"template":"","format":"standard","meta":{"footnotes":""},"categories":[2814],"tags":[17210,1111,11,3695,1777,674,1011,27,884,12,3764,882,25,42458],"class_list":{"0":"post-287388","1":"post","2":"type-post","3":"status-publish","4":"format-standard","5":"has-post-thumbnail","7":"category-marseille","8":"tag-14e-arrondissement-de-marseille","9":"tag-actu","10":"tag-actualites","11":"tag-enquetes","12":"tag-eu","13":"tag-europe","14":"tag-fr","15":"tag-france","16":"tag-marseille","17":"tag-news","18":"tag-procureur-de-la-republique","19":"tag-provence-alpes-cote-dazur","20":"tag-republique-francaise","21":"tag-voiture-de-police"},"share_on_mastodon":{"url":"https:\/\/pubeurope.com\/@fr\/114949478408703162","error":""},"_links":{"self":[{"href":"https:\/\/www.europesays.com\/fr\/wp-json\/wp\/v2\/posts\/287388","targetHints":{"allow":["GET"]}}],"collection":[{"href":"https:\/\/www.europesays.com\/fr\/wp-json\/wp\/v2\/posts"}],"about":[{"href":"https:\/\/www.europesays.com\/fr\/wp-json\/wp\/v2\/types\/post"}],"author":[{"embeddable":true,"href":"https:\/\/www.europesays.com\/fr\/wp-json\/wp\/v2\/users\/2"}],"replies":[{"embeddable":true,"href":"https:\/\/www.europesays.com\/fr\/wp-json\/wp\/v2\/comments?post=287388"}],"version-history":[{"count":0,"href":"https:\/\/www.europesays.com\/fr\/wp-json\/wp\/v2\/posts\/287388\/revisions"}],"wp:featuredmedia":[{"embeddable":true,"href":"https:\/\/www.europesays.com\/fr\/wp-json\/wp\/v2\/media\/285611"}],"wp:attachment":[{"href":"https:\/\/www.europesays.com\/fr\/wp-json\/wp\/v2\/media?parent=287388"}],"wp:term":[{"taxonomy":"category","embeddable":true,"href":"https:\/\/www.europesays.com\/fr\/wp-json\/wp\/v2\/categories?post=287388"},{"taxonomy":"post_tag","embeddable":true,"href":"https:\/\/www.europesays.com\/fr\/wp-json\/wp\/v2\/tags?post=287388"}],"curies":[{"name":"wp","href":"https:\/\/api.w.org\/{rel}","templated":true}]}}