{"id":287389,"date":"2025-07-31T19:23:08","date_gmt":"2025-07-31T19:23:08","guid":{"rendered":"https:\/\/www.europesays.com\/fr\/287389\/"},"modified":"2025-07-31T19:23:08","modified_gmt":"2025-07-31T19:23:08","slug":"lyon-myrtille-la-jeune-femme-portee-disparue-depuis-mai-est-decedee","status":"publish","type":"post","link":"https:\/\/www.europesays.com\/fr\/287389\/","title":{"rendered":"Lyon. Myrtille, la jeune femme port\u00e9e disparue depuis mai, est d\u00e9c\u00e9d\u00e9e"},"content":{"rendered":"<p>            Par<br \/>\n        <strong><br \/>\n            <a href=\"https:\/\/actu.fr\/auteur\/redaction-lyon\" title=\"Consulter tous les articles de R\u00e9daction Lyon\" target=\"_blank\" rel=\"noopener\">R\u00e9daction Lyon<\/a><br \/>\n        <\/strong><\/p>\n<p>        Publi\u00e9 le<\/p>\n<p>            31 juil. 2025 \u00e0 21h12<br \/>\n        ; mis \u00e0 jour le 31 juil. 2025 \u00e0 21h13    <\/p>\n<p><strong>Myrtille Stcherbanioff<\/strong> \u00e9tait port\u00e9e disparue depuis mai dernier, une disparition consid\u00e9r\u00e9e comme inqui\u00e9tante par ses proches et les autorit\u00e9s \u00e0 tel point qu\u2019une <a href=\"https:\/\/actu.fr\/auvergne-rhone-alpes\/lyon_69123\/lyon-myrtille-a-disparu-depuis-deux-semaines-ses-proches-tres-inquiets-la-police-enquete_62665627.html\" target=\"_blank\" rel=\"noopener\">proc\u00e9dure de disparition inqui\u00e9tante avait \u00e9t\u00e9 ouverte<\/a> par le parquet de <a href=\"https:\/\/actu.fr\/auvergne-rhone-alpes\/lyon_69123\" target=\"_blank\" rel=\"noopener\">Lyon<\/a> fin mai. La jeune femme \u00e2g\u00e9e de 27 ans, est <strong>d\u00e9c\u00e9d\u00e9e<\/strong>, a annonc\u00e9 sa famille ce jeudi 31 juillet 2025.<\/p>\n<p>D\u00e9c\u00e8s annonc\u00e9 par la famille<\/p>\n<p class=\" wall-content\">\u00ab\u00a0La famille Stcherbanioff\u00a0 a le regret de vous annoncer le d\u00e9c\u00e8s de Myrtille Stcherbanioff\u00a0\u00bb, annonce une publication des proches de la Lyonnaise sur une page Facebook mise en ligne pour tenter de la retrouver. Une c\u00e9r\u00e9monie aura lieu dans la stricte intimit\u00e9, pr\u00e9cise la famille.<\/p>\n<p class=\" wall-content\">De nombreux messages de condol\u00e9ances et de soutien \u00e0 la famille ont \u00e9t\u00e9 publi\u00e9 par des anonymes<\/p>\n<p class=\" wall-content\">Les circonstances de son d\u00e9c\u00e8s et de la d\u00e9couverte de son corps ne sont pas connues publiquement \u00e0 ce stade.\u00a0<\/p>\n<p>Disparue depuis le 13 mai dernier \u00e0 Lyon<\/p>\n<p class=\" wall-content\">La jeune femme, habitante du 9e arrondissement, \u00e9tait port\u00e9e disparue depuis le 13 mai 2025. Des proches s\u2019\u00e9taient mobilis\u00e9s pour les recherches. Son appartement avait \u00e9t\u00e9 visit\u00e9 par les pompiers et la police sans succ\u00e8s. Son t\u00e9l\u00e9phone avait \u00e9t\u00e9 \u00e9teint et elle n\u2019avait plus d\u2019activit\u00e9 sur les r\u00e9seaux sociaux.\u00a0<\/p>\n<p class=\" wall-content\">La jeune femme \u00e9tait vraisemblablement cens\u00e9e rejoindre un ami \u00e0 la f\u00eate m\u00e9di\u00e9vale de Bourg-en-Bresse (Ain), avant sa disparition, o\u00f9 elle devait exposer en tant qu\u2019artisane. \u00ab Elle ne s\u2019est jamais pr\u00e9sent\u00e9e, les organisateurs n\u2019ont pas de nouvelles non plus \u00bb, affirmaient ses proches en mai dernier.<\/p>\n<p class=\" wall-content\">Suivez toute l\u2019actualit\u00e9 de vos villes et m\u00e9dias favoris en vous inscrivant \u00e0 <a href=\"https:\/\/moncompte.actu.fr\" title=\"D\u00e9couvez Mon Actu\" rel=\"nofollow noopener\" data-trk=\"{&quot;cta&quot;:{&quot;action&quot;:&quot;https:\\\/\\\/moncompte.actu.fr&quot;,&quot;category&quot;:&quot;mon compte&quot;,&quot;from&quot;:&quot;article footer&quot;,&quot;name&quot;:&quot;Mon actu&quot;,&quot;type&quot;:&quot;cta&quot;}}\" target=\"_blank\">Mon Actu<\/a>.<\/p>\n<ul class=\"ac-article-tag wall-content\">\n<li><a href=\"https:\/\/actu.fr\/tag\/disparition\" data-trk=\"{&quot;cta&quot;:{&quot;action&quot;:&quot;Disparition inqui\\u00e9tante&quot;,&quot;category&quot;:&quot;tag&quot;,&quot;from&quot;:&quot;article footer&quot;,&quot;name&quot;:&quot;Disparition inqui\\u00e9tante&quot;,&quot;type&quot;:&quot;cta&quot;}}\" target=\"_blank\" rel=\"noopener\">#Disparition inqui\u00e9tante<\/a><\/li>\n<li><a href=\"https:\/\/actu.fr\/tag\/police\" data-trk=\"{&quot;cta&quot;:{&quot;action&quot;:&quot;Police&quot;,&quot;category&quot;:&quot;tag&quot;,&quot;from&quot;:&quot;article footer&quot;,&quot;name&quot;:&quot;Police&quot;,&quot;type&quot;:&quot;cta&quot;}}\" target=\"_blank\" rel=\"noopener\">#Police<\/a><\/li>\n<\/ul>\n","protected":false},"excerpt":{"rendered":"Par R\u00e9daction Lyon Publi\u00e9 le 31 juil. 2025 \u00e0 21h12 ; mis \u00e0 jour le 31 juil. 2025&hellip;\n","protected":false},"author":2,"featured_media":287390,"comment_status":"","ping_status":"","sticky":false,"template":"","format":"standard","meta":{"footnotes":""},"categories":[1889],"tags":[1111,11,2430,3676,1777,674,118,1011,27,2428,12,1072,25],"class_list":{"0":"post-287389","1":"post","2":"type-post","3":"status-publish","4":"format-standard","5":"has-post-thumbnail","7":"category-lyon","8":"tag-actu","9":"tag-actualites","10":"tag-auvergne-rhone-alpes","11":"tag-disparition-inquietante","12":"tag-eu","13":"tag-europe","14":"tag-faits-divers","15":"tag-fr","16":"tag-france","17":"tag-lyon","18":"tag-news","19":"tag-police","20":"tag-republique-francaise"},"share_on_mastodon":{"url":"https:\/\/pubeurope.com\/@fr\/114949482363737952","error":""},"_links":{"self":[{"href":"https:\/\/www.europesays.com\/fr\/wp-json\/wp\/v2\/posts\/287389","targetHints":{"allow":["GET"]}}],"collection":[{"href":"https:\/\/www.europesays.com\/fr\/wp-json\/wp\/v2\/posts"}],"about":[{"href":"https:\/\/www.europesays.com\/fr\/wp-json\/wp\/v2\/types\/post"}],"author":[{"embeddable":true,"href":"https:\/\/www.europesays.com\/fr\/wp-json\/wp\/v2\/users\/2"}],"replies":[{"embeddable":true,"href":"https:\/\/www.europesays.com\/fr\/wp-json\/wp\/v2\/comments?post=287389"}],"version-history":[{"count":0,"href":"https:\/\/www.europesays.com\/fr\/wp-json\/wp\/v2\/posts\/287389\/revisions"}],"wp:featuredmedia":[{"embeddable":true,"href":"https:\/\/www.europesays.com\/fr\/wp-json\/wp\/v2\/media\/287390"}],"wp:attachment":[{"href":"https:\/\/www.europesays.com\/fr\/wp-json\/wp\/v2\/media?parent=287389"}],"wp:term":[{"taxonomy":"category","embeddable":true,"href":"https:\/\/www.europesays.com\/fr\/wp-json\/wp\/v2\/categories?post=287389"},{"taxonomy":"post_tag","embeddable":true,"href":"https:\/\/www.europesays.com\/fr\/wp-json\/wp\/v2\/tags?post=287389"}],"curies":[{"name":"wp","href":"https:\/\/api.w.org\/{rel}","templated":true}]}}