{"id":28739,"date":"2025-04-16T07:37:09","date_gmt":"2025-04-16T07:37:09","guid":{"rendered":"https:\/\/www.europesays.com\/fr\/28739\/"},"modified":"2025-04-16T07:37:09","modified_gmt":"2025-04-16T07:37:09","slug":"augmenter-le-prix-des-medicaments-et-raccourcir-les-essais-cliniques-les-grands-laboratoires-pharmaceutiques-posent-un-ultimatum-a-lunion-europeenne-16-04-2025-a-0921","status":"publish","type":"post","link":"https:\/\/www.europesays.com\/fr\/28739\/","title":{"rendered":"Augmenter le prix des m\u00e9dicaments et raccourcir les essais cliniques : les grands laboratoires pharmaceutiques posent un ultimatum \u00e0 l&rsquo;Union europ\u00e9enne &#8211; 16\/04\/2025 \u00e0 09:21"},"content":{"rendered":"<p> Si Bruxelles ne se plie pas \u00e0 ses exigences, le secteur pharmaceutique pr\u00e9dit que \u00ab\u00a016,5 milliards d&rsquo;euros d&rsquo;investissements pr\u00e9vus pourraient \u00eatre transf\u00e9r\u00e9s hors d&rsquo;Europe\u00a0\u00bb.<\/p>\n<p>        <img fetchpriority=\"high\" decoding=\"async\" src=\"https:\/\/www.europesays.com\/fr\/wp-content\/uploads\/2025\/04\/d8c8eb3def4028c42913ff1a86cabc56-760x507.jpg\" alt=\"Ursula von der Leyen \u00e0 Bruxelles, en Belgique, le 20 mars 2025. ( AFP \/ JOHN THYS )\" loading=\"eager\" width=\"760\" height=\"507\" style=\"max-width: 100%!important; height: auto;\"\/><\/p>\n<p class=\"c-image-news__legend\">Ursula von der Leyen \u00e0 Bruxelles, en Belgique, le 20 mars 2025. ( AFP \/ JOHN THYS )<\/p>\n<p>\n L&rsquo;Union europ\u00e9enne doit assouplir sa politique de prix des m\u00e9dicaments trop favorable au public, raccourcir la dur\u00e9e les essais cliniques et all\u00e9ger l&rsquo;obligation de traitement des eaux rejet\u00e9s dans la nature. Sans quoi, les grands laboratoires pharmaceutiques provoqueront \u00ab\u00a0l&rsquo;exode\u00a0\u00bb des investissements du secteur vers les \u00c9tats-Unis, ont menac\u00e9 les patrons d&rsquo;une trentaine de laboratoires pharmaceutiques.\n<\/p>\n<p>\n Dans une lettre adress\u00e9e le 11 avril \u00e0 la pr\u00e9sidente de la Commission europ\u00e9enne, Ursula von der Leyen, les dirigeants de 32 entreprises pharmaceutiques, grandes et moyennes, promettent d'\u00a0\u00bbaccro\u00eetre\u00a0\u00bb la part du march\u00e9 europ\u00e9en -qui repr\u00e9sente actuellement 22,7% dans les ventes mondiales-,<br \/>\n <strong><br \/>\n  \u00e0 condition d&rsquo;obtenir en contrepartie des \u00ab\u00a0mesures audacieuses\u00a0\u00bb<br \/>\n <\/strong><br \/>\n .\n<\/p>\n<p>\n Sans cela,<br \/>\n <strong><br \/>\n  \u00ab\u00a0d&rsquo;ici \u00e0 trois mois, 16,5 milliards d&rsquo;euros d&rsquo;investissements pr\u00e9vus pourraient \u00eatre transf\u00e9r\u00e9s hors d&rsquo;Europe\u00a0\u00bb<br \/>\n <\/strong><br \/>\n , menacent les patrons de Novo Nordisk, Pfizer, Eli Lilly, Roche, Sanofi, Merck, GSK ou encore Servier dans ce courrier d\u00e9voil\u00e9 par plusieurs m\u00e9dias et que l&rsquo;<\/p>\n<p>  AFP<\/p>\n<p> s&rsquo;est \u00e9galement procur\u00e9 mardi.\n<\/p>\n<p>\n Ils r\u00e9clament un march\u00e9 europ\u00e9en comp\u00e9titif \u00ab\u00a0qui attire, valorise correctement et r\u00e9compense l&rsquo;innovation\u00a0\u00bb, estimant que \u00ab\u00a0la poursuite des tensions commerciales acc\u00e9l\u00e8rera encore l&rsquo;\u00e9rosion des investissements en R&amp;D et en production dans l\u2019Union europ\u00e9enne\u00a0\u00bb.\n<\/p>\n<p> Investissements massifs aux \u00c9tats-Unis<\/p>\n<p>\n Cela doit passer, selon eux, par<br \/>\n <strong><br \/>\n  une r\u00e9vision de la politique des prix des m\u00e9dicaments en Europe<br \/>\n <\/strong><br \/>\n , moins favorable que celle pratiqu\u00e9e aux \u00c9tats-Unis, et<br \/>\n <strong><br \/>\n  du cadre r\u00e9glementaire.<br \/>\n <\/strong><br \/>\n Il faut \u00ab\u00a0raccourcir le processus pour les essais cliniques men\u00e9s dans plusieurs pays\u00a0\u00bb et \u00ab\u00a0accro\u00eetre les ressources de l&rsquo;Agence europ\u00e9enne des m\u00e9dicaments pour en faire une r\u00e9f\u00e9rence mondiale dans l\u2019approbation des th\u00e9rapies innovantes\u00a0\u00bb, plaident encore les signataires.\n<\/p>\n<p>\n Ils demandent aussi \u00e0 Bruxelles de \u00ab\u00a0suspendre et r\u00e9viser la mise en \u0153uvre\u00a0\u00bb de la directive qui vise \u00e0 am\u00e9liorer le traitement des eaux us\u00e9es avant leur rejet dans la nature, \u00ab\u00a0afin d&rsquo;\u00e9viter des charges disproportionn\u00e9es\u00a0\u00bb pour le secteur.\n<\/p>\n<p>\n Les produits pharmaceutiques sont pour l&rsquo;heure exempt\u00e9s de droits de douane impos\u00e9s par Washington. Mais plusieurs groupes pharmaceutiques ont r\u00e9cemment annonc\u00e9 investir pour renforcer la production aux \u00c9tats-Unis : 27 milliards de dollars pour Eli Lilly, 55 milliards sur les quatre prochaines ann\u00e9es pour Johnson &amp; Johnson. Merck a inaugur\u00e9 une usine de fabrication de vaccins en Caroline du Nord, un projet \u00e9valu\u00e9 \u00e0 1 milliard de dollars.\n<\/p>\n<p>\n Le g\u00e9ant pharmaceutique suisse Novartis a annonc\u00e9 jeudi investir 23 milliards de dollars aux \u00c9tats-Unis sur cinq ans pour y fabriquer les principaux m\u00e9dicaments destin\u00e9s aux patients am\u00e9ricains.<\/p>\n","protected":false},"excerpt":{"rendered":"Si Bruxelles ne se plie pas \u00e0 ses exigences, le secteur pharmaceutique pr\u00e9dit que \u00ab\u00a016,5 milliards d&rsquo;euros d&rsquo;investissements&hellip;\n","protected":false},"author":2,"featured_media":28740,"comment_status":"","ping_status":"","sticky":false,"template":"","format":"standard","meta":{"footnotes":""},"categories":[1586],"tags":[400,11,398,408,405,1777,674,1779,1011,27,403,402,399,404,12,25,401,406,1778,364,407],"class_list":{"0":"post-28739","1":"post","2":"type-post","3":"status-publish","4":"format-standard","5":"has-post-thumbnail","7":"category-europe","8":"tag-action-cac-40","9":"tag-actualites","10":"tag-bourse-de-paris","11":"tag-boursorama","12":"tag-cotations","13":"tag-eu","14":"tag-europe","15":"tag-european-union","16":"tag-fr","17":"tag-france","18":"tag-indices-devises","19":"tag-investir","20":"tag-investissement","21":"tag-marche-boursier","22":"tag-news","23":"tag-republique-francaise","24":"tag-sicav","25":"tag-trackers","26":"tag-ue","27":"tag-union-europeenne","28":"tag-warrants"},"share_on_mastodon":{"url":"https:\/\/pubeurope.com\/@fr\/114346501454925349","error":""},"_links":{"self":[{"href":"https:\/\/www.europesays.com\/fr\/wp-json\/wp\/v2\/posts\/28739","targetHints":{"allow":["GET"]}}],"collection":[{"href":"https:\/\/www.europesays.com\/fr\/wp-json\/wp\/v2\/posts"}],"about":[{"href":"https:\/\/www.europesays.com\/fr\/wp-json\/wp\/v2\/types\/post"}],"author":[{"embeddable":true,"href":"https:\/\/www.europesays.com\/fr\/wp-json\/wp\/v2\/users\/2"}],"replies":[{"embeddable":true,"href":"https:\/\/www.europesays.com\/fr\/wp-json\/wp\/v2\/comments?post=28739"}],"version-history":[{"count":0,"href":"https:\/\/www.europesays.com\/fr\/wp-json\/wp\/v2\/posts\/28739\/revisions"}],"wp:featuredmedia":[{"embeddable":true,"href":"https:\/\/www.europesays.com\/fr\/wp-json\/wp\/v2\/media\/28740"}],"wp:attachment":[{"href":"https:\/\/www.europesays.com\/fr\/wp-json\/wp\/v2\/media?parent=28739"}],"wp:term":[{"taxonomy":"category","embeddable":true,"href":"https:\/\/www.europesays.com\/fr\/wp-json\/wp\/v2\/categories?post=28739"},{"taxonomy":"post_tag","embeddable":true,"href":"https:\/\/www.europesays.com\/fr\/wp-json\/wp\/v2\/tags?post=28739"}],"curies":[{"name":"wp","href":"https:\/\/api.w.org\/{rel}","templated":true}]}}