{"id":287391,"date":"2025-07-31T19:24:13","date_gmt":"2025-07-31T19:24:13","guid":{"rendered":"https:\/\/www.europesays.com\/fr\/287391\/"},"modified":"2025-07-31T19:24:13","modified_gmt":"2025-07-31T19:24:13","slug":"lyon-le-musee-des-beaux-arts-du-jardin-aux-collections","status":"publish","type":"post","link":"https:\/\/www.europesays.com\/fr\/287391\/","title":{"rendered":"Lyon. Le mus\u00e9e des Beaux-Arts, du jardin aux collections"},"content":{"rendered":"<p>Le mus\u00e9e des Beaux-Arts investit totalement le palais Saint-Pierre cet \u00e9t\u00e9. Ce vendredi 1er \u00a0ao\u00fbt \u00e0 11\u00a0h, une lecture (\u00e0 partir de 6 ans) a lieu dans le jardin du mus\u00e9e, qui accueillera \u00e9galement le 7\u00a0ao\u00fbt \u00e0 18\u00a0h\u00a030 un concert de musique \u00e9lectronique gratuit du groupe Odalie.<\/p>\n<p>\u00c0 l\u2019int\u00e9rieur, l\u2019exposition temporaire, <a href=\"https:\/\/www.leprogres.fr\/culture-loisirs\/2025\/06\/06\/l-empreinte-durable-de-francois-rouan-au-musee-des-beaux-arts\" target=\"_blank\" rel=\"nofollow noopener\">actuellement d\u00e9di\u00e9e au peintre Fran\u00e7ois Rouan<\/a> , n\u2019est pas oubli\u00e9e\u00a0: ce samedi 2\u00a0ao\u00fbt \u00e0 11\u00a0h, les visiteurs pourront la d\u00e9couvrir par le biais d\u2019une visite comment\u00e9e d\u2019une heure.<\/p>\n<p class=\"note\">Mus\u00e9e des Beaux-Arts \u2013 20, place des Terreaux. <a href=\"https:\/\/www.mba-lyon.fr\/\" target=\"_blank\" rel=\"nofollow noopener\"> https:\/\/www.mba-lyon.fr<\/a><\/p>\n","protected":false},"excerpt":{"rendered":"Le mus\u00e9e des Beaux-Arts investit totalement le palais Saint-Pierre cet \u00e9t\u00e9. Ce vendredi 1er \u00a0ao\u00fbt \u00e0 11\u00a0h, une&hellip;\n","protected":false},"author":2,"featured_media":287392,"comment_status":"","ping_status":"","sticky":false,"template":"","format":"standard","meta":{"footnotes":""},"categories":[1889],"tags":[1111,11,2430,1687,2757,1777,674,2271,1011,27,2428,2756,12,25],"class_list":{"0":"post-287391","1":"post","2":"type-post","3":"status-publish","4":"format-standard","5":"has-post-thumbnail","7":"category-lyon","8":"tag-actu","9":"tag-actualites","10":"tag-auvergne-rhone-alpes","11":"tag-culture-loisirs","12":"tag-edition-lyon-villeurbanne","13":"tag-eu","14":"tag-europe","15":"tag-exposition-arts-plastiques","16":"tag-fr","17":"tag-france","18":"tag-lyon","19":"tag-lyon-bassin","20":"tag-news","21":"tag-republique-francaise"},"share_on_mastodon":{"url":"https:\/\/pubeurope.com\/@fr\/114949486188454929","error":""},"_links":{"self":[{"href":"https:\/\/www.europesays.com\/fr\/wp-json\/wp\/v2\/posts\/287391","targetHints":{"allow":["GET"]}}],"collection":[{"href":"https:\/\/www.europesays.com\/fr\/wp-json\/wp\/v2\/posts"}],"about":[{"href":"https:\/\/www.europesays.com\/fr\/wp-json\/wp\/v2\/types\/post"}],"author":[{"embeddable":true,"href":"https:\/\/www.europesays.com\/fr\/wp-json\/wp\/v2\/users\/2"}],"replies":[{"embeddable":true,"href":"https:\/\/www.europesays.com\/fr\/wp-json\/wp\/v2\/comments?post=287391"}],"version-history":[{"count":0,"href":"https:\/\/www.europesays.com\/fr\/wp-json\/wp\/v2\/posts\/287391\/revisions"}],"wp:featuredmedia":[{"embeddable":true,"href":"https:\/\/www.europesays.com\/fr\/wp-json\/wp\/v2\/media\/287392"}],"wp:attachment":[{"href":"https:\/\/www.europesays.com\/fr\/wp-json\/wp\/v2\/media?parent=287391"}],"wp:term":[{"taxonomy":"category","embeddable":true,"href":"https:\/\/www.europesays.com\/fr\/wp-json\/wp\/v2\/categories?post=287391"},{"taxonomy":"post_tag","embeddable":true,"href":"https:\/\/www.europesays.com\/fr\/wp-json\/wp\/v2\/tags?post=287391"}],"curies":[{"name":"wp","href":"https:\/\/api.w.org\/{rel}","templated":true}]}}