{"id":287395,"date":"2025-07-31T19:28:25","date_gmt":"2025-07-31T19:28:25","guid":{"rendered":"https:\/\/www.europesays.com\/fr\/287395\/"},"modified":"2025-07-31T19:28:25","modified_gmt":"2025-07-31T19:28:25","slug":"accor-bouygues-credit-agricole-sa-les-valeurs-a-suivre-aujourdhui-a-paris-31-07-2025-a-0926","status":"publish","type":"post","link":"https:\/\/www.europesays.com\/fr\/287395\/","title":{"rendered":"Accor, Bouygues, Cr\u00e9dit Agricole SA &#8230; les valeurs \u00e0 suivre aujourd&rsquo;hui \u00e0 Paris &#8211; &#8211; 31\/07\/2025 \u00e0 09:26"},"content":{"rendered":"<p>\n (AOF) &#8211;<br \/>\n <strong><br \/>\n  <a href=\"https:\/\/www.boursorama.com\/cours\/1rPAC\/\" rel=\"nofollow noopener\" target=\"_blank\"><br \/>\n   Accor<br \/>\n  <\/a><br \/>\n <\/strong>\n<\/p>\n<p>\n Accor a publi\u00e9 des r\u00e9sultats semestriels globalement solides dans un contexte macro-\u00e9conomique complexe. Le chiffre d&rsquo;affaires a augment\u00e9 de 2,5 %, \u00e0 2,745 milliards d&rsquo;euros, tandis que le RevPAR, le revenu par chambre disponible, s&rsquo;est am\u00e9lior\u00e9 de 4,6 %. Les effets de change ont eu un impact n\u00e9gatif de 69 millions d&rsquo;euros, notamment \u00e0 cause du real br\u00e9silien et des dollars australien et canadien. Parall\u00e8lement, l&rsquo;exc\u00e9dent brut d&rsquo;exploitation courant a connu une hausse de 9,4 %, \u00e0 552 millions d&rsquo;euros, sur les six premiers mois de l&rsquo;ann\u00e9e.\n<\/p>\n<p>\n <a href=\"https:\/\/www.boursorama.com\/cours\/1rPAF\/\" rel=\"nofollow noopener\" target=\"_blank\"><br \/>\n  Air France-KLM<br \/>\n <\/a>\n<\/p>\n<p>\n Air France-KLM a publi\u00e9 des comptes en hausse. Au deuxi\u00e8me trimestre, le nombre de passagers transport\u00e9s a augment\u00e9 de 5,9 % pour des capacit\u00e9s en progression de 4,2 % et des recettes par passager \u00e0 +2 %. Sur le semestre, ces donn\u00e9es sont respectivement en progression de 5,3 %, 4 % et 2,2 %. Dans ces conditions, le chiffre d&rsquo;affaires du groupe de transport a\u00e9rien a progress\u00e9 de 6,2 %, \u00e0 8,443 milliards d&rsquo;euros au deuxi\u00e8me trimestre, et de 6,9 %, \u00e0 15,608 milliards d&rsquo;euros sur le premier semestre.\n<\/p>\n<p>\n <a href=\"https:\/\/www.boursorama.com\/cours\/1rAAPAM\/\" rel=\"nofollow noopener\" target=\"_blank\"><br \/>\n  Aperam<br \/>\n <\/a>\n<\/p>\n<p>\n Le sp\u00e9cialiste de l&rsquo;acier inoxydable a<\/p>\n<p> publi\u00e9<\/p>\n<p> ses r\u00e9sultats du premier semestre.\n<\/p>\n<p>\n <a href=\"https:\/\/www.boursorama.com\/cours\/1rPAKE\/\" rel=\"nofollow noopener\" target=\"_blank\"><br \/>\n  Arkema<br \/>\n <\/a>\n<\/p>\n<p>\n Le chimiste a d\u00e9voil\u00e9 ses r\u00e9sultats du premier semestre.\n<\/p>\n<p>\n <strong><br \/>\n  Bic<br \/>\n <\/strong>\n<\/p>\n<p>\n Bic a d\u00e9clar\u00e9 un r\u00e9sultat net part du groupe ajust\u00e9 de 97 millions d&rsquo;euros au premier semestre contre 123 millions un an plus t\u00f4t. Le fabricant de stylos, rasoirs et autres articles promotionnels a d\u00e9gag\u00e9 un Ebit de 122 millions d&rsquo;euros contre 155 millions d&rsquo;euros. La marge brute s&rsquo;est \u00e9tablie \u00e0 48,5 % au 1er semestre 2025, contre 49,3 % au 1er semestre 2024, en raison de l&rsquo;augmentation des co\u00fbts des mati\u00e8res premi\u00e8res et de l&rsquo;\u00e9lectricit\u00e9, ainsi que de l&rsquo;impact d\u00e9favorable de la fluctuation des devises. Le chiffre d&rsquo;affaires s&rsquo;\u00e9l\u00e8ve \u00e0 1,07 milliard contre 1,13 milliard.\n<\/p>\n<p>\n <a href=\"https:\/\/www.boursorama.com\/cours\/1rPEN\/\" rel=\"nofollow noopener\" target=\"_blank\"><br \/>\n  Bouygues<br \/>\n <\/a>\n<\/p>\n<p>\n Bouygues a maintenu ses pr\u00e9visions pour 2025 apr\u00e8s avoir sign\u00e9 un premier semestre conforme aux attentes. Le conglom\u00e9rat, pr\u00e9sent dans la construction, les m\u00e9dias et les t\u00e9l\u00e9coms, a r\u00e9alis\u00e9 un b\u00e9n\u00e9fice net de 173 millions d&rsquo;euros, contre un b\u00e9n\u00e9fice net de 186 millions d&rsquo;euros un an plus t\u00f4t. Le r\u00e9sultat op\u00e9rationnel des activit\u00e9s est ressorti \u00e0 796 millions d&rsquo;euros contre 747 millions d&rsquo;euros lors de la p\u00e9riode correspondante de 2024. Sur la p\u00e9riode, la marge a gagn\u00e9 20 points de base. Le chiffre d&rsquo;affaires total du groupe a augment\u00e9 de 1,3% sur la p\u00e9riode, \u00e0 26,87 milliards d&rsquo;euros.\n<\/p>\n<p>\n <strong><br \/>\n  Claranova<br \/>\n <\/strong>\n<\/p>\n<p>\n Le pure player de l&rsquo;\u00e9dition de logiciels diffusera son chiffre d&rsquo;affaires du quatri\u00e8me trimestre.\n<\/p>\n<p>\n <a href=\"https:\/\/www.boursorama.com\/cours\/1rPCOFA\/\" rel=\"nofollow noopener\" target=\"_blank\"><br \/>\n  Coface<br \/>\n <\/a>\n<\/p>\n<p>\n L&rsquo;expert en assurance-cr\u00e9dit internationale pr\u00e9cisera ses r\u00e9sultats du premier semestre.\n<\/p>\n<p>\n <a href=\"https:\/\/www.boursorama.com\/cours\/1rPACA\/\" rel=\"nofollow noopener\" target=\"_blank\"><br \/>\n  Cr\u00e9dit Agricole SA<br \/>\n <\/a>\n<\/p>\n<p>\n Cr\u00e9dit Agricole SA a vu son b\u00e9n\u00e9fice net bondir de 30,7 % au deuxi\u00e8me trimestre \u00e0 2,39 milliards d&rsquo;euros (un plus haut historique), port\u00e9 notamment par l&rsquo;activit\u00e9 de sa banque de financement et d&rsquo;investissement (BFI), le consensus \u00e9tant de 2,12 milliards d&rsquo;euros. Le produit net bancaire s&rsquo;\u00e9tablit \u00e0 tout juste 7 milliards d&rsquo;euros (contre 6,98 milliards attendus), en progression de 3,1% par rapport \u00e0 la m\u00eame p\u00e9riode de l&rsquo;an dernier. Il franchit ce seuil symbolique pour le troisi\u00e8me trimestre cons\u00e9cutif.\n<\/p>\n<p>\n <strong><br \/>\n  <a href=\"https:\/\/www.boursorama.com\/cours\/1rPELIS\/\" rel=\"nofollow noopener\" target=\"_blank\"><br \/>\n   Elis<br \/>\n  <\/a><br \/>\n <\/strong>\n<\/p>\n<p>\n Elis a d\u00e9voil\u00e9 un r\u00e9sultat net de 152,5 millions d&rsquo;euros au premier semestre, en croissance de 28,6% en rythme annuel. Le groupe de blanchisserie industrielle a vu son Ebitda ajust\u00e9 progresser de 5,1%, \u00e0 813,8 millions d&rsquo;euros, et sa marge d&rsquo;Ebitda ajust\u00e9 a augment\u00e9 \u00e0 34,7% du CA (+0,3 point). Le chiffre d&rsquo;affaires s&rsquo;est am\u00e9lior\u00e9 de 9,6%, \u00e0 3,16 milliards d&rsquo;euros. Le groupe n&rsquo;anticipe aucun impact n\u00e9gatif direct li\u00e9 \u00e0 l&rsquo;instauration de droits de douane par les \u00c9tats-Unis et confirme l&rsquo;ensemble des objectifs financiers pour l&rsquo;exercice 2025.\n<\/p>\n<p>\n <strong><br \/>\n  <a href=\"https:\/\/www.boursorama.com\/cours\/1rPEMEIS\/\" rel=\"nofollow noopener\" target=\"_blank\"><br \/>\n   Emeis<br \/>\n  <\/a><br \/>\n <\/strong>\n<\/p>\n<p>\n L&rsquo;ex-Orpea a annonc\u00e9 son chiffre d&rsquo;affaires du premier semestre.\n<\/p>\n<p>\n <strong><br \/>\n  Equasens<br \/>\n <\/strong>\n<\/p>\n<p>\n Le sp\u00e9cialiste des solutions num\u00e9riques pour les professionnels de sant\u00e9 annoncera son chiffre d&rsquo;affaires du premier semestre.\n<\/p>\n<p>\n <strong><br \/>\n  <a href=\"https:\/\/www.boursorama.com\/cours\/1rPENX\/\" rel=\"nofollow noopener\" target=\"_blank\"><br \/>\n   Euronext<br \/>\n  <\/a><br \/>\n <\/strong>\n<\/p>\n<p>\n L&rsquo;op\u00e9rateur rendra compte de ses r\u00e9sultats au premier semestre.\n<\/p>\n<p>\n <strong><br \/>\n  <a href=\"https:\/\/www.boursorama.com\/cours\/1rPEXENS\/\" rel=\"nofollow noopener\" target=\"_blank\"><br \/>\n   Exosens<br \/>\n  <\/a><br \/>\n <\/strong>\n<\/p>\n<p>\n La soci\u00e9t\u00e9 de haute technologie sp\u00e9cialis\u00e9e dans la fourniture de technologies critiques d&rsquo;amplification, de d\u00e9tection et d&rsquo;imagerie a publi\u00e9 ses r\u00e9sultats du premier semestre.\n<\/p>\n<p>\n <strong><br \/>\n  <a href=\"https:\/\/www.boursorama.com\/cours\/1rPFDJU\/\" rel=\"nofollow noopener\" target=\"_blank\"><br \/>\n   FDJ United<br \/>\n  <\/a><br \/>\n <\/strong>\n<\/p>\n<p>\n FDJ United a d\u00e9voil\u00e9 des r\u00e9sultats semestriels globalement conformes aux attentes et a confirm\u00e9 ses objectifs annuels. Son chiffre d&rsquo;affaires s&rsquo;est \u00e9lev\u00e9 \u00e0 1,867 milliard d&rsquo;euros, en hausse de 30,7 % en comptant Kindred. \u00c0 p\u00e9rim\u00e8tre comparable, les revenus sont en l\u00e9ger repli de 1,7 %. Le r\u00e9sultat op\u00e9rationnel courant s&rsquo;est affaiss\u00e9 de 5,4 %, \u00e0 270 millions d&rsquo;euros, et le b\u00e9n\u00e9fice net \u00e0 fondu de 36,2 %, \u00e0 136 millions d&rsquo;euros.\n<\/p>\n<p>\n <strong><br \/>\n  Groupe<br \/>\n  <a href=\"https:\/\/www.boursorama.com\/cours\/1rPADP\/\" rel=\"nofollow noopener\" target=\"_blank\"><br \/>\n   ADP<br \/>\n  <\/a><br \/>\n <\/strong>\n<\/p>\n<p>\n Groupe ADP a d\u00e9voil\u00e9 des r\u00e9sultats semestriels mitig\u00e9s. Sur les six premiers mois de l&rsquo;ann\u00e9e, son chiffre d&rsquo;affaires a progress\u00e9 de 9,6 %, \u00e0 3,163 milliards d&rsquo;euros, et l&rsquo;Ebitda courant a connu une hausse de 8,7 %, \u00e0 1,025 milliard d&rsquo;euros. En revanche, le r\u00e9sultat op\u00e9rationnel courant s&rsquo;est affaiss\u00e9 de 35,2 %, \u00e0 441 millions d&rsquo;euros. Enfin, le b\u00e9n\u00e9fice net part du groupe a chut\u00e9 de 72 %, \u00e0 97 millions d&rsquo;euros. Ce dernier a \u00e9t\u00e9 p\u00e9nalis\u00e9 par des effets comptables li\u00e9s aux variations anormalement \u00e9lev\u00e9es des taux de change et par l&rsquo;accroissement temporaire de la fiscalit\u00e9 en France.\n<\/p>\n<p>\n <strong><br \/>\n  Hopscotch<br \/>\n <\/strong>\n<\/p>\n<p>\n Hopscotch a d\u00e9clar\u00e9 un chiffre d&rsquo;affaires de 118,5 millions d&rsquo;euros au premier semestre 2025, en retrait de 8,3%. La marge brute semestrielle du groupe de communication s&rsquo;\u00e9l\u00e8ve \u00e0 45,7 millions d&rsquo;euros, repr\u00e9sentant un recul de 7,1% par rapport au premier semestre 2024. La soci\u00e9t\u00e9 g\u00e9n\u00e8re d\u00e9sormais plus de 35% de sa marge brute totale hors de France. Deux zones ont \u00e9t\u00e9 particuli\u00e8rement motrices sur ce premier semestre 2025 : l&rsquo;Europe (hors de France) avec +23,4% par rapport \u00e0 la m\u00eame p\u00e9riode de l&rsquo;exercice 2024 et l&rsquo;Asie \u00e0 +17,1%.\n<\/p>\n<p>\n <strong><br \/>\n  <a href=\"https:\/\/www.boursorama.com\/cours\/1rPDEC\/\" rel=\"nofollow noopener\" target=\"_blank\"><br \/>\n   JCDecaux<br \/>\n  <\/a><br \/>\n <\/strong>\n<\/p>\n<p>\n Le sp\u00e9cialiste de l&rsquo;affichage ext\u00e9rieur a d\u00e9voil\u00e9 ses r\u00e9sultats du premier semestre.\n<\/p>\n<p>\n <strong><br \/>\n  <a href=\"https:\/\/www.boursorama.com\/cours\/1rPLI\/\" rel=\"nofollow noopener\" target=\"_blank\"><br \/>\n   Kl\u00e9pierre<br \/>\n  <\/a><br \/>\n <\/strong>\n<\/p>\n<p>\n Kl\u00e9pierre a d\u00e9voil\u00e9 de solides r\u00e9sultats semestriels marqu\u00e9s par des revenus locatifs bruts en hausse de 5,61 %, \u00e0 630,9 millions d&rsquo;euros. Parall\u00e8lement, l&rsquo;exc\u00e9dent brut d&rsquo;exploitation s&rsquo;est quant \u00e0 lui install\u00e9 \u00e0 506,5 millions d&rsquo;euros, en progression de 6,12 %. Enfin, le cash-flow net courant part du groupe s&rsquo;est \u00e9lev\u00e9 \u00e0 378,8 millions d&rsquo;euros, soit 1,32 euro par action, contre 1,25 euro auparavant. Gr\u00e2ce \u00e0 ces bonnes performances, le sp\u00e9cialiste des centres commerciaux en Europe continentale vise d\u00e9sormais un exc\u00e9dent brut d&rsquo;exploitation en croissance de 5 %, contre +3 % pr\u00e9c\u00e9demment.\n<\/p>\n<p>\n <strong><br \/>\n  LDLC<br \/>\n <\/strong>\n<\/p>\n<p>\n Le sp\u00e9cialiste de la high-tech livrera son chiffre d&rsquo;affaires du premier trimestre.\n<\/p>\n<p>\n <strong><br \/>\n  <a href=\"https:\/\/www.boursorama.com\/cours\/1rPLR\/\" rel=\"nofollow noopener\" target=\"_blank\"><br \/>\n   Legrand<br \/>\n  <\/a><br \/>\n <\/strong>\n<\/p>\n<p>\n Legrand a d\u00e9voil\u00e9 au titre du premier semestre 2025 un r\u00e9sultat net part du groupe de 628,1 millions d&rsquo;euros, en croissance de 8,7%. Le r\u00e9sultat op\u00e9rationnel ajust\u00e9 s&rsquo;\u00e9l\u00e8ve \u00e0 un peu plus d&rsquo;1 milliard d&rsquo;euros, en progression de 14,9% en rythme annuel. Le chiffre d&rsquo;affaires de 4,77 milliards d&rsquo;euros s&rsquo;affiche en hausse de 13,4%, port\u00e9 par les datacenters. Le cash flow libre atteint 10,5% du chiffre d&rsquo;affaires de la p\u00e9riode, soit 501,6 millions, en croissance de 7,2% par rapport au premier semestre 2024.\n<\/p>\n<p>\n <strong><br \/>\n  Parrot<br \/>\n <\/strong>\n<\/p>\n<p>\n Le sp\u00e9cialiste des microdrones professionnels pr\u00e9sentera son chiffre d&rsquo;affaires du premier semestre.\n<\/p>\n<p>\n <strong><br \/>\n  <a href=\"https:\/\/www.boursorama.com\/cours\/1rPPLNW\/\" rel=\"nofollow noopener\" target=\"_blank\"><br \/>\n   Planisware<br \/>\n  <\/a><br \/>\n <\/strong>\n<\/p>\n<p>\n L&rsquo;\u00e9diteur de logiciels sp\u00e9cialis\u00e9s dans la gestion de projets a pr\u00e9cis\u00e9 ses r\u00e9sultats du premier semestre.\n<\/p>\n<p>\n <strong><br \/>\n  <a href=\"https:\/\/www.boursorama.com\/cours\/1rPRNO\/\" rel=\"nofollow noopener\" target=\"_blank\"><br \/>\n   Renault<br \/>\n  <\/a><br \/>\n <\/strong>\n<\/p>\n<p>\n Au premier semestre, le chiffre d&rsquo;affaires de Renault Group a l\u00e9g\u00e8rement progress\u00e9 de 2,5 %, \u00e0 27,64 milliards d&rsquo;euros. Les revenus de l&rsquo;automobile ont quant \u00e0 eux connu une tr\u00e8s l\u00e9g\u00e8re croissance de 0,5 %, \u00e0 24,49 milliards d&rsquo;euros. La marge op\u00e9rationnelle du constructeur automobile a, en revanche, recul\u00e9 de 8,1 % du chiffre d&rsquo;affaires \u00e0 6 %. Le r\u00e9sultat net part du groupe est pass\u00e9 d&rsquo;un b\u00e9n\u00e9fice de 1,38 milliard d&rsquo;euros, \u00e0 une perte de 11,143 milliards d&rsquo;euros. Hors impact de Nissan, Renault Group a d\u00e9gag\u00e9 un b\u00e9n\u00e9fice de 461 millions d&rsquo;euros.\n<\/p>\n<p>\n <strong><br \/>\n  <a href=\"https:\/\/www.boursorama.com\/cours\/1rPSAF\/\" rel=\"nofollow noopener\" target=\"_blank\"><br \/>\n   Safran<br \/>\n  <\/a><br \/>\n <\/strong>\n<\/p>\n<p>\n L&rsquo;\u00e9quipementier a\u00e9ronautique a communiqu\u00e9 ses r\u00e9sultats du premier semestre.\n<\/p>\n<p>\n <strong><br \/>\n  <a href=\"https:\/\/www.boursorama.com\/cours\/1rPSGO\/\" rel=\"nofollow noopener\" target=\"_blank\"><br \/>\n   Saint-Gobain<br \/>\n  <\/a><br \/>\n <\/strong>\n<\/p>\n<p>\n Le sp\u00e9cialiste des mat\u00e9riaux de construction publiera ses r\u00e9sultats du premier semestre.\n<\/p>\n<p>\n <strong><br \/>\n  <a href=\"https:\/\/www.boursorama.com\/cours\/1rPSAN\/\" rel=\"nofollow noopener\" target=\"_blank\"><br \/>\n   Sanofi<br \/>\n  <\/a><br \/>\n <\/strong>\n<\/p>\n<p>\n Sanofi a d\u00e9voil\u00e9 des r\u00e9sultats en nette am\u00e9lioration. Au deuxi\u00e8me trimestre, le laboratoire fran\u00e7ais a g\u00e9n\u00e9r\u00e9 un chiffre d&rsquo;affaires de 9,994 milliards d&rsquo;euros, en hausse de 6 %. Parall\u00e8lement, le cash-flow libre a bondi de 65,8 %, \u00e0 1,429 milliard d&rsquo;euros. Enfin, le b\u00e9n\u00e9fice net des activit\u00e9s a l\u00e9g\u00e8rement recul\u00e9 de 0,6 %, \u00e0 1,940 milliard d&rsquo;euros. Sur l&rsquo;ensemble du premier semestre, les revenus ont progress\u00e9 de 8,3 %, \u00e0 19,889 milliards d&rsquo;euros, le cash-flow libre a flamb\u00e9 de 474,3 %, \u00e0 2,458 milliards d&rsquo;euros et le b\u00e9n\u00e9fice net des activit\u00e9s a augment\u00e9 de 7,6 %, \u00e0 4,152 milliards d&rsquo;euros.\n<\/p>\n<p>\n <a href=\"https:\/\/www.boursorama.com\/cours\/1rPSU\/\" rel=\"nofollow noopener\" target=\"_blank\"><br \/>\n  Schneider Electric<br \/>\n <\/a>\n<\/p>\n<p>\n Schneider Electric a d\u00e9clar\u00e9 au premier semestre 2025 un r\u00e9sultat net part du groupe de 1,9 milliard d&rsquo;euros, en croissance de 2%. L&rsquo;Ebitda ajust\u00e9 du sp\u00e9cialiste de la transformation num\u00e9rique, de la gestion de l&rsquo;\u00e9nergie et de l&rsquo;automatisation atteint 3,5 milliards d&rsquo;euros en progression organique de 6,9%. Le chiffre d&rsquo;affaires a enregistr\u00e9 une croissance organique de 7,9% \u00e0 19,33 milliards d&rsquo;euros.\n<\/p>\n<p>\n <a href=\"https:\/\/www.boursorama.com\/cours\/1rPSCR\/\" rel=\"nofollow noopener\" target=\"_blank\"><br \/>\n  Scor<br \/>\n <\/a>\n<\/p>\n<p>\n Le r\u00e9assureur a publi\u00e9<\/p>\n<p> ses r\u00e9sultats du premier semestre.\n<\/p>\n<p>\n SES\n<\/p>\n<p>\n Le groupe a annonc\u00e9 ses r\u00e9sultats du premier semestre.\n<\/p>\n<p>\n <a href=\"https:\/\/www.boursorama.com\/cours\/1rPGLE\/\" rel=\"nofollow noopener\" target=\"_blank\"><br \/>\n  Soci\u00e9t\u00e9 G\u00e9n\u00e9rale<br \/>\n <\/a>\n<\/p>\n<p>\n Le groupe bancaire a diffus\u00e9 ses r\u00e9sultats du premier semestre.\n<\/p>\n<p>\n <a href=\"https:\/\/www.boursorama.com\/cours\/1rPSPIE\/\" rel=\"nofollow noopener\" target=\"_blank\"><br \/>\n  Spie<br \/>\n <\/a>\n<\/p>\n<p>\n La soci\u00e9t\u00e9 sp\u00e9cialis\u00e9e dans les services de g\u00e9nie, d&rsquo;\u00e9nergie et de communication\n<\/p>\n<p>\n a d\u00e9voil\u00e9 ses r\u00e9sultats du premier semestre.\n<\/p>\n<p>\n <a href=\"https:\/\/www.boursorama.com\/cours\/1rPTE\/\" rel=\"nofollow noopener\" target=\"_blank\"><br \/>\n  Technip Energies<br \/>\n <\/a>\n<\/p>\n<p>\n Le groupe parap\u00e9trolier a pr\u00e9cis\u00e9 ses r\u00e9sultats du premier semestre.\n<\/p>\n<p>\n TP\n<\/p>\n<p>\n L&rsquo;ex-<br \/>\n <a href=\"https:\/\/www.boursorama.com\/cours\/1rPTEP\/\" rel=\"nofollow noopener\" target=\"_blank\"><br \/>\n  Teleperformance<br \/>\n <\/a><br \/>\n signalera ses r\u00e9sultats du premier semestre.\n<\/p>\n<p>\n Tikehau Capital\n<\/p>\n<p>\n La collecte nette de Tikehau Capital a atteint 3,97 milliards d&rsquo;euros au premier semestre 2025, contre 3,35 milliards d&rsquo;euros, un an plus t\u00f4t \u00e0 la m\u00eame \u00e9poque. Le sp\u00e9cialiste de la gestion d&rsquo;actifs alternatifs souligne qu&rsquo;il s&rsquo;agit cette ann\u00e9e d&rsquo;un niveau historique pour une p\u00e9riode de 6 mois. Environ 80% de la collecte nette provenait de clients internationaux, port\u00e9e par une dynamique solide aux \u00c9tats-Unis, au Royaume-Uni, en Espagne, aux \u00c9mirats arabes unis, au Japon et en Isra\u00ebl.\n<\/p>\n<p>\n Unibail\n<\/p>\n<p>\n L&rsquo;exploitant de centres commerciaux<br \/>\n <strong><br \/>\n  a livr\u00e9<br \/>\n <\/strong><br \/>\n ses r\u00e9sultats du premier semestre.\n<\/p>\n<p>\n <a href=\"https:\/\/www.boursorama.com\/cours\/1rPVIE\/\" rel=\"nofollow noopener\" target=\"_blank\"><br \/>\n  Veolia<br \/>\n <\/a>\n<\/p>\n<p>\n Le sp\u00e9cialiste des services \u00e0 l&rsquo;environnement a annonc\u00e9 ses r\u00e9sultats du premier semestre.\n<\/p>\n<p>\n <a href=\"https:\/\/www.boursorama.com\/cours\/1rPDG\/\" rel=\"nofollow noopener\" target=\"_blank\"><br \/>\n  Vinci<br \/>\n <\/a>\n<\/p>\n<p>\n Vinci a publi\u00e9 un r\u00e9sultat net part du groupe de 1,89 milliard d&rsquo;euros au titre de son premier semestre, en recul de 5%. L&rsquo;Ebitda a atteint sur la p\u00e9riode 6,12 milliards d&rsquo;euros, en progression de 8%. Le chiffre d&rsquo;affaires a, pour sa part, enregistr\u00e9 une hausse de 3,2%, \u00e0 34,85 milliards d&rsquo;euros. Le cash-flow libre ressort l\u00e9g\u00e8rement positif \u00e0 46 millions d&rsquo;euros (361 millions d&rsquo;euros au 1er semestre 2024), \u00e9tant rappel\u00e9 que l&rsquo;essentiel du cash-flow libre du Groupe est g\u00e9n\u00e9r\u00e9 au second semestre.\n<\/p>\n<p>\n <a href=\"https:\/\/www.boursorama.com\/cours\/1rPVIRI\/\" rel=\"nofollow noopener\" target=\"_blank\"><br \/>\n  Viridien<br \/>\n <\/a>\n<\/p>\n<p>\n L&rsquo;ex-CGG publiera ses r\u00e9sultats du premier semestre.\n<\/p>\n<p>\n <strong><br \/>\n  <a href=\"https:\/\/www.boursorama.com\/cours\/1rPVIV\/\" rel=\"nofollow noopener\" target=\"_blank\"><br \/>\n   Vivendi<br \/>\n  <\/a><br \/>\n <\/strong>\n<\/p>\n<p>\n Le groupe de communication signalera ses r\u00e9sultats du premier semestre.\n<\/p>\n<p>\n <a href=\"https:\/\/www.boursorama.com\/cours\/1rPMF\/\" rel=\"nofollow noopener\" target=\"_blank\"><br \/>\n  Wendel<br \/>\n <\/a>\n<\/p>\n<p>\n La soci\u00e9t\u00e9 d&rsquo;investissement rendra compte de ses r\u00e9sultats du premier semestre.<\/p>\n","protected":false},"excerpt":{"rendered":"(AOF) &#8211; Accor Accor a publi\u00e9 des r\u00e9sultats semestriels globalement solides dans un contexte macro-\u00e9conomique complexe. Le chiffre&hellip;\n","protected":false},"author":2,"featured_media":17400,"comment_status":"","ping_status":"","sticky":false,"template":"","format":"standard","meta":{"footnotes":""},"categories":[1888],"tags":[400,1111,1928,11,1927,398,408,405,1777,674,1011,27,403,402,399,404,12,1926,626,1925,25,401,406,407],"class_list":{"0":"post-287395","1":"post","2":"type-post","3":"status-publish","4":"format-standard","5":"has-post-thumbnail","7":"category-paris","8":"tag-action-cac-40","9":"tag-actu","10":"tag-actu-paris","11":"tag-actualites","12":"tag-actualites-paris","13":"tag-bourse-de-paris","14":"tag-boursorama","15":"tag-cotations","16":"tag-eu","17":"tag-europe","18":"tag-fr","19":"tag-france","20":"tag-indices-devises","21":"tag-investir","22":"tag-investissement","23":"tag-marche-boursier","24":"tag-news","25":"tag-news-paris","26":"tag-paris","27":"tag-paris-news","28":"tag-republique-francaise","29":"tag-sicav","30":"tag-trackers","31":"tag-warrants"},"share_on_mastodon":{"url":"https:\/\/pubeurope.com\/@fr\/114949501967353561","error":""},"_links":{"self":[{"href":"https:\/\/www.europesays.com\/fr\/wp-json\/wp\/v2\/posts\/287395","targetHints":{"allow":["GET"]}}],"collection":[{"href":"https:\/\/www.europesays.com\/fr\/wp-json\/wp\/v2\/posts"}],"about":[{"href":"https:\/\/www.europesays.com\/fr\/wp-json\/wp\/v2\/types\/post"}],"author":[{"embeddable":true,"href":"https:\/\/www.europesays.com\/fr\/wp-json\/wp\/v2\/users\/2"}],"replies":[{"embeddable":true,"href":"https:\/\/www.europesays.com\/fr\/wp-json\/wp\/v2\/comments?post=287395"}],"version-history":[{"count":0,"href":"https:\/\/www.europesays.com\/fr\/wp-json\/wp\/v2\/posts\/287395\/revisions"}],"wp:featuredmedia":[{"embeddable":true,"href":"https:\/\/www.europesays.com\/fr\/wp-json\/wp\/v2\/media\/17400"}],"wp:attachment":[{"href":"https:\/\/www.europesays.com\/fr\/wp-json\/wp\/v2\/media?parent=287395"}],"wp:term":[{"taxonomy":"category","embeddable":true,"href":"https:\/\/www.europesays.com\/fr\/wp-json\/wp\/v2\/categories?post=287395"},{"taxonomy":"post_tag","embeddable":true,"href":"https:\/\/www.europesays.com\/fr\/wp-json\/wp\/v2\/tags?post=287395"}],"curies":[{"name":"wp","href":"https:\/\/api.w.org\/{rel}","templated":true}]}}