{"id":287405,"date":"2025-07-31T19:34:15","date_gmt":"2025-07-31T19:34:15","guid":{"rendered":"https:\/\/www.europesays.com\/fr\/287405\/"},"modified":"2025-07-31T19:34:15","modified_gmt":"2025-07-31T19:34:15","slug":"royaume-uni-un-homme-de-76-ans-interpelle-soupconne-davoir-empoisonne-des-enfants-dans-un-camp-de-vacances","status":"publish","type":"post","link":"https:\/\/www.europesays.com\/fr\/287405\/","title":{"rendered":"Royaume-Uni : un homme de 76 ans interpell\u00e9, soup\u00e7onn\u00e9 d&rsquo;avoir empoisonn\u00e9 des enfants dans un camp de vacances"},"content":{"rendered":"<ul class=\"jsx-862013697 ArticleChapo__List\">\n<li class=\"jsx-862013697 ArticleChapo__List_Item flex\">Un homme de 76 ans a \u00e9t\u00e9 arr\u00eat\u00e9 et plac\u00e9 en garde \u00e0 vue au Royaume-Uni, suspect\u00e9 d&rsquo;avoir empoisonn\u00e9 des enfants d&rsquo;un camp de vacances.<\/li>\n<li class=\"jsx-862013697 ArticleChapo__List_Item flex\">Huit enfants d&rsquo;une m\u00eame colonie de vacances du Leicestershire se sont sentis mal en fin de semaine derni\u00e8re.<\/li>\n<li class=\"jsx-862013697 ArticleChapo__List_Item flex\">L&rsquo;enqu\u00eate est toujours en cours.<\/li>\n<\/ul>\n<p data-module=\"article-paragraph\" class=\"jsx-3046738180 Paragraph Paragraph__End\">Le village britannique est sous le choc. Un homme \u00e2g\u00e9 de 76 ans, suspect\u00e9 d&rsquo;avoir empoisonn\u00e9 des enfants d&rsquo;une colonie de vacances du Leicestershire (Royaume-Uni), a \u00e9t\u00e9 arr\u00eat\u00e9 et plac\u00e9 en garde \u00e0 vue, rapportent jeudi 31 juillet les m\u00e9dias britanniques. Dimanche, huit enfants qui passaient leurs vacances au camp de Stathern Lodge ont \u00e9t\u00e9 conduits \u00e0 l&rsquo;h\u00f4pital, car ils ne se sentaient pas bien. S&rsquo;ils sont depuis tous sortis de l&rsquo;h\u00f4pital, l&rsquo;homme suspect\u00e9 de leur avoir fait ing\u00e9rer du poison ou une substance nocive dans l&rsquo;intention de les blesser ou les agresser a \u00e9t\u00e9 arr\u00eat\u00e9.\u00a0<\/p>\n<p>Une enqu\u00eate \u00ab\u00a0complexe et d\u00e9licate\u00a0\u00bb<\/p>\n<p data-module=\"article-paragraph\" class=\"jsx-3046738180 Paragraph Paragraph__End\">\u00ab\u00a0Nous comprenons l&rsquo;inqui\u00e9tude que cet incident a pu susciter chez les parents, les tuteurs et la communaut\u00e9 environnante\u00a0\u00bb, a d\u00e9clar\u00e9 l&rsquo;inspecteur Neil Holden, responsable de l&rsquo;enqu\u00eate, cit\u00e9 par la BBC. \u00ab\u00a0Nous sommes en contact avec les parents et les tuteurs de tous les enfants concern\u00e9s\u00a0\u00bb, a-t-il ajout\u00e9. \u00ab\u00a0Soyez assur\u00e9s que nous avons d\u00e9ploy\u00e9 plusieurs ressources sp\u00e9cialis\u00e9es et que nous travaillons avec des agences partenaires, notamment les services de l&rsquo;enfance, afin de garantir une protection totale aux enfants concern\u00e9s. Il s&rsquo;agit d&rsquo;une enqu\u00eate complexe et d\u00e9licate et nous continuerons \u00e0 informer les parents, les tuteurs et le public d\u00e8s que nous le pourrons\u00a0\u00bb, a promis l&rsquo;enqu\u00eateur.<\/p>\n<p><a href=\"https:\/\/www.tf1info.fr\/education\/nostalgie-des-images-d-archives-des-colonies-de-vacances-des-annees-1960-2061100.html\" rel=\"noopener\" class=\"jsx-3308031228 Link flex\" target=\"_blank\"><img decoding=\"async\" src=\"https:\/\/www.europesays.com\/fr\/wp-content\/uploads\/2025\/07\/nostalgie-des-images-d-archives-des-colonies-de-vacances-des-annees-1960-20170811-1349-55b98c-0@1x.j.jpeg\" alt=\"\" loading=\"lazy\" importance=\"low\" fetchpriority=\"low\" class=\"\" aria-hidden=\"true\"\/><\/p>\n<p class=\"jsx-3657663356 ReadMoreArticle__Title\">Lire aussi<\/p>\n<p class=\"jsx-3657663356\">Nostalgie : des images d\u2019archives des colonies de vacances des ann\u00e9es 1960<\/p>\n<p><\/a><\/p>\n<p data-module=\"article-paragraph\" class=\"jsx-3046738180 Paragraph Paragraph__End\">Le chef adjoint de la police a indiqu\u00e9 que les enfants pr\u00e9sentaient des sympt\u00f4mes de malaise, mais n&rsquo;a pas pr\u00e9cis\u00e9 avec quelle substance ils avaient \u00e9t\u00e9 en contact. James Avery a \u00e9galement refus\u00e9 de donner des d\u00e9tails sur l&rsquo;\u00e2ge ou le sexe des enfants touch\u00e9s.<\/p>\n<p>J.F.<\/p>\n","protected":false},"excerpt":{"rendered":"Un homme de 76 ans a \u00e9t\u00e9 arr\u00eat\u00e9 et plac\u00e9 en garde \u00e0 vue au Royaume-Uni, suspect\u00e9 d&rsquo;avoir&hellip;\n","protected":false},"author":2,"featured_media":287406,"comment_status":"","ping_status":"","sticky":false,"template":"","format":"standard","meta":{"footnotes":""},"categories":[1588],"tags":[1111,11,1921,1777,674,1922,12,473,1853,1851,1850,1852,2528,133,1920],"class_list":{"0":"post-287405","1":"post","2":"type-post","3":"status-publish","4":"format-standard","5":"has-post-thumbnail","7":"category-royaume-uni","8":"tag-actu","9":"tag-actualites","10":"tag-article-video","11":"tag-eu","12":"tag-europe","13":"tag-info","14":"tag-news","15":"tag-royaume-uni","16":"tag-royaume-uni-de-grande-bretagne-et-dirlande-du-nord","17":"tag-uk","18":"tag-united-kingdom","19":"tag-united-kingdom-of-great-britain-and-northern-ireland","20":"tag-vacances","21":"tag-video","22":"tag-video-international"},"share_on_mastodon":{"url":"https:\/\/pubeurope.com\/@fr\/114949525712906226","error":""},"_links":{"self":[{"href":"https:\/\/www.europesays.com\/fr\/wp-json\/wp\/v2\/posts\/287405","targetHints":{"allow":["GET"]}}],"collection":[{"href":"https:\/\/www.europesays.com\/fr\/wp-json\/wp\/v2\/posts"}],"about":[{"href":"https:\/\/www.europesays.com\/fr\/wp-json\/wp\/v2\/types\/post"}],"author":[{"embeddable":true,"href":"https:\/\/www.europesays.com\/fr\/wp-json\/wp\/v2\/users\/2"}],"replies":[{"embeddable":true,"href":"https:\/\/www.europesays.com\/fr\/wp-json\/wp\/v2\/comments?post=287405"}],"version-history":[{"count":0,"href":"https:\/\/www.europesays.com\/fr\/wp-json\/wp\/v2\/posts\/287405\/revisions"}],"wp:featuredmedia":[{"embeddable":true,"href":"https:\/\/www.europesays.com\/fr\/wp-json\/wp\/v2\/media\/287406"}],"wp:attachment":[{"href":"https:\/\/www.europesays.com\/fr\/wp-json\/wp\/v2\/media?parent=287405"}],"wp:term":[{"taxonomy":"category","embeddable":true,"href":"https:\/\/www.europesays.com\/fr\/wp-json\/wp\/v2\/categories?post=287405"},{"taxonomy":"post_tag","embeddable":true,"href":"https:\/\/www.europesays.com\/fr\/wp-json\/wp\/v2\/tags?post=287405"}],"curies":[{"name":"wp","href":"https:\/\/api.w.org\/{rel}","templated":true}]}}