{"id":287411,"date":"2025-07-31T19:37:10","date_gmt":"2025-07-31T19:37:10","guid":{"rendered":"https:\/\/www.europesays.com\/fr\/287411\/"},"modified":"2025-07-31T19:37:10","modified_gmt":"2025-07-31T19:37:10","slug":"jai-eu-peur-que-ma-compagne-perde-a-nouveau-notre-bebe-il-se-fait-flasher-a-160-km-h-sans-permis-alors-quil-conduisait-sa-femme-a-lhopital","status":"publish","type":"post","link":"https:\/\/www.europesays.com\/fr\/287411\/","title":{"rendered":"\u00ab\u00a0J\u2019ai eu peur que ma compagne perde \u00e0 nouveau notre b\u00e9b\u00e9\u00a0\u00bb\u00a0: il se fait flasher \u00e0 160\u00a0km\/h sans permis alors qu\u2019il conduisait sa femme \u00e0 l\u2019h\u00f4pital"},"content":{"rendered":"<p>\n                                                                    l&rsquo;essentiel<br \/>\n                                                                Un homme a \u00e9t\u00e9 contr\u00f4l\u00e9 apr\u00e8s une course-poursuite sur l\u2019autoroute en Essonne. Pas de permis, refus d\u2019obtemp\u00e9rer\u2026 Il multipliait les d\u00e9lits. La raison\u00a0? Il conduisait sa femme \u00e0 l\u2019h\u00f4pital.\n                            <\/p>\n<p>\u00ab\u00a0Je ne sais pas ce qui m\u2019est pass\u00e9 par la t\u00eate. J\u2019ai fait n\u2019importe quoi\u00a0\u00bb, s\u2019excuse David (dont le pr\u00e9nom a \u00e9t\u00e9 modifi\u00e9), devant ses juges. Comme le relate\u00a0<a href=\"https:\/\/actu.fr\/ile-de-france\/evry-courcouronnes_91228\/essonne-il-roule-a-160-km-h-sur-l-autoroute-a6-sans-permis-et-assurance-pour-emmener-sa-femme-a-l-hopital_62951374.html\" target=\"_self\" rel=\"nofollow noopener\">Actu.fr<\/a>, le mis en cause a \u00e9t\u00e9 jug\u00e9 par le tribunal d\u2019\u00c9vry (Essonne) ce\u00a0mardi 8\u00a0juillet notamment pour avoir roul\u00e9 \u00e0 160\u00a0km\/h sur la bande d\u2019arr\u00eat d\u2019urgence.<\/p>\n<p>Ce magasinier devait accompagner sa compagne \u00e0 un rendez-vous m\u00e9dical deux jours plus t\u00f4t. Mais puisque son <a href=\"https:\/\/www.ladepeche.fr\/2025\/07\/31\/permis-de-conduire-face-a-lattente-interminable-pour-passer-lexamen-letat-promet-des-places-et-des-inspecteurs-supplementaires-12854128.php\" target=\"_self\" rel=\"nofollow noopener\">permis <\/a>lui a \u00e9t\u00e9 retir\u00e9, c\u2019est sa compagne qui prend\u00a0le volant, comme \u00e0 son habitude. Seulement, apr\u00e8s quelques kilom\u00e8tres, elle se plaint de vives douleurs dans le ventre.<\/p>\n<p class=\"std-elt__inline\">\n        <strong>\u00c0 lire aussi :<\/strong><br \/>\n        <a href=\"https:\/\/www.ladepeche.fr\/2025\/05\/04\/jallais-chercher-un-colis-pour-ma-femme-un-jeune-conducteur-flashe-a-128-kmh-sans-permis-en-plein-depassement-sur-ligne-blanche-12674535.php\" rel=\"nofollow noopener\" target=\"_blank\">\u00ab\u00a0J\u2019allais chercher un colis pour ma femme\u00a0\u00bb\u00a0: un jeune conducteur flash\u00e9 \u00e0 128\u00a0km\/h, sans permis, en plein d\u00e9passement sur ligne blanche<\/a>\n    <\/p>\n<p>C\u2019est l\u00e0 que David perd pied. Depuis un long moment, le couple est engag\u00e9 dans un <a href=\"https:\/\/www.ladepeche.fr\/2025\/07\/03\/fertilite-huit-mois-dattente-pour-un-premier-rendez-vous-en-haute-garonne-un-troisieme-centre-fiv-va-ouvrir-12787651.php\" target=\"_self\" rel=\"nofollow noopener\">protocole de f\u00e9condation in vitro<\/a> pour parvenir \u00e0 avoir un enfant. Mais \u00ab\u00a0toutes leurs derni\u00e8res tentatives se sont sold\u00e9es par des \u00e9checs\u00a0\u00bb, pr\u00e9cise Actu.fr. La crainte de perdre \u00e0 nouveau un enfant d\u00e9passe toute logique, David s\u2019installe alors au volant et, le pied sur l\u2019acc\u00e9l\u00e9rateur, conduit sa femme \u00e0 toute vitesse \u00e0 son rendez-vous m\u00e9dical.<\/p>\n<p>Flash\u00e9 \u00e0 160\u00a0km\/h sur la bande d\u2019arr\u00eat d\u2019urgence<\/p>\n<p>Assez vite, une patrouille rep\u00e8re son <a href=\"https:\/\/www.ladepeche.fr\/2025\/07\/29\/des-conducteurs-alcoolises-aux-gestes-et-comportements-deplaces-12850539.php\" target=\"_self\" rel=\"nofollow noopener\">comportement dangereux sur la route<\/a> et lui fait signe de s\u2019arr\u00eater. David n\u2019obtemp\u00e8re pas et slalome entre les v\u00e9hicules avant de poursuivre sur la bande d\u2019arr\u00eat d\u2019urgence, \u00e0 160\u00a0km\/h. Il finit par \u00eatre coinc\u00e9. Comme si son cas n\u2019\u00e9tait pas d\u00e9j\u00e0 aggrav\u00e9, la voiture qu\u2019il conduisait n\u2019\u00e9tait pas assur\u00e9e.<\/p>\n<p>Une fois convoqu\u00e9 par la justice, l\u2019homme prend conscience de ses erreurs et les assume pleinement. \u00ab\u00a0J\u2019ai de gros regrets, j\u2019aurais d\u00fb m\u2019arr\u00eater imm\u00e9diatement\u00a0\u00bb, reconna\u00eet-il sous le feu des questions de la pr\u00e9sidente du tribunal. Il poursuit\u00a0: \u00ab\u00a0J\u2019\u00e9tais en panique. J\u2019ai eu peur que ma compagne perde \u00e0 nouveau notre b\u00e9b\u00e9\u00a0\u00bb.<\/p>\n<p>Il a finalement \u00e9t\u00e9 condamn\u00e9 \u00ab\u00a0de toutes les pr\u00e9ventions qui \u00e9taient retenues contre lui\u00a0\u00bb. R\u00e9sultat\u00a0? 6 mois d\u2019emprisonnement qu\u2019il effectuera \u00e0 domicile, en portant un <a href=\"https:\/\/www.ladepeche.fr\/2025\/07\/30\/ivre-a-scooter-il-avait-refuse-dobtemperer-aux-gendarmes-en-pleine-ville-il-ecope-de-16-mois-de-bracelet-electronique-a-domicile-12850551.php\" target=\"_self\" rel=\"nofollow noopener\">bracelet \u00e9lectronique<\/a>.<\/p>\n","protected":false},"excerpt":{"rendered":"l&rsquo;essentiel Un homme a \u00e9t\u00e9 contr\u00f4l\u00e9 apr\u00e8s une course-poursuite sur l\u2019autoroute en Essonne. Pas de permis, refus d\u2019obtemp\u00e9rer\u2026&hellip;\n","protected":false},"author":2,"featured_media":287412,"comment_status":"","ping_status":"","sticky":false,"template":"","format":"standard","meta":{"footnotes":""},"categories":[1586],"tags":[11,1777,674,1779,1011,27,12,25,1778,364],"class_list":{"0":"post-287411","1":"post","2":"type-post","3":"status-publish","4":"format-standard","5":"has-post-thumbnail","7":"category-europe","8":"tag-actualites","9":"tag-eu","10":"tag-europe","11":"tag-european-union","12":"tag-fr","13":"tag-france","14":"tag-news","15":"tag-republique-francaise","16":"tag-ue","17":"tag-union-europeenne"},"share_on_mastodon":{"url":"https:\/\/pubeurope.com\/@fr\/114949537335232928","error":""},"_links":{"self":[{"href":"https:\/\/www.europesays.com\/fr\/wp-json\/wp\/v2\/posts\/287411","targetHints":{"allow":["GET"]}}],"collection":[{"href":"https:\/\/www.europesays.com\/fr\/wp-json\/wp\/v2\/posts"}],"about":[{"href":"https:\/\/www.europesays.com\/fr\/wp-json\/wp\/v2\/types\/post"}],"author":[{"embeddable":true,"href":"https:\/\/www.europesays.com\/fr\/wp-json\/wp\/v2\/users\/2"}],"replies":[{"embeddable":true,"href":"https:\/\/www.europesays.com\/fr\/wp-json\/wp\/v2\/comments?post=287411"}],"version-history":[{"count":0,"href":"https:\/\/www.europesays.com\/fr\/wp-json\/wp\/v2\/posts\/287411\/revisions"}],"wp:featuredmedia":[{"embeddable":true,"href":"https:\/\/www.europesays.com\/fr\/wp-json\/wp\/v2\/media\/287412"}],"wp:attachment":[{"href":"https:\/\/www.europesays.com\/fr\/wp-json\/wp\/v2\/media?parent=287411"}],"wp:term":[{"taxonomy":"category","embeddable":true,"href":"https:\/\/www.europesays.com\/fr\/wp-json\/wp\/v2\/categories?post=287411"},{"taxonomy":"post_tag","embeddable":true,"href":"https:\/\/www.europesays.com\/fr\/wp-json\/wp\/v2\/tags?post=287411"}],"curies":[{"name":"wp","href":"https:\/\/api.w.org\/{rel}","templated":true}]}}