{"id":287413,"date":"2025-07-31T19:38:11","date_gmt":"2025-07-31T19:38:11","guid":{"rendered":"https:\/\/www.europesays.com\/fr\/287413\/"},"modified":"2025-07-31T19:38:11","modified_gmt":"2025-07-31T19:38:11","slug":"une-cellule-de-soutien-psychologique-au-chevet-des-croisieristes-choques","status":"publish","type":"post","link":"https:\/\/www.europesays.com\/fr\/287413\/","title":{"rendered":"une cellule de soutien psychologique au chevet des croisi\u00e9ristes choqu\u00e9s"},"content":{"rendered":"<p>\u00ab\u00a0Comment un tel accident peut survenir dans un endroit aussi beau\u00a0?\u00a0\u00bb Dans le grand hall de la gare maritime d&rsquo;Ajaccio, ces mots prononc\u00e9s par une passag\u00e8re britannique du petit train r\u00e9sonnent autrement \u00e0 l&rsquo;oreille d&rsquo;un psychiatre. Engag\u00e9 dans la cellule d&rsquo;urgence m\u00e9dico-psychologique (CUMP) ouverte \u00e0 la mi-journ\u00e9e, le m\u00e9decin y voit la manifestation d&rsquo;une d\u00e9r\u00e9alisation, trouble d\u00e9clench\u00e9 apr\u00e8s une exp\u00e9rience traumatisante.<\/p>\n<p>D\u00e8s 12\u00a0h\u00a030 ce jeudi 31\u00a0juillet, deux cellules d&rsquo;aide psychologique ont \u00e9t\u00e9 d\u00e9clench\u00e9es par le Samu. Les enfants et leurs familles ont \u00e9t\u00e9 regroup\u00e9s \u00e0 l&rsquo;h\u00f4pital de la Mis\u00e9ricorde, tandis que 25 adultes impliqu\u00e9s dans l&rsquo;accident &#8211; sans \u00eatre physiquement bless\u00e9s &#8211; ont \u00e9t\u00e9 rassembl\u00e9s aux abords du port de commerce.<\/p>\n<p>\u00ab\u00a0Beaucoup de stress et d&rsquo;angoisse\u00a0\u00bb<\/p>\n<p>\u00ab\u00a0Il y a beaucoup de t\u00e9moins, il y a des personnes qui peuvent voir l&rsquo;incident et \u00eatre impact\u00e9s, ce qui peut provoquer des traumatismes\u00a0\u00bb, explique S\u00e9bastien Gariglio, cadre de sant\u00e9 de la CUMP. \u00ab\u00a0Cette cellule est l\u00e0 pour pr\u00e9venir au plus t\u00f4t le psychotraumatisme. Nous leur expliquons les \u00e9ventuels sympt\u00f4mes qui peuvent arriver et nous leur expliquons o\u00f9 ils peuvent trouver des ressources\u00a0\u00bb, poursuit-il. Parmi ces sympt\u00f4mes\u00a0: troubles du sommeil, crises d&rsquo;angoisse mais aussi des souvenirs vifs de l&rsquo;accident.<\/p>\n<p>Sans conteste, l&rsquo;esprit de chaque passager a \u00e9t\u00e9 marqu\u00e9 par la violence du choc, le bruit, les cris et la vue des corps bless\u00e9s. \u00ab\u00a0Ils ont \u00e9t\u00e9 choqu\u00e9s pour la plupart, certains ont eu quand m\u00eame beaucoup de stress et d&rsquo;angoisse, notamment les enfants. Ce sont des \u00e9l\u00e9ments de stress post-traumatique assez courants\u00a0\u00bb, note le docteur Marie-H\u00e9l\u00e8ne Cattino. La psychiatre r\u00e9f\u00e9rente de la CUMP a observ\u00e9 ce jeudi \u00ab\u00a0des jeunes familles essentiellement britanniques, qui ont l&rsquo;air plut\u00f4t stables\u00a0\u00bb.<\/p>\n<p>Derri\u00e8re la baie vitr\u00e9e du hall d&#8217;embarquement, la pr\u00e9sence de l&rsquo;imposant navire Marella Voyager rappelle qu&rsquo;un grand nombre de bless\u00e9s sont des croisi\u00e9ristes. Arriv\u00e9s \u00e0 8\u00a0heures en provenance de Rome, 24 vacanciers avaient \u00e9t\u00e9 pris en charge par la CUMP avant de regagner leur navire.\u00a0\u00ab\u00a0Nous avons embarqu\u00e9 les passagers qui ont des blessures sans gravit\u00e9, et nous aidons ceux qui pr\u00e9sentent des signes de stress post-traumatique\u00a0\u00bb, indiquait le responsable de l&rsquo;\u00e9quipe sanitaire du navire, venu aux c\u00f4t\u00e9s des secours ajacciens.<\/p>\n<p>\u00ab\u00a0Nous n&rsquo;avons pas beaucoup d&rsquo;information sur l&rsquo;\u00e9tat des bless\u00e9s graves qui se trouvent \u00e0 l&rsquo;h\u00f4pital\u00a0\u00bb, ajoutait ce membre d&rsquo;\u00e9quipage. La croisi\u00e8re aux 2\u00a0200 passagers est repartie \u00e0 16\u00a0heures en direction du port catalan de Palam\u00f3s, sonnant le glas de cette douloureuse excursion.<\/p>\n","protected":false},"excerpt":{"rendered":"\u00ab\u00a0Comment un tel accident peut survenir dans un endroit aussi beau\u00a0?\u00a0\u00bb Dans le grand hall de la gare&hellip;\n","protected":false},"author":2,"featured_media":287414,"comment_status":"","ping_status":"","sticky":false,"template":"","format":"standard","meta":{"footnotes":""},"categories":[2],"tags":[17,119,11,5622,1102,10979,274,1011,27,12,15864,25,7618,926,96],"class_list":{"0":"post-287413","1":"post","2":"type-post","3":"status-publish","4":"format-standard","5":"has-post-thumbnail","7":"category-actualites","8":"tag-17","9":"tag-accident","10":"tag-actualites","11":"tag-ajaccio","12":"tag-breakingnews","13":"tag-cellule","14":"tag-faits-divers-justice","15":"tag-fr","16":"tag-france","17":"tag-news","18":"tag-petit","19":"tag-republique-francaise","20":"tag-soutien","21":"tag-train","22":"tag-une"},"share_on_mastodon":{"url":"https:\/\/pubeurope.com\/@fr\/114949541301041515","error":""},"_links":{"self":[{"href":"https:\/\/www.europesays.com\/fr\/wp-json\/wp\/v2\/posts\/287413","targetHints":{"allow":["GET"]}}],"collection":[{"href":"https:\/\/www.europesays.com\/fr\/wp-json\/wp\/v2\/posts"}],"about":[{"href":"https:\/\/www.europesays.com\/fr\/wp-json\/wp\/v2\/types\/post"}],"author":[{"embeddable":true,"href":"https:\/\/www.europesays.com\/fr\/wp-json\/wp\/v2\/users\/2"}],"replies":[{"embeddable":true,"href":"https:\/\/www.europesays.com\/fr\/wp-json\/wp\/v2\/comments?post=287413"}],"version-history":[{"count":0,"href":"https:\/\/www.europesays.com\/fr\/wp-json\/wp\/v2\/posts\/287413\/revisions"}],"wp:featuredmedia":[{"embeddable":true,"href":"https:\/\/www.europesays.com\/fr\/wp-json\/wp\/v2\/media\/287414"}],"wp:attachment":[{"href":"https:\/\/www.europesays.com\/fr\/wp-json\/wp\/v2\/media?parent=287413"}],"wp:term":[{"taxonomy":"category","embeddable":true,"href":"https:\/\/www.europesays.com\/fr\/wp-json\/wp\/v2\/categories?post=287413"},{"taxonomy":"post_tag","embeddable":true,"href":"https:\/\/www.europesays.com\/fr\/wp-json\/wp\/v2\/tags?post=287413"}],"curies":[{"name":"wp","href":"https:\/\/api.w.org\/{rel}","templated":true}]}}