{"id":287419,"date":"2025-07-31T19:43:10","date_gmt":"2025-07-31T19:43:10","guid":{"rendered":"https:\/\/www.europesays.com\/fr\/287419\/"},"modified":"2025-07-31T19:43:10","modified_gmt":"2025-07-31T19:43:10","slug":"la-nouvelle-aventure-de-richie-arnold-debute-mal","status":"publish","type":"post","link":"https:\/\/www.europesays.com\/fr\/287419\/","title":{"rendered":"La nouvelle aventure de Richie Arnold d\u00e9bute mal !"},"content":{"rendered":"<p><strong>Aur\u00e9ol\u00e9 d\u2019un titre de champion de France avec Toulouse, Richie Arnold a fait ses premiers pas \u00e0 Soyaux-Angoul\u00eame ce mardi matin. <\/strong><\/p>\n<p><strong>S\u2019il n\u2019a pas encore touch\u00e9 le ballon, sa simple pr\u00e9sence a suscit\u00e9 curiosit\u00e9, enthousiasme\u2026 et quelques interrogations.<\/strong><\/p>\n<p>Le public charentais avait coch\u00e9 la date. Ce mardi, une centaine de supporters s\u2019\u00e9taient d\u00e9plac\u00e9s \u00e0 Chanzy pour assister \u00e0 l\u2019entra\u00eenement ouvert du SA XV et apercevoir de pr\u00e8s les nouvelles t\u00eates.<\/p>\n<p>Parmi elles, celle \u2013 bien au-dessus des autres \u2013 de Richie Arnold, 2,08 m\u00e8tres de rugbyman australien, sacr\u00e9 champion de France avec le Stade Toulousain en juin dernier.<\/p>\n<p>Figure incontournable du Top 14 ces derni\u00e8res saisons, Arnold a rejoint le club promu en Pro D2 dans l\u2019un des transferts les plus inattendus de l\u2019intersaison. Un renfort de poids, litt\u00e9ralement, qui pourrait bien devenir la pierre angulaire du projet charentais.<\/p>\n<p>Bless\u00e9 au genou, le deuxi\u00e8me ligne arborait une attelle et s\u2019est content\u00e9 d\u2019un r\u00f4le d\u2019observateur lors de la s\u00e9ance publique explique <a href=\"https:\/\/www.charentelibre.fr\/sport\/rugby\/richie-arnold-la-recrue-star-du-sa-xv-mais-a-l-arret-25438307.php\" rel=\"nofollow noopener\" target=\"_blank\">Charente Libre.<\/a> Une image qui n\u2019a pas \u00e9chapp\u00e9 aux supporters pr\u00e9sents, entre inqui\u00e9tude et patience.<\/p>\n<p>Dans les trav\u00e9es de Chanzy, les commentaires vont bon train. Car au-del\u00e0 de la stature, Arnold am\u00e8ne avec lui un v\u00e9cu, une exp\u00e9rience du tr\u00e8s haut niveau et une exigence qui pourraient vite faire basculer le vestiaire du SA XV vers une nouvelle dynamique.<\/p>\n<p>Pour ce match de gala contre les vice-champions de France, les regards seront tourn\u00e9s vers Richie Arnold : sera-t-il apte ? Peut-il \u00eatre le facteur X d\u2019une saison ambitieuse ?<\/p>\n<p>En attendant, Soyaux-Angoul\u00eame se pr\u00e9pare avec en ligne de mire une chose : faire de cette recrue toulousaine un vrai totem de son nouveau projet.<\/p>\n","protected":false},"excerpt":{"rendered":"Aur\u00e9ol\u00e9 d\u2019un titre de champion de France avec Toulouse, Richie Arnold a fait ses premiers pas \u00e0 Soyaux-Angoul\u00eame&hellip;\n","protected":false},"author":2,"featured_media":287420,"comment_status":"","ping_status":"","sticky":false,"template":"","format":"standard","meta":{"footnotes":""},"categories":[1416],"tags":[1011,27,479,1468,60],"class_list":{"0":"post-287419","1":"post","2":"type-post","3":"status-publish","4":"format-standard","5":"has-post-thumbnail","7":"category-rugby","8":"tag-fr","9":"tag-france","10":"tag-rugby","11":"tag-rugby-football","12":"tag-sports"},"share_on_mastodon":{"url":"https:\/\/pubeurope.com\/@fr\/114949561013417722","error":""},"_links":{"self":[{"href":"https:\/\/www.europesays.com\/fr\/wp-json\/wp\/v2\/posts\/287419","targetHints":{"allow":["GET"]}}],"collection":[{"href":"https:\/\/www.europesays.com\/fr\/wp-json\/wp\/v2\/posts"}],"about":[{"href":"https:\/\/www.europesays.com\/fr\/wp-json\/wp\/v2\/types\/post"}],"author":[{"embeddable":true,"href":"https:\/\/www.europesays.com\/fr\/wp-json\/wp\/v2\/users\/2"}],"replies":[{"embeddable":true,"href":"https:\/\/www.europesays.com\/fr\/wp-json\/wp\/v2\/comments?post=287419"}],"version-history":[{"count":0,"href":"https:\/\/www.europesays.com\/fr\/wp-json\/wp\/v2\/posts\/287419\/revisions"}],"wp:featuredmedia":[{"embeddable":true,"href":"https:\/\/www.europesays.com\/fr\/wp-json\/wp\/v2\/media\/287420"}],"wp:attachment":[{"href":"https:\/\/www.europesays.com\/fr\/wp-json\/wp\/v2\/media?parent=287419"}],"wp:term":[{"taxonomy":"category","embeddable":true,"href":"https:\/\/www.europesays.com\/fr\/wp-json\/wp\/v2\/categories?post=287419"},{"taxonomy":"post_tag","embeddable":true,"href":"https:\/\/www.europesays.com\/fr\/wp-json\/wp\/v2\/tags?post=287419"}],"curies":[{"name":"wp","href":"https:\/\/api.w.org\/{rel}","templated":true}]}}