{"id":287424,"date":"2025-07-31T19:47:16","date_gmt":"2025-07-31T19:47:16","guid":{"rendered":"https:\/\/www.europesays.com\/fr\/287424\/"},"modified":"2025-07-31T19:47:16","modified_gmt":"2025-07-31T19:47:16","slug":"pluie-visibilite-et-progres-a-lhorizon-%f0%9f%8c%a7%ef%b8%8f%f0%9f%8f%81","status":"publish","type":"post","link":"https:\/\/www.europesays.com\/fr\/287424\/","title":{"rendered":"Pluie, Visibilit\u00e9 et Progr\u00e8s \u00e0 l\u2019Horizon \ud83c\udf27\ufe0f\ud83c\udfc1"},"content":{"rendered":"<p>\ud83c\udf26\ufe0f Pluie et S\u00e9curit\u00e9 : Un \u00c9quilibre D\u00e9licat en <a href=\"https:\/\/www.formula1.com\/\" target=\"_blank\" rel=\"nofollow noopener\">Formule 1<\/a><\/p>\n<p>Organiser une course de <a href=\"https:\/\/www.formula1.com\/\" target=\"_blank\" rel=\"nofollow noopener\">Formule 1<\/a> sous la pluie est un exercice complexe, exigeant un savant dosage entre comp\u00e9tition et s\u00fbret\u00e9. Lors du dernier Grand Prix de Belgique, la prudence de la direction de course, qui a retard\u00e9 le d\u00e9part jusqu\u2019\u00e0 une am\u00e9lioration des conditions m\u00e9t\u00e9o, a fait d\u00e9bat. Certains champions comme Lewis Hamilton ont jug\u00e9 cette r\u00e9ticence excessive, estimant que la F1 devait pr\u00e9server l\u2019essence des courses sous la pluie. En revanche, d\u2019autres pilotes rappellent l\u2019importance de pr\u00e9server la vie humaine avant tout.<\/p>\n<p><img decoding=\"async\" src=\"https:\/\/www.europesays.com\/fr\/wp-content\/uploads\/2025\/07\/688ba08f14e8360ca4e9f2f1_XPB_1363310_HiRes.jpeg\" alt=\"Nous avons d\u00e9j\u00e0 perdu assez de pilotes - un plaidoyer pour plus de s\u00e9curit\u00e9 en F1 sous la pluie\"\/><\/p>\n<p>Esteban Ocon se souvient de sa premi\u00e8re exp\u00e9rience \u00e0 Spa sous la pluie, o\u00f9 la visibilit\u00e9 \u00e9tait quasi nulle. Il explique : \u00ab J&rsquo;\u00e9tais tout au fond de la grille, et malgr\u00e9 la vitesse, impossible de voir devant. J&rsquo;ai r\u00e9ussi \u00e0 \u00e9viter un accident par r\u00e9flexe, mais cela aurait pu tr\u00e8s mal finir. \u00bb Ocon, comme d\u2019autres, insiste sur la n\u00e9cessit\u00e9 de ne plus perdre de pilotes dans ces conditions extr\u00eames. La trag\u00e9die de Jules Bianchi en 2014, ou celle de Dilano van&rsquo;t Hoff \u00e0 Spa en 2023, sont encore dans toutes les m\u00e9moires.<\/p>\n<p><img decoding=\"async\" src=\"https:\/\/www.europesays.com\/fr\/wp-content\/uploads\/2025\/07\/688ba09014e8360ca4e9f3a2_XPB_1363296_HiRes.jpeg\" class=\"kg-image\" alt=\"Nous avons d\u00e9j\u00e0 perdu assez de pilotes - un plaidoyer pour plus de s\u00e9curit\u00e9 en F1 sous la pluie\"\/><\/p>\n<p>La recherche de la s\u00e9curit\u00e9 reste donc centrale lorsqu\u2019il s\u2019agit de courses sous la pluie. M\u00eame si la tentation d\u2019offrir des spectacles \u00e9piques reste forte, la F1 privil\u00e9gie aujourd\u2019hui la prudence, car la moindre erreur de jugement peut avoir des cons\u00e9quences dramatiques.<\/p>\n<p>\ud83d\udea5 La Visibilit\u00e9, Vrai C\u0153ur du D\u00e9bat en F1<\/p>\n<p>La question de la visibilit\u00e9 est au centre des pr\u00e9occupations. Plusieurs pilotes, dont Pierre Gasly et Carlos Sainz, soulignent que rouler sous la pluie n&rsquo;est pas le probl\u00e8me central : c&rsquo;est l\u2019impossibilit\u00e9 de voir la voiture de devant qui constitue le v\u00e9ritable danger. Gasly plaide pour une collaboration \u00e9troite avec la <a href=\"https:\/\/www.fia.com\/\" target=\"_blank\" rel=\"nofollow noopener\">FIA<\/a> afin de trouver le juste \u00e9quilibre.<\/p>\n<p>Carlos Sainz rappelle que Spa-Francorchamps n\u2019est pas un circuit comme les autres : \u00ab \u00c0 Spa, l\u2019histoire tragique impose une grande prudence. Peut-\u00eatre avons-nous manqu\u00e9 de communication, car la <a href=\"https:\/\/www.fia.com\/\" target=\"_blank\" rel=\"nofollow noopener\">FIA<\/a> avait \u00e9t\u00e9 claire sur une approche conservatrice compte tenu du pass\u00e9 sombre du lieu. \u00bb Il remarque toutefois qu\u2019une reprise plus rapide de la course apr\u00e8s le drapeau rouge aurait pu \u00eatre envisag\u00e9e, sans compromettre la s\u00e9curit\u00e9 des pilotes.<\/p>\n<p><img decoding=\"async\" src=\"https:\/\/www.europesays.com\/fr\/wp-content\/uploads\/2025\/07\/6888f372de0b739be4653651_XPB_1363362_HiRes.jpeg\" class=\"kg-image\" alt=\"Nous avons d\u00e9j\u00e0 perdu assez de pilotes - un plaidoyer pour plus de s\u00e9curit\u00e9 en F1 sous la pluie\"\/><\/p>\n<p>Max Verstappen, pour sa part, estime que les pilotes doivent aussi prendre leurs responsabilit\u00e9s. Il pr\u00e9cise que la g\u00e9n\u00e9ration actuelle de monoplaces, dot\u00e9es de gros diffuseurs et de larges pneus, g\u00e9n\u00e8re plus de projections d\u2019eau que jamais. Cela accentue le probl\u00e8me de visibilit\u00e9 et rend les d\u00e9cisions encore plus complexes.<\/p>\n<p><img decoding=\"async\" src=\"https:\/\/www.europesays.com\/fr\/wp-content\/uploads\/2025\/07\/688ba09014e8360ca4e9f3a8_SI202507271513.jpeg\" class=\"kg-image\" alt=\"Nous avons d\u00e9j\u00e0 perdu assez de pilotes - un plaidoyer pour plus de s\u00e9curit\u00e9 en F1 sous la pluie\"\/><\/p>\n<p>Verstappen fait remarquer qu\u2019il existe toujours des marges d\u2019adaptation individuelles, les pilotes pouvant lever le pied ou augmenter la distance de s\u00e9curit\u00e9 s\u2019il y a doute. Cependant, il rappelle aussi que le d\u00e9fi de la visibilit\u00e9 n\u2019a jamais \u00e9t\u00e9 aussi aiguis\u00e9.<\/p>\n<p>\ud83d\udee0\ufe0f Quelles Solutions pour l\u2019Avenir ?<\/p>\n<p>La qu\u00eate de solutions innovantes anime d\u00e9sormais le paddock. Carlos Sainz propose d\u2019exp\u00e9rimenter de nouveaux types d\u2019asphalte, capables de limiter les projections d\u2019eau. Selon lui, certains rev\u00eatements permettent de voir \u201cz\u00e9ro projection\u201d sur autoroute, mais ne sont pas adapt\u00e9s pour les circuits, car trop abrasifs pour les pneus en conditions s\u00e8ches. Il invite n\u00e9anmoins \u00e0 r\u00e9fl\u00e9chir \u00e0 ces mat\u00e9riaux comme point de d\u00e9part.<\/p>\n<p><img decoding=\"async\" src=\"https:\/\/www.europesays.com\/fr\/wp-content\/uploads\/2025\/07\/688ba09014e8360ca4e9f395_XPB_1363270_HiRes.jpeg\" class=\"kg-image\" alt=\"Nous avons d\u00e9j\u00e0 perdu assez de pilotes - un plaidoyer pour plus de s\u00e9curit\u00e9 en F1 sous la pluie\"\/><\/p>\n<p>Fernando Alonso abonde dans le m\u00eame sens et note que la solution du tarmac anti-projection m\u00e9rite d\u2019\u00eatre \u00e9tudi\u00e9e, quitte \u00e0 composer avec une usure accrue en conditions s\u00e8ches. Il rappelle l\u2019importance de trouver un compromis entre s\u00e9curit\u00e9 par temps de pluie et performance lorsqu\u2019il fait sec.<\/p>\n<p><img decoding=\"async\" src=\"https:\/\/www.europesays.com\/fr\/wp-content\/uploads\/2025\/07\/688ba09014e8360ca4e9f3ac_XPB_1363109_HiRes.jpeg\" class=\"kg-image\" alt=\"Nous avons d\u00e9j\u00e0 perdu assez de pilotes - un plaidoyer pour plus de s\u00e9curit\u00e9 en F1 sous la pluie\"\/><\/p>\n<p>George Russell, quant \u00e0 lui, imagine l\u2019avenir o\u00f9 la technologie pourrait pallier le manque de visibilit\u00e9 gr\u00e2ce \u00e0 des t\u00eates hautes affichant les positions des voitures voisines, m\u00eame en cas de brouillard intense. Avec les progr\u00e8s du GPS et des syst\u00e8mes embarqu\u00e9s, cette id\u00e9e pourrait r\u00e9volutionner la s\u00e9curit\u00e9 des pilotes lors des courses pluvieuses.<\/p>\n<p><img decoding=\"async\" src=\"https:\/\/www.europesays.com\/fr\/wp-content\/uploads\/2025\/07\/688ba09014e8360ca4e9f3a5_XPB_1363419_HiRes.jpeg\" class=\"kg-image\" alt=\"Nous avons d\u00e9j\u00e0 perdu assez de pilotes - un plaidoyer pour plus de s\u00e9curit\u00e9 en F1 sous la pluie\"\/><\/p>\n<p>Si la technologie offre des perspectives fascinantes, l\u2019humilit\u00e9 est de mise : trouver la solution miracle r\u00e9clame du temps et de l\u2019intelligence collective. Pour l\u2019instant, la prudence demeure la r\u00e8gle, en attendant les prochaines ruptures technologiques.<\/p>\n<p>\ud83c\udfce\ufe0f L\u2019\u00c9volution des Monoplaces : Le R\u00f4le des R\u00e9glementations et de la Technologie<\/p>\n<p>Si l\u2019on compare la F1 d\u2019aujourd\u2019hui \u00e0 celle d\u2019il y a une d\u00e9cennie, le contraste est saisissant. Beaucoup \u00e9voquent la course \u00e9pique du Br\u00e9sil 2016, o\u00f9 les F1 roulaient sur pneus pluie extr\u00eames. Mais depuis l\u2019arriv\u00e9e des monoplaces \u00e0 effet de sol et l\u2019\u00e9largissement important des voitures, la situation a radicalement chang\u00e9. Carlos Sainz explique : \u00ab Aujourd\u2019hui, m\u00eame avec des pneus pluie, la visibilit\u00e9 devient nulle d\u00e8s qu&rsquo;il pleut fort. \u00c0 l\u2019\u00e9poque, on voyait encore une partie de la piste. \u00bb<\/p>\n<p><img decoding=\"async\" src=\"https:\/\/www.europesays.com\/fr\/wp-content\/uploads\/2025\/07\/688ba09014e8360ca4e9f39c_XPB_854049_HiRes.jpeg\" class=\"kg-image\" alt=\"Nous avons d\u00e9j\u00e0 perdu assez de pilotes - un plaidoyer pour plus de s\u00e9curit\u00e9 en F1 sous la pluie\"\/><\/p>\n<p>Ollie Bearman, jeune espoir de la discipline, se souvient que les projections \u00e9taient bien moindres avec les anciennes F1. Aujourd\u2019hui, le sillage d\u2019eau g\u00e9n\u00e9r\u00e9 par une monoplace peut recouvrir toute la piste. Il d\u00e9crit le sentiment d\u2019impuissance ressenti lorsqu\u2019on n\u2019aper\u00e7oit plus ni freins ni rep\u00e8res visuels.<\/p>\n<p><img decoding=\"async\" src=\"https:\/\/www.europesays.com\/fr\/wp-content\/uploads\/2025\/07\/688ba09014e8360ca4e9f398_XPB_854042_HiRes.jpeg\" class=\"kg-image\" alt=\"Nous avons d\u00e9j\u00e0 perdu assez de pilotes - un plaidoyer pour plus de s\u00e9curit\u00e9 en F1 sous la pluie\"\/><\/p>\n<p>Bearman note que les innovations comme les rainures de drainage r\u00e9cemment ajout\u00e9es sur certaines lignes droites (comme avant Eau Rouge) constituent des pistes prometteuses. Selon lui, am\u00e9liorer l\u2019\u00e9vacuation de l\u2019eau sur les parties rapides du circuit pourrait significativement r\u00e9duire les risques.<\/p>\n<p><img decoding=\"async\" src=\"https:\/\/www.europesays.com\/fr\/wp-content\/uploads\/2025\/07\/688ba09014e8360ca4e9f39f_XPB_854019_HiRes.jpeg\" class=\"kg-image\" alt=\"Nous avons d\u00e9j\u00e0 perdu assez de pilotes - un plaidoyer pour plus de s\u00e9curit\u00e9 en F1 sous la pluie\"\/><\/p>\n<p>Le consensus parmi les pilotes est que l\u2019\u00e9volution technologique devra aller de pair avec une approche r\u00e9glementaire adapt\u00e9e, favorisant des pistes plus s\u00fbres tout en garantissant le spectacle.<\/p>\n<p>\ud83d\udca1 Vers un Nouvel \u00c2ge d\u2019Or pour la Pluie en F1 ?<\/p>\n<p>La pluie a toujours fait partie int\u00e9grante de la l\u00e9gende de la <a href=\"https:\/\/www.formula1.com\/\" target=\"_blank\" rel=\"nofollow noopener\">Formule 1<\/a>. Les duels mythiques sous l\u2019orage inscrivent souvent les pilotes dans les m\u00e9moires. Mais aujourd\u2019hui, chaque d\u00e9cision li\u00e9e \u00e0 la s\u00e9curit\u00e9 a pris un poids in\u00e9dit, fruit d\u2019un long apprentissage et de drames marquants. La communaut\u00e9 de la F1 travaille activement \u00e0 des solutions, de nouvelles homologations de circuits \u00e0 l\u2019\u00e9tude de tarmacs in\u00e9dits en passant par le d\u00e9veloppement d\u2019aides technologiques.<\/p>\n<p>La voix des pilotes, souvent en d\u00e9saccord mais toujours constructive, illustre la passion commune de toute la discipline : pouvoir s\u2019affronter, m\u00eame sous les pires averses, sans avoir \u00e0 craindre le pire. La route est encore longue, mais la d\u00e9termination \u00e0 gagner ce pari est plus forte que jamais.<\/p>\n<p><strong>Face aux \u00e9l\u00e9ments, la <a href=\"https:\/\/www.formula1.com\/\" target=\"_blank\" rel=\"nofollow noopener\">Formule 1<\/a> avance unie et d\u00e9termin\u00e9e : un avenir plus s\u00fbr et exaltant se dessine, o\u00f9 chaque goutte de pluie sera aussi une promesse d\u2019innovation et de progr\u00e8s.<\/strong><\/p>\n<p>Comme la F1 innove pour la s\u00e9curit\u00e9, la passion automobile se r\u00e9invente aussi : qui n\u2019a jamais r\u00eav\u00e9 de vivre des sensations dignes d\u2019une <a href=\"https:\/\/www.ferrari.com\/fr-FR\/auto\/488-gtb\" target=\"_blank\" rel=\"nofollow noopener\">Ferrari 488 GTB<\/a> ? Vivez l&rsquo;\u00e9motion sans compromis, en toute tranquillit\u00e9 avec nos solutions de LOA et garanties.<\/p>\n<p>Heading 2Heading 3Heading 4Heading 5<img decoding=\"async\" src=\"https:\/\/www.europesays.com\/fr\/wp-content\/uploads\/2025\/07\/688a238422ea86dba67d6cc4_Capture d\u2019e\u0301cran 2025-07-22 a\u0300 12.14.18.png\" loading=\"lazy\" alt=\"\"\/>Heading 6<\/p>\n<p>Lorem ipsum dolor sit amet, consectetur adipiscing elit, sed do eiusmod tempor incididunt ut labore et dolore magna aliqua. Ut enim ad minim veniam, quis nostrud exercitation ullamco laboris nisi ut aliquip ex ea commodo consequat. Duis aute irure dolor in reprehenderit in voluptate velit esse cillum dolore eu fugiat nulla pariatur.<\/p>\n<blockquote><p>Block quote<\/p><\/blockquote>\n<p>Ordered list<\/p>\n<ol role=\"list\">\n<li>Item 1<\/li>\n<li>Item 2<\/li>\n<li>Item 3<\/li>\n<\/ol>\n<p>Unordered list<\/p>\n<p><a href=\"https:\/\/university.webflow.com\/lesson\/add-and-nest-text-links-in-webflow\" rel=\"nofollow noopener\" target=\"_blank\">Text link<\/a><\/p>\n<p><strong>Bold text<\/strong><\/p>\n<p>Emphasis<\/p>\n<p>Superscript<\/p>\n<p>Subscript<\/p>\n","protected":false},"excerpt":{"rendered":"\ud83c\udf26\ufe0f Pluie et S\u00e9curit\u00e9 : Un \u00c9quilibre D\u00e9licat en Formule 1 Organiser une course de Formule 1 sous&hellip;\n","protected":false},"author":2,"featured_media":287425,"comment_status":"","ping_status":"","sticky":false,"template":"","format":"standard","meta":{"footnotes":""},"categories":[1412],"tags":[1451,1452,1453,1454,1455,1011,27,60],"class_list":{"0":"post-287424","1":"post","2":"type-post","3":"status-publish","4":"format-standard","5":"has-post-thumbnail","7":"category-f1","8":"tag-f1","9":"tag-formula-1","10":"tag-formula1","11":"tag-formule-1","12":"tag-formule1","13":"tag-fr","14":"tag-france","15":"tag-sports"},"share_on_mastodon":{"url":"https:\/\/pubeurope.com\/@fr\/114949576930656725","error":""},"_links":{"self":[{"href":"https:\/\/www.europesays.com\/fr\/wp-json\/wp\/v2\/posts\/287424","targetHints":{"allow":["GET"]}}],"collection":[{"href":"https:\/\/www.europesays.com\/fr\/wp-json\/wp\/v2\/posts"}],"about":[{"href":"https:\/\/www.europesays.com\/fr\/wp-json\/wp\/v2\/types\/post"}],"author":[{"embeddable":true,"href":"https:\/\/www.europesays.com\/fr\/wp-json\/wp\/v2\/users\/2"}],"replies":[{"embeddable":true,"href":"https:\/\/www.europesays.com\/fr\/wp-json\/wp\/v2\/comments?post=287424"}],"version-history":[{"count":0,"href":"https:\/\/www.europesays.com\/fr\/wp-json\/wp\/v2\/posts\/287424\/revisions"}],"wp:featuredmedia":[{"embeddable":true,"href":"https:\/\/www.europesays.com\/fr\/wp-json\/wp\/v2\/media\/287425"}],"wp:attachment":[{"href":"https:\/\/www.europesays.com\/fr\/wp-json\/wp\/v2\/media?parent=287424"}],"wp:term":[{"taxonomy":"category","embeddable":true,"href":"https:\/\/www.europesays.com\/fr\/wp-json\/wp\/v2\/categories?post=287424"},{"taxonomy":"post_tag","embeddable":true,"href":"https:\/\/www.europesays.com\/fr\/wp-json\/wp\/v2\/tags?post=287424"}],"curies":[{"name":"wp","href":"https:\/\/api.w.org\/{rel}","templated":true}]}}