{"id":28743,"date":"2025-04-16T07:39:15","date_gmt":"2025-04-16T07:39:15","guid":{"rendered":"https:\/\/www.europesays.com\/fr\/28743\/"},"modified":"2025-04-16T07:39:15","modified_gmt":"2025-04-16T07:39:15","slug":"katy-perry-dans-lespace-la-quintessence-de-legoisme-selon-isabelle-saporta","status":"publish","type":"post","link":"https:\/\/www.europesays.com\/fr\/28743\/","title":{"rendered":"Katy Perry dans l&rsquo;espace : \u00ab\u00a0La quintessence de l&rsquo;\u00e9go\u00efsme\u00a0\u00bb, selon Isabelle Saporta"},"content":{"rendered":"<p class=\"article-p mdl\">Un voyage dans l&rsquo;espace \u00e0 100 km de la Terre. La chanteuse Katy Perry est mont\u00e9e, le 14 avril, \u00e0 bord de la fus\u00e9e de Jeff Bezos lors d&rsquo;un voyage de\u00a011 minutes, <strong>11 petites minutes <\/strong>dans l&rsquo;espace qui auront consomm\u00e9 la bagatelle de 27,2 tonnes de CO2.\u00a0<\/p>\n<p class=\"article-p mdl\">C&rsquo;est-\u00e0-dire plus de 10 ans de repas avec du b\u0153uf tous les jours, <strong>11,5 millions de kilom\u00e8tres en TGV, <\/strong>54 ann\u00e9es de consommation \u00e9lectrique pour un foyer, 10 ans de chauffage, 14 ans de conduite en voiture thermique, 111 ordinateurs portables, 500.000 heures de streaming vid\u00e9o.\u00a0<\/p>\n<p class=\"article-p mdl\">Katy Perry peut trouver l&rsquo;exp\u00e9rience planante avec sa marguerite \u00e0 la main, elle peut embrasser le sol en revenant sur Terre, elle lui doit bien \u00e7a. Elle peut aussi chanter What a wonderful world\u00a0dans l&rsquo;espace pour \u00ab\u00a0ce magnifique monde dans lequel nous vivons\u00a0\u00bb pour le bien de la Terre.<\/p>\n<p class=\"article-p mdl\">Elle peut se draper dans un galimatias \u00e9colo \u00e9vang\u00e9lique, mais nous, on sait que<strong> ce voyage est la quintessence de l&rsquo;\u00e9go\u00efsme rapace d&rsquo;une \u00e9lite d&rsquo;ultra-riches<\/strong> qui n&rsquo;a m\u00eame pas conscience. Comment vous voulez apr\u00e8s \u00e7a dire aux Fran\u00e7ais de larguer leur vieille voiture\u00a0<a class=\"link\" href=\"https:\/\/www.rtl.fr\/actu\/debats-societe\/zfe-si-elles-sont-maintenues-c-est-quasiment-une-declaration-de-secession-de-paris-estime-alexandre-jardin-sur-rtl-7900492305\" title=\"ZFE : &quot;Si elles sont maintenues, c&#039;est quasiment une d\u00e9claration de s\u00e9cession de Paris&quot;, estime Alexandre Jardin sur RTL\" target=\"_blank\" rel=\"noopener\">parce qu&rsquo;elle n&rsquo;est pas compatible avec la ZFE<\/a>\u00a0?\u00a0<\/p>\n<p>    La r\u00e9daction vous recommande<\/p>\n<p class=\"s-newsletter__title\">\n                L\u2019actualit\u00e9 par la r\u00e9daction de RTL dans votre bo\u00eete mail.\n            <\/p>\n<p class=\"s-newsletter__subtitle\">\n                Gr\u00e2ce \u00e0 votre compte RTL abonnez-vous \u00e0 la newsletter RTL info pour suivre toute l&rsquo;actualit\u00e9 au quotidien\n            <\/p>\n<p>\n                                    Lire la suite\n                                <\/p>\n","protected":false},"excerpt":{"rendered":"Un voyage dans l&rsquo;espace \u00e0 100 km de la Terre. La chanteuse Katy Perry est mont\u00e9e, le 14&hellip;\n","protected":false},"author":2,"featured_media":28744,"comment_status":"","ping_status":"","sticky":false,"template":"","format":"standard","meta":{"footnotes":""},"categories":[2],"tags":[11,646,6955,4107,107,1011,27,12,362,25,10069],"class_list":{"0":"post-28743","1":"post","2":"type-post","3":"status-publish","4":"format-standard","5":"has-post-thumbnail","7":"category-actualites","8":"tag-actualites","9":"tag-automobile","10":"tag-autoroute","11":"tag-chantier","12":"tag-fil-info","13":"tag-fr","14":"tag-france","15":"tag-news","16":"tag-replay","17":"tag-republique-francaise","18":"tag-rse-ecologie"},"share_on_mastodon":{"url":"https:\/\/pubeurope.com\/@fr\/114346509226287730","error":""},"_links":{"self":[{"href":"https:\/\/www.europesays.com\/fr\/wp-json\/wp\/v2\/posts\/28743","targetHints":{"allow":["GET"]}}],"collection":[{"href":"https:\/\/www.europesays.com\/fr\/wp-json\/wp\/v2\/posts"}],"about":[{"href":"https:\/\/www.europesays.com\/fr\/wp-json\/wp\/v2\/types\/post"}],"author":[{"embeddable":true,"href":"https:\/\/www.europesays.com\/fr\/wp-json\/wp\/v2\/users\/2"}],"replies":[{"embeddable":true,"href":"https:\/\/www.europesays.com\/fr\/wp-json\/wp\/v2\/comments?post=28743"}],"version-history":[{"count":0,"href":"https:\/\/www.europesays.com\/fr\/wp-json\/wp\/v2\/posts\/28743\/revisions"}],"wp:featuredmedia":[{"embeddable":true,"href":"https:\/\/www.europesays.com\/fr\/wp-json\/wp\/v2\/media\/28744"}],"wp:attachment":[{"href":"https:\/\/www.europesays.com\/fr\/wp-json\/wp\/v2\/media?parent=28743"}],"wp:term":[{"taxonomy":"category","embeddable":true,"href":"https:\/\/www.europesays.com\/fr\/wp-json\/wp\/v2\/categories?post=28743"},{"taxonomy":"post_tag","embeddable":true,"href":"https:\/\/www.europesays.com\/fr\/wp-json\/wp\/v2\/tags?post=28743"}],"curies":[{"name":"wp","href":"https:\/\/api.w.org\/{rel}","templated":true}]}}