{"id":287431,"date":"2025-07-31T19:51:18","date_gmt":"2025-07-31T19:51:18","guid":{"rendered":"https:\/\/www.europesays.com\/fr\/287431\/"},"modified":"2025-07-31T19:51:18","modified_gmt":"2025-07-31T19:51:18","slug":"depuis-11-ans-noemie-chouquet-photographie-les-nouveau-nes","status":"publish","type":"post","link":"https:\/\/www.europesays.com\/fr\/287431\/","title":{"rendered":"Depuis 11 ans, No\u00e9mie Chouquet photographie les nouveau-n\u00e9s"},"content":{"rendered":"<p class=\"article__intro\">C&rsquo;est un m\u00e9tier peu courant, celui de photographe sp\u00e9cialis\u00e9 dans le portrait de b\u00e9b\u00e9s. Rencontre avec No\u00e9mie Chouquet dans son studio, lors d&rsquo;une s\u00e9ance de prises de vues.<\/p>\n<p>\n      La Quotidienne Soci\u00e9t\u00e9\n    <\/p>\n<p>\n      De la vie quotidienne aux grands enjeux, recevez tous les jours les sujets qui font la soci\u00e9t\u00e9 locale, comme la justice, l\u2019\u00e9ducation, la sant\u00e9 et la famille.\n    <\/p>\n<p>    France T\u00e9l\u00e9visions utilise votre adresse e-mail afin de vous envoyer la newsletter \u00ab\u00a0La Quotidienne Soci\u00e9t\u00e9\u00a0\u00bb. Vous pouvez vous d\u00e9sinscrire \u00e0 tout moment via le lien en bas de cette newsletter. <a target=\"_blank\" href=\"https:\/\/www.francetelevisions.fr\/groupe\/confidentialite\/politique-de-confidentialite\/politique-de-confidentialite-de-france-televisions-6503\" rel=\"nofollow noopener\">Notre politique de confidentialit\u00e9<\/a><\/p>\n<p>Nous sommes en plein c\u0153ur du pays de Caux, pr\u00e8s de Yerville \u00e0 Ectot-l&rsquo;Auber (Seine-Maritime), o\u00f9 No\u00e9mie exerce son m\u00e9tier depuis 11 ans.<\/p>\n<p>Arthur a tout juste 12 jours, l&rsquo;\u00e2ge id\u00e9al pour cette s\u00e9ance photo. La jeune femme est tr\u00e8s douce avec son sujet du jour. \u00ab\u00a0Je vais te retirer tout \u00e7a, mon petit chat. Je vais t&rsquo;habiller, on fait \u00e7a ?\u00a0\u00bb explique la photographe au creux de l&rsquo;oreille du b\u00e9b\u00e9.<\/p>\n<p><a data-article-figure=\"\" href=\"https:\/\/france3-regions.franceinfo.fr\/image\/FNDrc73VW8Na23jakNyVXiQCThk\/1920x1080\/regions\/2025\/07\/17\/instant-partage-68790e6fa3387191545176.jpg\" data-pswp-width=\"1920\" data-pswp-height=\"1080\" target=\"_blank\" rel=\"nofollow noopener\"><\/p>\n<p>          <img width=\"600\" height=\"400\" class=\"article-image lazy\" data-src=\"https:\/\/www.europesays.com\/fr\/wp-content\/uploads\/2025\/07\/instant-partage-68790e6fa3387191545176.jpg\" alt=\"No\u00e9mie Chouquet travaille tout en douceur avec ses jeunes mod\u00e8les. \" fetchpriority=\"high\" as=\"image\"\/><\/p>\n<p>\n            No\u00e9mie Chouquet travaille tout en douceur avec ses jeunes mod\u00e8les.<br \/>\n                           \u2022<br \/>\n                                      \u00a9 D. Commodi \/ France T\u00e9l\u00e9visions\n                      <\/p>\n<p><\/a><\/p>\n<p>La photographe s&rsquo;est sp\u00e9cialis\u00e9e au fil des ann\u00e9es dans les clich\u00e9s de nouveau-n\u00e9.<\/p>\n<blockquote class=\"ftvi_content_quote\">\n<p class=\"ftvi_citation_quote\">J&rsquo;ai trouv\u00e9 ce m\u00e9tier tellement passionnant ! Etre \u00e0 la rencontre des clients, leur apporter des moments fig\u00e9s dans le temps et surtout qui font partie du patrimoine de la famille. Il n&rsquo;y a rien de plus important<\/p>\n<p>No\u00e9mie Chouquet, photographe sp\u00e9cialis\u00e9e dans les portraits de nouveau-n\u00e9s<\/p><\/blockquote>\n<p>\u00c0 36 ans, elle a d\u00e9j\u00e0 suivi trois formations. La derni\u00e8re en date lui a donn\u00e9 envie de tout changer, de r\u00e9am\u00e9nager son studio et de modifier sa mani\u00e8re de travailler. \u00ab\u00a0J&rsquo;ai voulu en fait cr\u00e9er un univers authentique avec de la lumi\u00e8re naturelle, ne plus utiliser de torches flash, ne plus utiliser de fonds papier\u00a0\u00bb explique No\u00ebmie. Les modifications apport\u00e9es \u00e0 son studio ont \u00e9galement chang\u00e9 sa fa\u00e7on de travailler.<\/p>\n<p><a data-article-figure=\"\" href=\"https:\/\/france3-regions.franceinfo.fr\/image\/IbhSxjICXBiQ5wWvq8RpK4zM2kg\/1920x1080\/regions\/2025\/07\/17\/studio-photo-68790ec78d7fc987316977.jpg\" data-pswp-width=\"1920\" data-pswp-height=\"1080\" target=\"_blank\" rel=\"nofollow noopener\"><\/p>\n<p>          <img width=\"600\" height=\"400\" class=\"article-image lazy\" data-src=\"https:\/\/www.europesays.com\/fr\/wp-content\/uploads\/2025\/07\/studio-photo-68790ec78d7fc987316977.jpg\" alt=\"Le studio de No\u00e9mie Chouquet laisse place \u00e0 la lumi\u00e8re naturelle et \u00e0 un d\u00e9cor ressemblant \u00e0 un cocon. \" fetchpriority=\"high\" as=\"image\"\/><\/p>\n<p>\n            Le studio de No\u00e9mie Chouquet laisse place \u00e0 la lumi\u00e8re naturelle et \u00e0 un d\u00e9cor ressemblant \u00e0 un cocon.<br \/>\n                           \u2022<br \/>\n                                      \u00a9 D. Commodi \/ France T\u00e9l\u00e9visions\n                      <\/p>\n<p><\/a><\/p>\n<p>\u00ab\u00a0Je peux tourner autour de la maman, je peux tourner autour du b\u00e9b\u00e9 et \u00e7a c&rsquo;est magique \u00a0\u00bb pr\u00e9cise la photographe.<\/p>\n<p>Dans ce cocon de douceur, No\u00e9mie sait trouver les mots justes et les gestes pour apaiser b\u00e9b\u00e9, et guider les parents. Tout est affaire de rondeur, de sensibilit\u00e9 pour trouver la pause la plus juste.<\/p>\n<blockquote class=\"ftvi_content_quote\">\n<p class=\"ftvi_citation_quote\"> C&rsquo;est une approche totalement diff\u00e9rente. Un nouveau-n\u00e9 a besoin de forc\u00e9ment plus d&rsquo;attention. Ce ne sont pas des pauses aussi techniques que lors d&rsquo;une s\u00e9ance grossesse, mais voil\u00e0 on est dans la douceur. On est dans la bienveillance<\/p>\n<p>No\u00e9mie Chouquet, photographe sp\u00e9cialis\u00e9e dans les portraits de nouveau-n\u00e9s<\/p><\/blockquote>\n<p><a data-article-figure=\"\" href=\"https:\/\/france3-regions.franceinfo.fr\/image\/W0H6Bgr1JEg_iH70gh2lIbFaW0E\/1920x1080\/regions\/2025\/07\/17\/parents-68790ef5936c1284569745.jpg\" data-pswp-width=\"1920\" data-pswp-height=\"1080\" target=\"_blank\" rel=\"nofollow noopener\"><\/p>\n<p>          <img width=\"600\" height=\"400\" class=\"article-image lazy\" data-src=\"https:\/\/www.europesays.com\/fr\/wp-content\/uploads\/2025\/07\/parents-68790ef5936c1284569745.jpg\" alt=\"Les parents d'Arthur, en pleine s\u00e9ance photo. \" fetchpriority=\"high\" as=\"image\"\/><\/p>\n<p>\n            Les parents d&rsquo;Arthur, en pleine s\u00e9ance photo.<br \/>\n                           \u2022<br \/>\n                                      \u00a9 D. Commodi \/ France T\u00e9l\u00e9visions\n                      <\/p>\n<p><\/a><\/p>\n<p>Pour Anselme Prenveille, le p\u00e8re du b\u00e9b\u00e9, la s\u00e9ance est comme une parenth\u00e8se enchant\u00e9e. \u00ab\u00a0No\u00e9mie est agr\u00e9able et douce avec Arthur, donc tout va bien. Il a l&rsquo;air d&rsquo;appr\u00e9cier aussi. On fait ces photos pour avoir des souvenirs avec notre fils, de sa naissance et puis avoir des photos professionnelles, c&rsquo;est compl\u00e8tement diff\u00e9rent pour les faire-part notamment\u00a0\u00bb explique-t-il.<\/p>\n<p>Une s\u00e9ance photo en studio dure environ deux heures. Mais le travail de No\u00e9mie ne s&rsquo;arr\u00eate pas l\u00e0. Il se r\u00e9v\u00e8le lors du post-traitement.<\/p>\n<p>\u00ab\u00a0Cette partie demande le plus de travail, afin de me permettre de retirer les petites peaux, les rougeurs&#8230; C&rsquo;est \u00e9galement \u00e0 ce moment-l\u00e0 que je vais mettre mes couleurs. Elles tirent plut\u00f4t sur des tons un peu beiges des tons naturels, tout simplement. Ensuite, je joue sur les contrastes. L\u00e0, vous voyez, il y a une diff\u00e9rence entre les deux clich\u00e9s (voir photo ci-dessous NDLR). Ces couleurs repr\u00e9sentent mon univers\u00a0\u00bb indique No\u00e9mie.<\/p>\n<p><a data-article-figure=\"\" href=\"https:\/\/france3-regions.franceinfo.fr\/image\/CNp1MoxTlSoc48KFLW898q9r-cA\/1920x1080\/regions\/2025\/07\/17\/comparatif-68790bbe2acaa457004094.jpg\" data-pswp-width=\"1920\" data-pswp-height=\"1080\" target=\"_blank\" rel=\"nofollow noopener\"><\/p>\n<p>          <img width=\"600\" height=\"400\" class=\"article-image lazy\" data-src=\"https:\/\/www.europesays.com\/fr\/wp-content\/uploads\/2025\/07\/comparatif-68790bbe2acaa457004094.jpg\" alt=\"Sur cette photo, on d\u00e9couvre le travail de retouche de No\u00e9mie Chouquet (\u00e0 droite).\" fetchpriority=\"high\" as=\"image\"\/><\/p>\n<p>\n            Sur cette photo, on d\u00e9couvre le travail de retouche de No\u00e9mie Chouquet (\u00e0 droite).<br \/>\n                           \u2022<br \/>\n                                      \u00a9 D. Commodi \/ France T\u00e9l\u00e9visions\n                      <\/p>\n<p><\/a><\/p>\n<p>En une dizaine d&rsquo;ann\u00e9es, No\u00e9mie Chouquet a r\u00e9alis\u00e9 des centaines de clich\u00e9s, tous sign\u00e9s de <a target=\"_blank\" rel=\"noopener noreferrer nofollow\" href=\"https:\/\/www.photographie-mzelleno.fr\/\">son nom d&rsquo;artiste \u00ab\u00a0Mzelle No\u00a0\u00bb.<\/a><\/p>\n","protected":false},"excerpt":{"rendered":"C&rsquo;est un m\u00e9tier peu courant, celui de photographe sp\u00e9cialis\u00e9 dans le portrait de b\u00e9b\u00e9s. Rencontre avec No\u00e9mie Chouquet&hellip;\n","protected":false},"author":2,"featured_media":287432,"comment_status":"","ping_status":"","sticky":false,"template":"","format":"standard","meta":{"footnotes":""},"categories":[1358],"tags":[1348,1384,1385,1386,58,59,1011,27],"class_list":{"0":"post-287431","1":"post","2":"type-post","3":"status-publish","4":"format-standard","5":"has-post-thumbnail","7":"category-arts-et-design","8":"tag-arts","9":"tag-arts-and-design","10":"tag-arts-et-design","11":"tag-design","12":"tag-divertissement","13":"tag-entertainment","14":"tag-fr","15":"tag-france"},"share_on_mastodon":{"url":"https:\/\/pubeurope.com\/@fr\/114949592450488432","error":""},"_links":{"self":[{"href":"https:\/\/www.europesays.com\/fr\/wp-json\/wp\/v2\/posts\/287431","targetHints":{"allow":["GET"]}}],"collection":[{"href":"https:\/\/www.europesays.com\/fr\/wp-json\/wp\/v2\/posts"}],"about":[{"href":"https:\/\/www.europesays.com\/fr\/wp-json\/wp\/v2\/types\/post"}],"author":[{"embeddable":true,"href":"https:\/\/www.europesays.com\/fr\/wp-json\/wp\/v2\/users\/2"}],"replies":[{"embeddable":true,"href":"https:\/\/www.europesays.com\/fr\/wp-json\/wp\/v2\/comments?post=287431"}],"version-history":[{"count":0,"href":"https:\/\/www.europesays.com\/fr\/wp-json\/wp\/v2\/posts\/287431\/revisions"}],"wp:featuredmedia":[{"embeddable":true,"href":"https:\/\/www.europesays.com\/fr\/wp-json\/wp\/v2\/media\/287432"}],"wp:attachment":[{"href":"https:\/\/www.europesays.com\/fr\/wp-json\/wp\/v2\/media?parent=287431"}],"wp:term":[{"taxonomy":"category","embeddable":true,"href":"https:\/\/www.europesays.com\/fr\/wp-json\/wp\/v2\/categories?post=287431"},{"taxonomy":"post_tag","embeddable":true,"href":"https:\/\/www.europesays.com\/fr\/wp-json\/wp\/v2\/tags?post=287431"}],"curies":[{"name":"wp","href":"https:\/\/api.w.org\/{rel}","templated":true}]}}