{"id":287449,"date":"2025-07-31T20:00:11","date_gmt":"2025-07-31T20:00:11","guid":{"rendered":"https:\/\/www.europesays.com\/fr\/287449\/"},"modified":"2025-07-31T20:00:11","modified_gmt":"2025-07-31T20:00:11","slug":"trump-exige-de-lindustrie-pharmaceutique-de-baisser-ses-prix-sous-peine-de-represailles","status":"publish","type":"post","link":"https:\/\/www.europesays.com\/fr\/287449\/","title":{"rendered":"Trump exige de l&rsquo;industrie pharmaceutique de baisser ses prix sous peine de repr\u00e9sailles"},"content":{"rendered":"<p>Des courriers sans ambages, adress\u00e9s entre autres \u00e0 Merck, Novartis, Pfizer, AstraZeneca, Novo Nordisk et Sanofi, ont \u00e9t\u00e9 publi\u00e9s jeudi par le pr\u00e9sident am\u00e9ricain sur sa plateforme Truth Social.<\/p>\n<p class=\"fig-paragraph\">Le pr\u00e9sident am\u00e9ricain\u00a0<a href=\"http:\/\/www.lefigaro.fr\/conjoncture\/ce-n-est-pas-un-soulagement-les-exportateurs-bresiliens-sonnes-par-la-surtaxe-politique-et-punitive-de-50-de-donald-trump-20250731\" data-fig-type=\"Article\" data-gtm-custom-categorie=\"navigation\" data-gtm-custom-action=\"crossclick\" data-gtm-custom-label=\"Contextuel\" data-gtm-event=\"customEventSPE\" data-fig-domain=\"LEFIGARO\" target=\"_blank\" rel=\"noopener\">Donald Trump<\/a>\u00a0a envoy\u00e9 jeudi des courriers \u00e0 17 entreprises pharmaceutiques pour leur demander de baisser les prix des\u00a0<a href=\"http:\/\/www.lefigaro.fr\/flash-eco\/les-industriels-du-medicament-inquiets-face-a-l-incertitude-sur-les-droits-de-douane-20250729\" data-fig-type=\"NewsFlash\" data-gtm-custom-categorie=\"navigation\" data-gtm-custom-action=\"crossclick\" data-gtm-custom-label=\"Contextuel\" data-gtm-event=\"customEventSPE\" data-fig-domain=\"LEFIGARO\" target=\"_blank\" rel=\"noopener\">m\u00e9dicaments<\/a>\u00a0vendus aux \u00c9tats-Unis sous peine de repr\u00e9sailles, a annonc\u00e9 la Maison Blanche. \u00abIl a sign\u00e9 17 lettres aux soci\u00e9t\u00e9s pharmaceutiques\u00bb, a d\u00e9clar\u00e9 la porte-parole Karoline Leavitt en conf\u00e9rence de presse, avant de lire celle adress\u00e9e au PDG d\u2019Eli Lilly, David Ricks.<\/p>\n<p class=\"fig-paragraph\">Le pr\u00e9sident a publi\u00e9 dans la foul\u00e9e, sur sa plateforme Truth Social, l\u2019ensemble des courriers destin\u00e9s aux dirigeants de Merck, Novartis, Pfizer, AstraZeneca, Novo Nordisk et Sanofi, entre autres. \u00abSi vous refusez d\u2019agir, nous d\u00e9ploierons tous les moyens \u00e0 notre disposition pour prot\u00e9ger les familles am\u00e9ricaines contre les pratiques abusives en mati\u00e8re de prix des m\u00e9dicaments\u00bb, \u00e9crit-il dans ces lettres quasiment identiques. Il leur donne jusqu\u2019au 29 septembre pour pr\u00e9senter des \u00abengagements fermes\u00bb en ce sens.<\/p>\n<p>    L\u2019une des lettres publi\u00e9es par @realDonaldTrump sur Truth Social.<br \/>\n                Capture d\u2019\u00e9cran<\/p>\n<p>                                    <a class=\"fig-a11y-skip a11y-hidden\" href=\"#fig-a11y-skip-main-inarticle\"><br \/>\n        Passer la publicit\u00e9<br \/>\n    <\/a><\/p>\n<p class=\"fig-paragraph\">Le 12 mai, Donald Trump avait annonc\u00e9 un plan pour consid\u00e9rablement r\u00e9duire les prix des m\u00e9dicaments aux \u00c9tats-Unis en les alignant sur ceux pay\u00e9s par d\u2019autres grandes \u00e9conomies, une promesse qu\u2019il n\u2019avait pas r\u00e9ussi \u00e0 tenir lors de son premier mandat. \u00abLes prix de certains m\u00e9dicaments sur ordonnance et produits pharmaceutiques baisseront presque imm\u00e9diatement de 50 \u00e0 80 ou \u00e0 90%\u00bb pour les Am\u00e9ricains, avait-il alors clam\u00e9.<\/p>\n<p>2,5 fois plus chers qu\u2019en France<\/p>\n<p class=\"fig-paragraph\">Il comptait principalement obtenir ces r\u00e9ductions spectaculaires par le biais de n\u00e9gociations avec les groupes pharmaceutiques, oppos\u00e9s par le pass\u00e9 \u00e0 des baisses de prix. Les prix des m\u00e9dicaments aux \u00c9tats-Unis figurent parmi les plus \u00e9lev\u00e9s du monde et surpassent ceux appliqu\u00e9s chez leurs voisins et en Europe. Selon une \u00e9tude de la Rand Corporation, les Am\u00e9ricains payent en moyenne 2,5 fois plus pour les m\u00e9dicaments sur ordonnance que les Fran\u00e7ais par exemple. Donald Trump s\u2019\u00e9tait engag\u00e9 \u00e0 r\u00e9duire cet \u00e9cart pendant sa campagne pr\u00e9sidentielle.<\/p>\n<p class=\"fig-paragraph\">\u00c0 la Bourse de New York, le secteur pharmaceutique a \u00e9t\u00e9 quelque peu chahut\u00e9 par cette annonce. Eli Lilly l\u00e2chait 1,33%, Merck reculait de 3,59% et Novo Nordisk creusait ses pertes (-4,65%). Les laboratoires AstraZeneca (-3,26%) et Pfizer (-1,42%) \u00e9taient aussi boud\u00e9s.<\/p>\n","protected":false},"excerpt":{"rendered":"Des courriers sans ambages, adress\u00e9s entre autres \u00e0 Merck, Novartis, Pfizer, AstraZeneca, Novo Nordisk et Sanofi, ont \u00e9t\u00e9&hellip;\n","protected":false},"author":2,"featured_media":287450,"comment_status":"","ping_status":"","sticky":false,"template":"","format":"standard","meta":{"footnotes":""},"categories":[6],"tags":[35,981,33,34,1011,27,32505],"class_list":{"0":"post-287449","1":"post","2":"type-post","3":"status-publish","4":"format-standard","5":"has-post-thumbnail","7":"category-economie","8":"tag-business","9":"tag-douane","10":"tag-economie","11":"tag-economy","12":"tag-fr","13":"tag-france","14":"tag-industrie-pharmaceutique"},"share_on_mastodon":{"url":"https:\/\/pubeurope.com\/@fr\/114949627998703079","error":""},"_links":{"self":[{"href":"https:\/\/www.europesays.com\/fr\/wp-json\/wp\/v2\/posts\/287449","targetHints":{"allow":["GET"]}}],"collection":[{"href":"https:\/\/www.europesays.com\/fr\/wp-json\/wp\/v2\/posts"}],"about":[{"href":"https:\/\/www.europesays.com\/fr\/wp-json\/wp\/v2\/types\/post"}],"author":[{"embeddable":true,"href":"https:\/\/www.europesays.com\/fr\/wp-json\/wp\/v2\/users\/2"}],"replies":[{"embeddable":true,"href":"https:\/\/www.europesays.com\/fr\/wp-json\/wp\/v2\/comments?post=287449"}],"version-history":[{"count":0,"href":"https:\/\/www.europesays.com\/fr\/wp-json\/wp\/v2\/posts\/287449\/revisions"}],"wp:featuredmedia":[{"embeddable":true,"href":"https:\/\/www.europesays.com\/fr\/wp-json\/wp\/v2\/media\/287450"}],"wp:attachment":[{"href":"https:\/\/www.europesays.com\/fr\/wp-json\/wp\/v2\/media?parent=287449"}],"wp:term":[{"taxonomy":"category","embeddable":true,"href":"https:\/\/www.europesays.com\/fr\/wp-json\/wp\/v2\/categories?post=287449"},{"taxonomy":"post_tag","embeddable":true,"href":"https:\/\/www.europesays.com\/fr\/wp-json\/wp\/v2\/tags?post=287449"}],"curies":[{"name":"wp","href":"https:\/\/api.w.org\/{rel}","templated":true}]}}