{"id":287457,"date":"2025-07-31T20:04:19","date_gmt":"2025-07-31T20:04:19","guid":{"rendered":"https:\/\/www.europesays.com\/fr\/287457\/"},"modified":"2025-07-31T20:04:19","modified_gmt":"2025-07-31T20:04:19","slug":"saint-chamond-ce-magasin-de-pret-a-porter-est-tenu-par-la-meme-famille-depuis-trois-generations","status":"publish","type":"post","link":"https:\/\/www.europesays.com\/fr\/287457\/","title":{"rendered":"Saint-Chamond. Ce magasin de pr\u00eat-\u00e0-porter est tenu par la m\u00eame famille depuis trois g\u00e9n\u00e9rations"},"content":{"rendered":"<p>L\u2019histoire des Merdinian d\u00e9bute en 1923, quand Hassadour vient travailler aux aci\u00e9ries de Saint-Chamond. \u00ab\u00a0Ce travail ne lui plaisait pas, alors, quand un ami lui a propos\u00e9 de faire les march\u00e9s, il y est all\u00e9. C\u2019est comme \u00e7a qu\u2019il a commenc\u00e9 \u00e0 vendre des bas, des chaussettes et de la lingerie\u00a0\u00bb, explique Martine Merdinian, belle-fille d\u2019Hassadour.<\/p>\n<p>C\u2019est vers 1945 qu\u2019il installe son activit\u00e9 dans un petit magasin, d\u00e9moli depuis, square Croix-Gauthier&#8230;.<\/p>\n","protected":false},"excerpt":{"rendered":"L\u2019histoire des Merdinian d\u00e9bute en 1923, quand Hassadour vient travailler aux aci\u00e9ries de Saint-Chamond. \u00ab\u00a0Ce travail ne lui&hellip;\n","protected":false},"author":2,"featured_media":287458,"comment_status":"","ping_status":"","sticky":false,"template":"","format":"standard","meta":{"footnotes":""},"categories":[9653],"tags":[1111,11,2430,4406,33,7539,1777,674,1011,27,12,25,9669,9670,4001],"class_list":{"0":"post-287457","1":"post","2":"type-post","3":"status-publish","4":"format-standard","5":"has-post-thumbnail","7":"category-saint-etienne","8":"tag-actu","9":"tag-actualites","10":"tag-auvergne-rhone-alpes","11":"tag-commerce-et-services","12":"tag-economie","13":"tag-edition-loire-sud","14":"tag-eu","15":"tag-europe","16":"tag-fr","17":"tag-france","18":"tag-news","19":"tag-republique-francaise","20":"tag-saint-chamond","21":"tag-saint-chamond-ville","22":"tag-saint-etienne"},"share_on_mastodon":{"url":"https:\/\/pubeurope.com\/@fr\/114949643647950117","error":""},"_links":{"self":[{"href":"https:\/\/www.europesays.com\/fr\/wp-json\/wp\/v2\/posts\/287457","targetHints":{"allow":["GET"]}}],"collection":[{"href":"https:\/\/www.europesays.com\/fr\/wp-json\/wp\/v2\/posts"}],"about":[{"href":"https:\/\/www.europesays.com\/fr\/wp-json\/wp\/v2\/types\/post"}],"author":[{"embeddable":true,"href":"https:\/\/www.europesays.com\/fr\/wp-json\/wp\/v2\/users\/2"}],"replies":[{"embeddable":true,"href":"https:\/\/www.europesays.com\/fr\/wp-json\/wp\/v2\/comments?post=287457"}],"version-history":[{"count":0,"href":"https:\/\/www.europesays.com\/fr\/wp-json\/wp\/v2\/posts\/287457\/revisions"}],"wp:featuredmedia":[{"embeddable":true,"href":"https:\/\/www.europesays.com\/fr\/wp-json\/wp\/v2\/media\/287458"}],"wp:attachment":[{"href":"https:\/\/www.europesays.com\/fr\/wp-json\/wp\/v2\/media?parent=287457"}],"wp:term":[{"taxonomy":"category","embeddable":true,"href":"https:\/\/www.europesays.com\/fr\/wp-json\/wp\/v2\/categories?post=287457"},{"taxonomy":"post_tag","embeddable":true,"href":"https:\/\/www.europesays.com\/fr\/wp-json\/wp\/v2\/tags?post=287457"}],"curies":[{"name":"wp","href":"https:\/\/api.w.org\/{rel}","templated":true}]}}