{"id":287471,"date":"2025-07-31T20:13:11","date_gmt":"2025-07-31T20:13:11","guid":{"rendered":"https:\/\/www.europesays.com\/fr\/287471\/"},"modified":"2025-07-31T20:13:11","modified_gmt":"2025-07-31T20:13:11","slug":"dany-gossart-detalondes-offre-3-700-journaux-anciens-aux-archives-de-seine-maritime","status":"publish","type":"post","link":"https:\/\/www.europesays.com\/fr\/287471\/","title":{"rendered":"Dany Gossart, d\u2019\u00c9talondes, offre 3 700 journaux anciens aux archives de Seine-Maritime"},"content":{"rendered":"<p>            Par<br \/>\n        <strong><br \/>\n            <a href=\"https:\/\/actu.fr\/auteur\/augustin-thibouw\" title=\"Consulter tous les articles de Augustin Thibouw\" target=\"_blank\" rel=\"noopener\">Augustin Thibouw<\/a><br \/>\n        <\/strong><\/p>\n<p>        Publi\u00e9 le<\/p>\n<p>            31 juil. 2025 \u00e0 19h46        <\/p>\n<p>Apr\u00e8s quarante-cinq ans de stockage, <b>Dany Gossart<\/b>, collectionneur inv\u00e9t\u00e9r\u00e9 de journaux anciens, vient de faire un geste remarquable.<\/p>\n<p class=\" wall-content\">Cet habitant d\u2019<a href=\"https:\/\/actu.fr\/normandie\/etalondes_76252\" target=\"_blank\" rel=\"noopener\">\u00c9talondes<\/a> (Seine-Maritime) a fait don de <b>3 700 journaux<\/b> aux <a href=\"https:\/\/actu.fr\/normandie\/rouen_76540\/104-metres-de-hauteur-a-rouen-decouvrez-la-fameuse-tour-des-archives_60312135.html\" target=\"_blank\" rel=\"noopener\">archives d\u00e9partementales de Seine-Maritime<\/a>, un v\u00e9ritable tr\u00e9sor historique soigneusement accumul\u00e9 et entrepos\u00e9 pendant des d\u00e9cennies.<\/p>\n<p class=\" wall-content\">\u00ab\u00a0Je suis un collectionneur passionn\u00e9 de journaux, mais aussi de cartes postales, de monnaie\u00a0\u00bb, confie-t-il non sans \u00e9motion. \u00ab\u00a0J\u2019avais un lot de 22 palettes de journaux du Messager Eudois et de <a href=\"https:\/\/actu.fr\/l-informateur-d-eu\/\" target=\"_blank\" rel=\"noopener\">l\u2019Informateur<\/a>\u00ab\u00a0.<\/p>\n<p class=\" wall-content\">\u00c0 ses c\u00f4t\u00e9s dans cette aventure, son ami <b>Yvan Beaudoin<\/b>, complice de longue date, se souvient : \u00a0\u00bb On s\u2019est dit un jour qu\u2019on allait les trier s\u00e9rieusement. On s\u2019est donn\u00e9 l\u2019ann\u00e9e. Il a fallu six mois pour tout classer. C\u2019est du boulot.<\/p>\n<p class=\" wall-content\">Physiquement, c\u2019est tr\u00e8s dur. Si c\u2019\u00e9tait \u00e0 refaire, je ne suis pas s\u00fbr que je recommencerais. \u00a0\u00bb Un travail de fourmi men\u00e9 dans des conditions parfois pr\u00e9caires : cartons entass\u00e9s, poussi\u00e8re, manque de place\u2026 et m\u00eame quelques frayeurs, comme ce carton pr\u00eat \u00e0 basculer.\u00a0<\/p>\n<p>Vid\u00e9os : en ce moment sur ActuDe 1899 \u00e0 1944<\/p>\n<p class=\" wall-content\">C\u2019est ensuite qu\u2019ils ont contact\u00e9 les archives d\u00e9partementales afin de savoir s\u2019ils \u00e9taient int\u00e9ress\u00e9s pour r\u00e9cup\u00e9rer quelques exemplaires de ces journaux. L\u2019\u00e9tablissement Seinomarins a imm\u00e9diatement r\u00e9pondu favorablement \u00e0 la demande puisqu\u2019ils leur manquaient des centaines d\u2019\u00e9ditions sur la p\u00e9riode <b>1899 \u2013 1944.<\/b><\/p>\n<p class=\" wall-content\">Pas questions pour Dany et Yvan d\u2019entacher cette impressionnante collection, il gardera tout de m\u00eame des exemplaires de cette \u00e9poque : \u00ab\u00a0J\u2019ai plusieurs exemplaires de chaque collection. \u00c7a me fait moins mal de donner si j\u2019en garde un peu. Et je suis heureux que le reste soit pr\u00e9serv\u00e9, transmis \u00ab\u00a0. \u00ab\u00a0Nous ne pouvons pas prendre<b> 22 palettes<\/b> de journaux et notre int\u00e9r\u00eat n\u2019est pas d\u2019avoir le journal en quatre exemplaires\u00a0\u00bb, ajoute <b>S\u00e9verine Berthelot<\/b>, responsable de la presse au sein de <a href=\"https:\/\/actu.fr\/normandie\/rouen_76540\/en-images-comment-sont-conserves-journaux-seine-maritime-dans-tour-archives_20090861.html\" target=\"_blank\" rel=\"noopener\">la tour des archives<\/a>.<\/p>\n<blockquote class=\"ac-article-quote wall-content\">\n<p>C\u2019est le Graal<\/p>\n<p>S\u00e9verine Berthelot<\/p><\/blockquote>\n<p class=\" wall-content\">Jeudi 24 juillet, la <b>dizaine de cartons <\/b>soigneusement pr\u00e9par\u00e9s ont quitt\u00e9 leur garage pour rejoindre les r\u00e9serves des archives d\u00e9partementales \u00e0 <b>Rouen<\/b>. S\u00e9verine Berthelot, ne cache pas son enthousiasme : \u00a0\u00bb C\u2019est le plus gros don de ma carri\u00e8re. On n\u2019avait presque rien avant 1940, c\u2019est une collection exceptionnelle. C\u2019est le Graal. L\u2019objectif est de collecter le maximum de journaux et d\u2019avoir le moins de lacune possible pour retracer l\u2019histoire de notre D\u00e9partement \u00ab\u00a0.<\/p>\n<p class=\" wall-content\">Les documents, en <b>excellent \u00e9tat<\/b>, seront prochainement reconditionn\u00e9s, mis en bo\u00eete, inventori\u00e9s, puis int\u00e9gr\u00e9s au logiciel pour les retrouver plus facilement. \u00c0 terme, ils seront conserv\u00e9s \u00e0 temp\u00e9rature stable et, pour une partie, num\u00e9ris\u00e9s afin d\u2019\u00eatre consultables sur <b>ordinateur<\/b>.<\/p>\n<p>    <img   decoding=\"async\" loading=\"lazy\" class=\"size-large\" src=\"https:\/\/www.europesays.com\/fr\/wp-content\/uploads\/2025\/07\/e8b8b2e1778864db8b2e1778871c8bv-960x640.jpg\" alt=\"Dany Gossart\" width=\"960\" height=\"640\"\/><br \/>\n    Il reste encore de tr\u00e8s nombreux cartons dans le garage de Dany Gossart (\u00e0 droite), tous remplis de journaux. Avec son ami Yvan Beaudoin (\u00e0 gauche), ils les ont tri\u00e9s. \u00a9Augustin Thibouw<\/p>\n<p class=\" wall-content\">C\u2019est toute l\u2019histoire d\u2019un territoire qui sera d\u00e9sormais entre de bonnes mains, mais c\u2019est aussi toute l\u2019histoire d\u2019un homme.<\/p>\n<p class=\" wall-content\">Suivez toute l\u2019actualit\u00e9 de vos villes et m\u00e9dias favoris en vous inscrivant \u00e0 <a href=\"https:\/\/moncompte.actu.fr\" title=\"D\u00e9couvez Mon Actu\" rel=\"nofollow noopener\" data-trk=\"{&quot;cta&quot;:{&quot;action&quot;:&quot;https:\\\/\\\/moncompte.actu.fr&quot;,&quot;category&quot;:&quot;mon compte&quot;,&quot;from&quot;:&quot;article footer&quot;,&quot;name&quot;:&quot;Mon actu&quot;,&quot;type&quot;:&quot;cta&quot;}}\" target=\"_blank\">Mon Actu<\/a>.<\/p>\n","protected":false},"excerpt":{"rendered":"Par Augustin Thibouw Publi\u00e9 le 31 juil. 2025 \u00e0 19h46 Apr\u00e8s quarante-cinq ans de stockage, Dany Gossart, collectionneur&hellip;\n","protected":false},"author":2,"featured_media":287472,"comment_status":"","ping_status":"","sticky":false,"template":"","format":"standard","meta":{"footnotes":""},"categories":[9587],"tags":[1111,11,13207,1777,674,1011,27,937,12,5161,25,9590,104],"class_list":{"0":"post-287471","1":"post","2":"type-post","3":"status-publish","4":"format-standard","5":"has-post-thumbnail","7":"category-rouen","8":"tag-actu","9":"tag-actualites","10":"tag-collections","11":"tag-eu","12":"tag-europe","13":"tag-fr","14":"tag-france","15":"tag-histoire","16":"tag-news","17":"tag-normandie","18":"tag-republique-francaise","19":"tag-rouen","20":"tag-societe"},"share_on_mastodon":{"url":"https:\/\/pubeurope.com\/@fr\/114949678911352675","error":""},"_links":{"self":[{"href":"https:\/\/www.europesays.com\/fr\/wp-json\/wp\/v2\/posts\/287471","targetHints":{"allow":["GET"]}}],"collection":[{"href":"https:\/\/www.europesays.com\/fr\/wp-json\/wp\/v2\/posts"}],"about":[{"href":"https:\/\/www.europesays.com\/fr\/wp-json\/wp\/v2\/types\/post"}],"author":[{"embeddable":true,"href":"https:\/\/www.europesays.com\/fr\/wp-json\/wp\/v2\/users\/2"}],"replies":[{"embeddable":true,"href":"https:\/\/www.europesays.com\/fr\/wp-json\/wp\/v2\/comments?post=287471"}],"version-history":[{"count":0,"href":"https:\/\/www.europesays.com\/fr\/wp-json\/wp\/v2\/posts\/287471\/revisions"}],"wp:featuredmedia":[{"embeddable":true,"href":"https:\/\/www.europesays.com\/fr\/wp-json\/wp\/v2\/media\/287472"}],"wp:attachment":[{"href":"https:\/\/www.europesays.com\/fr\/wp-json\/wp\/v2\/media?parent=287471"}],"wp:term":[{"taxonomy":"category","embeddable":true,"href":"https:\/\/www.europesays.com\/fr\/wp-json\/wp\/v2\/categories?post=287471"},{"taxonomy":"post_tag","embeddable":true,"href":"https:\/\/www.europesays.com\/fr\/wp-json\/wp\/v2\/tags?post=287471"}],"curies":[{"name":"wp","href":"https:\/\/api.w.org\/{rel}","templated":true}]}}