{"id":287475,"date":"2025-07-31T20:16:32","date_gmt":"2025-07-31T20:16:32","guid":{"rendered":"https:\/\/www.europesays.com\/fr\/287475\/"},"modified":"2025-07-31T20:16:32","modified_gmt":"2025-07-31T20:16:32","slug":"match-de-preparation-satisfait-de-ce-quon-a-propose-le-gf38-mal-paye-face-a-auxerre","status":"publish","type":"post","link":"https:\/\/www.europesays.com\/fr\/287475\/","title":{"rendered":"Match de pr\u00e9paration. \u00ab Satisfait de ce qu\u2019on a propos\u00e9\u00a0\u00bb\u00a0: le GF38 mal pay\u00e9 face \u00e0 Auxerre"},"content":{"rendered":"<p class=\"insetTitle\">La fiche technique<\/p>\n<p>            GF38 &#8211; Auxerre 0-0<\/p>\n<p><strong>\u00c0\u00a0Gueugnon (stade Jean-Laville), <\/strong>mi-temps :<strong>\u00a0<\/strong>0-0.\u00a0<\/p>\n<p><strong>Grenoble (1ere\u00a0p\u00e9riode)\u00a0:<\/strong> Diop \u2013 Zahui, Delos, Mambo, Mouyokolo (cap), Xantippe \u2013 Valls, Lele Diba, Bangr\u00e9 \u2013 Diaby, Elphege.<\/p>\n<p><strong>Grenoble (2nde\u00a0p\u00e9riode)\u00a0:<\/strong> Pattier (cap) \u2013 N\u2019Gatta, Chariag, Tchaptchet, Sarikaka, Mion \u2013 Dressel, Yameogo, Mouazan, Sylvestre \u2013 Hi. Vahirua.\u00a0<\/p>\n<p>Les Grenoblois ont livr\u00e9 une belle prestation face \u00e0 Auxerre ce mercredi \u00e0 Gueugnon. Il ne leur a manqu\u00e9 que les buts\u2026 En tout cas, c\u2019est un nouveau contenu coh\u00e9rent qu\u2019a propos\u00e9 le GF38, surtout en premi\u00e8re p\u00e9riode avant les nombreux changements effectu\u00e9s et l\u2019int\u00e9gration de plusieurs jeunes.<\/p>\n<p>Les Is\u00e9rois ont en effet d\u00fb composer avec les absences de cadres comme Paquiez, Benet et K\u00e9rou\u00e9dan, bless\u00e9s.<\/p>\n<p>Une fois encore, les Grenoblois se sont procur\u00e9s de belles occasions sans les convertir surtout dans une fin de premi\u00e8re p\u00e9riode qu\u2019ils ont domin\u00e9e. D\u2019abord sur un tir de Lele Diba qui passait juste au-dessus de la barre transversale (31e).<\/p>\n<p><strong><a href=\"https:\/\/www.ledauphine.com\/sport\/2025\/07\/01\/vrdr-gf38-fc-annecy-fcg-csbj-soc-ligue-magnus-le-programme-de-nos-equipes-regionales\" target=\"_blank\" rel=\"noopener\">&gt;&gt; Retrouvez tous les r\u00e9sultats en pr\u00e9paration du GF38<\/a><\/strong><\/p>\n<p>Ensuite, Valls tentait sa chance mais sa frappe enroul\u00e9e fr\u00f4lait le poteau droit de L\u00e9on (34e). Un peu plus tard, dans une position excentr\u00e9e, Bangr\u00e9 choisissait de tirer alors qu\u2019il y avait du monde dans la surface (37e). Et enfin, un tir de ce m\u00eame Bangr\u00e9 partait bien mais il \u00e9tait contr\u00e9 in extremis par la d\u00e9fense auxerroise (43e).<\/p>\n<p>Comme pr\u00e9vu, <a href=\"https:\/\/www.ledauphine.com\/p\/franck-rizzetto\" target=\"_blank\" rel=\"noopener\">Franck Rizzetto<\/a> changeait l\u2019int\u00e9gralit\u00e9 de son onze en seconde p\u00e9riode avec notamment Hirinai Vahirua, le fils de Marama, \u00e0 la pointe de l\u2019attaque.<\/p>\n<p>Le GF perdait logiquement en fluidit\u00e9. Les Dauphinois, tr\u00e8s regroup\u00e9s, cherchaient d\u2019abord \u00e0 bien d\u00e9fendre. Sans avoir froid aux yeux, le jeune Dressel tentait sa chance de loin et L\u00e9on devait s\u2019interposer (63e).<\/p>\n<p>Le GF38 \u00e9tait entreprenant et il fallait un tr\u00e8s gros arr\u00eat de Th\u00e9o De Percin, entr\u00e9 en jeu, pour emp\u00eacher Yameogo de marquer (83e). Grenoble se contentait d\u2019un r\u00e9sultat nul mais pouvait avoir des regrets face \u00e0 une \u00e9quipe de Ligue 1<\/p>\n","protected":false},"excerpt":{"rendered":"La fiche technique GF38 &#8211; Auxerre 0-0 \u00c0\u00a0Gueugnon (stade Jean-Laville), mi-temps :\u00a00-0.\u00a0 Grenoble (1ere\u00a0p\u00e9riode)\u00a0: Diop \u2013 Zahui, Delos,&hellip;\n","protected":false},"author":2,"featured_media":287476,"comment_status":"","ping_status":"","sticky":false,"template":"","format":"standard","meta":{"footnotes":""},"categories":[9566],"tags":[1111,11,2430,112,114,1777,674,1701,63,1011,27,12637,2731,2732,108,12636,1985,12,25,517,1947],"class_list":{"0":"post-287475","1":"post","2":"type-post","3":"status-publish","4":"format-standard","5":"has-post-thumbnail","7":"category-grenoble","8":"tag-actu","9":"tag-actualites","10":"tag-auvergne-rhone-alpes","11":"tag-edition-grenoble-agglomeration","12":"tag-edition-voiron-saint-marcellin","13":"tag-eu","14":"tag-europe","15":"tag-fil-info-sport","16":"tag-football","17":"tag-fr","18":"tag-france","19":"tag-gf38-grenoble-foot-38","20":"tag-grenoble","21":"tag-grenoble-bassin","22":"tag-isere","23":"tag-ligue-2-football","24":"tag-metropole-de-grenoble","25":"tag-news","26":"tag-republique-francaise","27":"tag-sport","28":"tag-sport-national"},"share_on_mastodon":{"url":"https:\/\/pubeurope.com\/@fr\/114949690684703040","error":""},"_links":{"self":[{"href":"https:\/\/www.europesays.com\/fr\/wp-json\/wp\/v2\/posts\/287475","targetHints":{"allow":["GET"]}}],"collection":[{"href":"https:\/\/www.europesays.com\/fr\/wp-json\/wp\/v2\/posts"}],"about":[{"href":"https:\/\/www.europesays.com\/fr\/wp-json\/wp\/v2\/types\/post"}],"author":[{"embeddable":true,"href":"https:\/\/www.europesays.com\/fr\/wp-json\/wp\/v2\/users\/2"}],"replies":[{"embeddable":true,"href":"https:\/\/www.europesays.com\/fr\/wp-json\/wp\/v2\/comments?post=287475"}],"version-history":[{"count":0,"href":"https:\/\/www.europesays.com\/fr\/wp-json\/wp\/v2\/posts\/287475\/revisions"}],"wp:featuredmedia":[{"embeddable":true,"href":"https:\/\/www.europesays.com\/fr\/wp-json\/wp\/v2\/media\/287476"}],"wp:attachment":[{"href":"https:\/\/www.europesays.com\/fr\/wp-json\/wp\/v2\/media?parent=287475"}],"wp:term":[{"taxonomy":"category","embeddable":true,"href":"https:\/\/www.europesays.com\/fr\/wp-json\/wp\/v2\/categories?post=287475"},{"taxonomy":"post_tag","embeddable":true,"href":"https:\/\/www.europesays.com\/fr\/wp-json\/wp\/v2\/tags?post=287475"}],"curies":[{"name":"wp","href":"https:\/\/api.w.org\/{rel}","templated":true}]}}