{"id":287479,"date":"2025-07-31T20:24:21","date_gmt":"2025-07-31T20:24:21","guid":{"rendered":"https:\/\/www.europesays.com\/fr\/287479\/"},"modified":"2025-07-31T20:24:21","modified_gmt":"2025-07-31T20:24:21","slug":"toute-lactu-top-music-un-mouvement-de-greve-a-la-cts-ce-samedi","status":"publish","type":"post","link":"https:\/\/www.europesays.com\/fr\/287479\/","title":{"rendered":"Toute l&rsquo;actu Top Music &#8211; Un mouvement de gr\u00e8ve \u00e0 la CTS ce samedi"},"content":{"rendered":"<p><img decoding=\"async\" class=\"\" style=\"width:100%\" src=\"https:\/\/www.europesays.com\/fr\/wp-content\/uploads\/2025\/04\/rame_tram_ligne_F_arrive_au_terminus_de_Place_d_Islande1745914707951.webp.webp\" alt=\"Un mouvement de gr\u00e8ve est pr\u00e9vu ce samedi \u00e0 la CTS\"\/><\/p>\n<p>Un mouvement de gr\u00e8ve est pr\u00e9vu ce samedi \u00e0 la CTS<\/p>\n<p>Cr\u00e9dit : Cr\u00e9dit : Rail Passion <\/p>\n<p>Ce week-end risque d\u2019\u00eatre marqu\u00e9 par <strong>des difficult\u00e9s de d\u00e9placement \u00e0 Strasbourg<\/strong>. La CTS a annonc\u00e9 en fin d\u2019apr\u00e8s-midi <strong>un mouvement de gr\u00e8ve qui aura lieu ce samedi 02 ao\u00fbt<\/strong>, en raison d\u2019un pr\u00e9avis d\u00e9pos\u00e9 par l\u2019UNSA. <strong>Des perturbations seront donc \u00e0 pr\u00e9voir <\/strong>toute la journ\u00e9e.\u00a0<\/p>\n<p><strong>Les lignes de tram A, C, D et E, assureront un trafic normal <\/strong>toute la journ\u00e9e. Les lignes de bus 12, 18, 22, 31, 41, 45, 57, 60, 62, 63, 67, 72, 74, et 75 circuleront aussi normalement.<\/p>\n<p>La ligne de<strong> tram B circulera toutes les 14 \u00e0 16 minutes<\/strong>, quant \u00e0 la ligne F, des trams seront disponibles toutes les 20 \u00e0 30 min<strong>. Les lignes de bus 10, 15 et 29 ne circuleront pas de la journ\u00e9e<\/strong>. Pour retrouver le d\u00e9tail des perturbations touchant les lignes de bus, rendez-vous <a href=\"https:\/\/cts-strasbourg.eu\/fr\/Article\/PREAVIS-DE-GREVE\/\" rel=\"noopener\" target=\"_blank\">sur le site internet de la CTS<\/a>.<\/p>\n","protected":false},"excerpt":{"rendered":"Un mouvement de gr\u00e8ve est pr\u00e9vu ce samedi \u00e0 la CTS Cr\u00e9dit : Cr\u00e9dit : Rail Passion Ce&hellip;\n","protected":false},"author":2,"featured_media":63490,"comment_status":"","ping_status":"","sticky":false,"template":"","format":"standard","meta":{"footnotes":""},"categories":[2820],"tags":[1111,11,2389,7048,29220,1777,674,1011,27,775,6151,12,25,3982,640,7420,2221,800,4752,4064],"class_list":{"0":"post-287479","1":"post","2":"type-post","3":"status-publish","4":"format-standard","5":"has-post-thumbnail","7":"category-strasbourg","8":"tag-actu","9":"tag-actualites","10":"tag-alsace","11":"tag-bus","12":"tag-cts","13":"tag-eu","14":"tag-europe","15":"tag-fr","16":"tag-france","17":"tag-grand-est","18":"tag-greve","19":"tag-news","20":"tag-republique-francaise","21":"tag-samedi","22":"tag-strasbourg","23":"tag-top-music","24":"tag-tram","25":"tag-transports","26":"tag-voiture","27":"tag-week-end"},"share_on_mastodon":{"url":"https:\/\/pubeurope.com\/@fr\/114949722224680973","error":""},"_links":{"self":[{"href":"https:\/\/www.europesays.com\/fr\/wp-json\/wp\/v2\/posts\/287479","targetHints":{"allow":["GET"]}}],"collection":[{"href":"https:\/\/www.europesays.com\/fr\/wp-json\/wp\/v2\/posts"}],"about":[{"href":"https:\/\/www.europesays.com\/fr\/wp-json\/wp\/v2\/types\/post"}],"author":[{"embeddable":true,"href":"https:\/\/www.europesays.com\/fr\/wp-json\/wp\/v2\/users\/2"}],"replies":[{"embeddable":true,"href":"https:\/\/www.europesays.com\/fr\/wp-json\/wp\/v2\/comments?post=287479"}],"version-history":[{"count":0,"href":"https:\/\/www.europesays.com\/fr\/wp-json\/wp\/v2\/posts\/287479\/revisions"}],"wp:featuredmedia":[{"embeddable":true,"href":"https:\/\/www.europesays.com\/fr\/wp-json\/wp\/v2\/media\/63490"}],"wp:attachment":[{"href":"https:\/\/www.europesays.com\/fr\/wp-json\/wp\/v2\/media?parent=287479"}],"wp:term":[{"taxonomy":"category","embeddable":true,"href":"https:\/\/www.europesays.com\/fr\/wp-json\/wp\/v2\/categories?post=287479"},{"taxonomy":"post_tag","embeddable":true,"href":"https:\/\/www.europesays.com\/fr\/wp-json\/wp\/v2\/tags?post=287479"}],"curies":[{"name":"wp","href":"https:\/\/api.w.org\/{rel}","templated":true}]}}