{"id":287486,"date":"2025-07-31T20:28:11","date_gmt":"2025-07-31T20:28:11","guid":{"rendered":"https:\/\/www.europesays.com\/fr\/287486\/"},"modified":"2025-07-31T20:28:11","modified_gmt":"2025-07-31T20:28:11","slug":"lun-des-suspects-des-vols-de-cables-en-cuivre-en-loire-atlantique-place-en-detention","status":"publish","type":"post","link":"https:\/\/www.europesays.com\/fr\/287486\/","title":{"rendered":"L\u2019un des suspects des vols de c\u00e2bles en cuivre en Loire-Atlantique plac\u00e9 en d\u00e9tention"},"content":{"rendered":"<tr wp_automatic_readability=\"5.890243902439\">\n<td valign=\"middle\" align=\"center\" class=\"col-logo\" wp_automatic_readability=\"5\">\n    <img decoding=\"async\" src=\"https:\/\/maville.com\/design\/images\/logo-of-monetise.svg?version=20130627\" alt=\"logo Ouest-France\" height=\"66\"\/><\/p>\n<p>Contenu r\u00e9serv\u00e9 aux abonn\u00e9s<\/p>\n<\/td>\n<td class=\"col-titre\">\n\t\t\tJeudi 31 juillet 2025 19:14<br \/>\n\t\t\t<a class=\"icon-bulle sizeL count\" href=\"#ancreAvis\"><br \/>\n\t&#8230;<br \/>\n<\/a><\/td>\n<\/tr>\n<p>\t\t<a class=\"mavillebox2 elmt-photo\" href=\"https:\/\/maville.com\/photosmvi\/2025\/07\/31\/P35384316D6920427G.jpg\" title=\" Une voiture remplie de c\u00e2bles en cuivre vol\u00e9s dans la nuit du 28 au 29\u00a0juillet \u00e0 Pless\u00e9, en Loire-Atlantique.  \u00a9  Gendarmerie de Nantes  &lt;!--TAG-BLC credit--&gt;\" rel=\"galerie_actu noopener\" target=\"_blank\"><br \/>\n\t<img decoding=\"async\" src=\"https:\/\/www.europesays.com\/fr\/wp-content\/uploads\/2025\/07\/P35384316D6920427G_crop_640-330_.jpg\" alt=\"photo  une voiture remplie de c\u00e2bles en cuivre vol\u00e9s dans la nuit du 28 au 29\u00a0juillet \u00e0 pless\u00e9, en loire-atlantique.  \u00a9  gendarmerie de nantes \"\/><br \/>\n\t2<br \/>\n<\/a><\/p>\n<p class=\"elmt-legende\"> Une voiture remplie de c\u00e2bles en cuivre vol\u00e9s dans la nuit du 28 au 29\u00a0juillet \u00e0 Pless\u00e9, en Loire-Atlantique.  \u00a9  Gendarmerie de Nantes  <\/p>\n<p><a class=\"mavillebox2\" href=\"https:\/\/maville.com\/photosmvi\/2025\/07\/31\/P35384317D6920427G.jpg\" title=\"une trappe par laquelle plusieurs individus ont tir\u00e9 des c\u00e2bles en cuivre \u00e0 f\u00e9gr\u00e9ac, en loire-atlantique. \u00a9  gendarme \" rel=\"galerie_actu noopener\" target=\"_blank\"><\/p>\n<p>\t\tLes trois hommes suspect\u00e9s d\u2019avoir particip\u00e9 \u00e0 une vingtaine de vols de c\u00e2bles en cuivre sur le r\u00e9seau Orange ont \u00e9t\u00e9 pr\u00e9sent\u00e9s \u00e0 un juge des libert\u00e9s et de la d\u00e9tention mercredi 30\u00a0juillet. Deux ont \u00e9t\u00e9 plac\u00e9s sous contr\u00f4le judiciaire et l\u2019autre en d\u00e9tention provisoire.<\/p>\n<p><b>Cet article est r\u00e9serv\u00e9 aux abonn\u00e9s<\/b><\/p>\n<p>Pour un acc\u00e8s imm\u00e9diat, abonnez-vous<\/p>\n<p><b>1\u00e8re semaine offerte<\/b><\/p>\n<p>\t\t Youen TANGUY. \u00a0\u00a0<br \/>\n\t\tOuest-France<\/p>\n<p>Retrouvez d&rsquo;autres actus sur les communes de :<\/p>\n<p>\t\t&#13;<\/p>\n","protected":false},"excerpt":{"rendered":"Contenu r\u00e9serv\u00e9 aux abonn\u00e9s Jeudi 31 juillet 2025 19:14 &#8230; 2 Une voiture remplie de c\u00e2bles en cuivre&hellip;\n","protected":false},"author":2,"featured_media":287487,"comment_status":"","ping_status":"","sticky":false,"template":"","format":"standard","meta":{"footnotes":""},"categories":[2818],"tags":[1111,11,11613,961,4773,1777,674,1011,27,3047,766,12,2636,5536,6190,25,16069,2692],"class_list":{"0":"post-287486","1":"post","2":"type-post","3":"status-publish","4":"format-standard","5":"has-post-thumbnail","7":"category-nantes","8":"tag-actu","9":"tag-actualites","10":"tag-cables","11":"tag-cuivre","12":"tag-detention","13":"tag-eu","14":"tag-europe","15":"tag-fr","16":"tag-france","17":"tag-loire-atlantique","18":"tag-nantes","19":"tag-news","20":"tag-pays-de-la-loire","21":"tag-place","22":"tag-provisoire","23":"tag-republique-francaise","24":"tag-suspects","25":"tag-vols"},"share_on_mastodon":{"url":"https:\/\/pubeurope.com\/@fr\/114949737950579504","error":""},"_links":{"self":[{"href":"https:\/\/www.europesays.com\/fr\/wp-json\/wp\/v2\/posts\/287486","targetHints":{"allow":["GET"]}}],"collection":[{"href":"https:\/\/www.europesays.com\/fr\/wp-json\/wp\/v2\/posts"}],"about":[{"href":"https:\/\/www.europesays.com\/fr\/wp-json\/wp\/v2\/types\/post"}],"author":[{"embeddable":true,"href":"https:\/\/www.europesays.com\/fr\/wp-json\/wp\/v2\/users\/2"}],"replies":[{"embeddable":true,"href":"https:\/\/www.europesays.com\/fr\/wp-json\/wp\/v2\/comments?post=287486"}],"version-history":[{"count":0,"href":"https:\/\/www.europesays.com\/fr\/wp-json\/wp\/v2\/posts\/287486\/revisions"}],"wp:featuredmedia":[{"embeddable":true,"href":"https:\/\/www.europesays.com\/fr\/wp-json\/wp\/v2\/media\/287487"}],"wp:attachment":[{"href":"https:\/\/www.europesays.com\/fr\/wp-json\/wp\/v2\/media?parent=287486"}],"wp:term":[{"taxonomy":"category","embeddable":true,"href":"https:\/\/www.europesays.com\/fr\/wp-json\/wp\/v2\/categories?post=287486"},{"taxonomy":"post_tag","embeddable":true,"href":"https:\/\/www.europesays.com\/fr\/wp-json\/wp\/v2\/tags?post=287486"}],"curies":[{"name":"wp","href":"https:\/\/api.w.org\/{rel}","templated":true}]}}