{"id":287492,"date":"2025-07-31T20:31:10","date_gmt":"2025-07-31T20:31:10","guid":{"rendered":"https:\/\/www.europesays.com\/fr\/287492\/"},"modified":"2025-07-31T20:31:10","modified_gmt":"2025-07-31T20:31:10","slug":"fcba-bordeaux-comment-suivre-le-match-des-girondins-en-direct","status":"publish","type":"post","link":"https:\/\/www.europesays.com\/fr\/287492\/","title":{"rendered":"FCBA-Bordeaux : comment suivre le match des Girondins en direct ?"},"content":{"rendered":"<p><img decoding=\"async\" src=\"https:\/\/www.europesays.com\/fr\/wp-content\/uploads\/2025\/07\/671_07aaed426968c8cf4d769c98c7ab1f21.jpg\" alt=\"FCBA-Bordeaux : comment suivre le match des Girondins en direct ?\" class=\"img-responsive mt-3\"\/><\/p>\n<p class=\"text-center mb-3\" style=\"font-size: 14px\">\u00a9 Iconsport<\/p>\n<p style=\"text-align: justify;\">Cette 3e rencontre amicale et de pr\u00e9paration se joue \u00e0 20h au Stade Jean Brousse d&rsquo;Arcachon. Vous pouvez assister \u00e0 ce match qui est ouvert au public, et des places sont encore disponibles. La rencontre n&rsquo;est pas diffus\u00e9e sur les \u00e9crans.<\/p>\n<p><strong>Live texte sur WebGirondins<\/strong><\/p>\n<p style=\"text-align: justify;\">C&rsquo;est pourquoi nous vous proposons sur WebGirondins un live texte de la rencontre d\u00e8s 19h45 avec les compositions d\u2019\u00e9quipes, les actions du match, les remplacements, l&rsquo;\u00e9volution du score, etc.<\/p>\n<p style=\"text-align: justify;\">De plus, nous vous proposons apr\u00e8s la rencontre un compte rendu du match \u00e0 lire sur notre site et les r\u00e9actions des acteurs.<\/p>\n<p>\u00c0 lire &gt;&gt; <strong><a href=\"https:\/\/www.webgirondins.com\/actualite-autour-des-girondins-girondins-romain-molina-bordeaux-a-typiquement-la-tete-pour-ce-projet-129912\" target=\"_blank\" rel=\"noopener\">Romain Molina : \u00ab\u00a0Bordeaux a typiquement la t\u00eate pour ce projet\u00a0\u00bb<\/a><\/strong><\/p>\n<p>Notre podcast court mercato et gardien de but :<\/p>\n<p>\u00a0<\/p>\n","protected":false},"excerpt":{"rendered":"\u00a9 Iconsport Cette 3e rencontre amicale et de pr\u00e9paration se joue \u00e0 20h au Stade Jean Brousse d&rsquo;Arcachon.&hellip;\n","protected":false},"author":2,"featured_media":287493,"comment_status":"","ping_status":"","sticky":false,"template":"","format":"standard","meta":{"footnotes":""},"categories":[2817],"tags":[1111,11,2863,23856,1997,37543,20,814,23567,1777,674,2823,37542,1011,27,1987,13392,3289,955,12,2219,18074,29390,25,3982,2858,8007],"class_list":{"0":"post-287492","1":"post","2":"type-post","3":"status-publish","4":"format-standard","5":"has-post-thumbnail","7":"category-bordeaux","8":"tag-actu","9":"tag-actualites","10":"tag-aout","11":"tag-arcachon","12":"tag-bordeaux","13":"tag-brousse","14":"tag-comment","15":"tag-direct","16":"tag-estivale","17":"tag-eu","18":"tag-europe","19":"tag-face","20":"tag-fcba","21":"tag-fr","22":"tag-france","23":"tag-girondins","24":"tag-jean","25":"tag-leur","26":"tag-match","27":"tag-news","28":"tag-nouvelle-aquitaine","29":"tag-poursuivent","30":"tag-preparation","31":"tag-republique-francaise","32":"tag-samedi","33":"tag-stade","34":"tag-suivre"},"share_on_mastodon":{"url":"https:\/\/pubeurope.com\/@fr\/114949749723099896","error":""},"_links":{"self":[{"href":"https:\/\/www.europesays.com\/fr\/wp-json\/wp\/v2\/posts\/287492","targetHints":{"allow":["GET"]}}],"collection":[{"href":"https:\/\/www.europesays.com\/fr\/wp-json\/wp\/v2\/posts"}],"about":[{"href":"https:\/\/www.europesays.com\/fr\/wp-json\/wp\/v2\/types\/post"}],"author":[{"embeddable":true,"href":"https:\/\/www.europesays.com\/fr\/wp-json\/wp\/v2\/users\/2"}],"replies":[{"embeddable":true,"href":"https:\/\/www.europesays.com\/fr\/wp-json\/wp\/v2\/comments?post=287492"}],"version-history":[{"count":0,"href":"https:\/\/www.europesays.com\/fr\/wp-json\/wp\/v2\/posts\/287492\/revisions"}],"wp:featuredmedia":[{"embeddable":true,"href":"https:\/\/www.europesays.com\/fr\/wp-json\/wp\/v2\/media\/287493"}],"wp:attachment":[{"href":"https:\/\/www.europesays.com\/fr\/wp-json\/wp\/v2\/media?parent=287492"}],"wp:term":[{"taxonomy":"category","embeddable":true,"href":"https:\/\/www.europesays.com\/fr\/wp-json\/wp\/v2\/categories?post=287492"},{"taxonomy":"post_tag","embeddable":true,"href":"https:\/\/www.europesays.com\/fr\/wp-json\/wp\/v2\/tags?post=287492"}],"curies":[{"name":"wp","href":"https:\/\/api.w.org\/{rel}","templated":true}]}}