{"id":287496,"date":"2025-07-31T20:33:14","date_gmt":"2025-07-31T20:33:14","guid":{"rendered":"https:\/\/www.europesays.com\/fr\/287496\/"},"modified":"2025-07-31T20:33:14","modified_gmt":"2025-07-31T20:33:14","slug":"les-circonstances-entourant-le-drame-restent-encore-floues","status":"publish","type":"post","link":"https:\/\/www.europesays.com\/fr\/287496\/","title":{"rendered":"les circonstances entourant le drame restent encore floues"},"content":{"rendered":"<p>            Par<br \/>\n        <strong><br \/>\n            <a href=\"https:\/\/actu.fr\/auteur\/paul-2\" title=\"Consulter tous les articles de Paul Halbedel\" rel=\"nofollow noopener\" target=\"_blank\">Paul Halbedel<\/a><br \/>\n        <\/strong><\/p>\n<p>        Publi\u00e9 le<\/p>\n<p>            31 juil. 2025 \u00e0 21h11        <\/p>\n<p>Dimanche 27\u00a0juillet, en fin de soir\u00e9e, <strong>un homme de 33 ans a perdu la vie des suites d\u2019un accident s\u2019\u00e9tant d\u00e9roul\u00e9 sous les yeux de son fr\u00e8re<\/strong>. Selon les informations fournies par la gendarmerie au lendemain des faits, les deux hommes circulaient avaient une trottinette dans la commune de <a href=\"https:\/\/actu.fr\/occitanie\/pompertuzat_31429\" rel=\"nofollow noopener\" target=\"_blank\">Pompertuzat<\/a>, au sud-est de <a href=\"https:\/\/actu.fr\/occitanie\/toulouse_31555\" rel=\"nofollow noopener\" target=\"_blank\">Toulouse<\/a>, quand ils ont \u00e9t\u00e9 impliqu\u00e9s dans une collision avec la voiture d\u2019un automobiliste \u00e2g\u00e9 de 19\u00a0ans. Des faits qui se sont d\u00e9roul\u00e9s au niveau d\u2019un <strong>passage pi\u00e9ton situ\u00e9 sur la<\/strong> <strong>RD813<\/strong>, face \u00e0 Intermarch\u00e9. Secourue par les pompiers, la victime a \u00e9t\u00e9 transf\u00e9r\u00e9e \u00e0 l\u2019h\u00f4pital en urgence absolue. Son d\u00e9c\u00e8s est intervenu alors qu\u2019il \u00e9tait pris en charge au sein du service des soins intensifs. Une enqu\u00eate a \u00e9t\u00e9 ouverte pour essayer de faire toute la lumi\u00e8re sur de ce drame. Mais quatre jours plus tard, <strong>de nombreuses zones d\u2019ombre semblent persister<\/strong>.<\/p>\n<p>Test d\u2019alcool\u00e9mie<\/p>\n<p class=\" wall-content\">Soumis \u00e0 un test d\u2019alcool\u00e9mie juste apr\u00e8s cet accident, le conducteur du v\u00e9hicule pr\u00e9sentait un taux de <strong>0,17\u00a0mg par litre d\u2019air expir\u00e9<\/strong>, selon une information livr\u00e9e ce jeudi 31\u00a0juillet par le Parquet de Toulouse \u00e0 <a href=\"https:\/\/actu.fr\/voix-du-midi-lauragais\/\" rel=\"nofollow noopener\" target=\"_blank\">Voix du Midi Lauragais<\/a>.<\/p>\n<p class=\" wall-content\">\u00ab\u2009Cela repr\u00e9sente un verre ou un peu moins. Mais c\u2019est un jeune conducteur. Donc <strong>il \u00e9tait au-dessus du taux autoris\u00e9<\/strong> et il s\u2019agit d\u2019une <strong>circonstance aggravante<\/strong>\u2009\u00bb, explique-t-on du c\u00f4t\u00e9 du Tribunal judiciaire de Toulouse. Rappelons que dans le cadre d\u2019un permis probatoire, la limite est fix\u00e9e \u00e0 0,10\u00a0mg par litre d\u2019air expir\u00e9, ce qui correspond en pratique \u00e0 z\u00e9ro verre d\u2019alcool.<\/p>\n<p>Les investigations se poursuivent<\/p>\n<p class=\" wall-content\">Quant au d\u00e9roulement des faits ce soir-l\u00e0, un certain flou semble encore exister. \u00ab\u2009L\u2019enqu\u00eate se poursuit \u00e0 ce stade pour \u00e9tablir les circonstances exactes de cet accident. Il y a pour le moment des <strong>d\u00e9clarations un peu contradictoires<\/strong> des personnes qui \u00e9taient pr\u00e9sentes aux alentours. Il est donc n\u00e9cessaire de poursuivre les investigations, y compris en menant certainement des \u00e9tudes techniques\u2009\u00bb, fait savoir le Parquet de Toulouse, ne souhaitant pas en dire plus sur cette affaire pour le moment.<\/p>\n<p class=\" wall-content\">La principale zone d\u2019ombre pourrait notamment concerner la pr\u00e9sence ou non des deux hommes sur la trottinette au moment du choc avec la voiture. La victime se trouvait-elle seule sur l\u2019engin\u2009? Qu\u2019en \u00e9tait-il de <strong>son fr\u00e8re qui n\u2019a pas \u00e9t\u00e9 bless\u00e9<\/strong>, bien que fortement choqu\u00e9 par la sc\u00e8ne s\u2019\u00e9tant d\u00e9roul\u00e9 devant lui ? Enfin, lequel des deux v\u00e9hicules a percut\u00e9 l\u2019autre, \u00e0 quelle vitesse arrivaient-ils et dans quelles conditions de visibilit\u00e9 ? Des questions auxquelles les enqu\u00eateurs en charge des investigations doivent d\u00e9sormais tenter de r\u00e9pondre.<\/p>\n<p class=\" wall-content\">Suivez toute l\u2019actualit\u00e9 de vos villes et m\u00e9dias favoris en vous inscrivant \u00e0 <a href=\"https:\/\/moncompte.actu.fr\" title=\"D\u00e9couvez Mon Actu\" rel=\"nofollow noopener\" data-trk=\"{&quot;cta&quot;:{&quot;action&quot;:&quot;https:\\\/\\\/moncompte.actu.fr&quot;,&quot;category&quot;:&quot;mon compte&quot;,&quot;from&quot;:&quot;article footer&quot;,&quot;name&quot;:&quot;Mon actu&quot;,&quot;type&quot;:&quot;cta&quot;}}\" target=\"_blank\">Mon Actu<\/a>.<\/p>\n","protected":false},"excerpt":{"rendered":"Par Paul Halbedel Publi\u00e9 le 31 juil. 2025 \u00e0 21h11 Dimanche 27\u00a0juillet, en fin de soir\u00e9e, un homme&hellip;\n","protected":false},"author":2,"featured_media":287497,"comment_status":"","ping_status":"","sticky":false,"template":"","format":"standard","meta":{"footnotes":""},"categories":[2816],"tags":[119,1111,11,1777,674,118,1011,27,3381,303,12,2680,25,2312],"class_list":{"0":"post-287496","1":"post","2":"type-post","3":"status-publish","4":"format-standard","5":"has-post-thumbnail","7":"category-toulouse","8":"tag-accident","9":"tag-actu","10":"tag-actualites","11":"tag-eu","12":"tag-europe","13":"tag-faits-divers","14":"tag-fr","15":"tag-france","16":"tag-gendarmerie","17":"tag-justice","18":"tag-news","19":"tag-occitanie","20":"tag-republique-francaise","21":"tag-toulouse"},"share_on_mastodon":{"url":"https:\/\/pubeurope.com\/@fr\/114949757486536938","error":""},"_links":{"self":[{"href":"https:\/\/www.europesays.com\/fr\/wp-json\/wp\/v2\/posts\/287496","targetHints":{"allow":["GET"]}}],"collection":[{"href":"https:\/\/www.europesays.com\/fr\/wp-json\/wp\/v2\/posts"}],"about":[{"href":"https:\/\/www.europesays.com\/fr\/wp-json\/wp\/v2\/types\/post"}],"author":[{"embeddable":true,"href":"https:\/\/www.europesays.com\/fr\/wp-json\/wp\/v2\/users\/2"}],"replies":[{"embeddable":true,"href":"https:\/\/www.europesays.com\/fr\/wp-json\/wp\/v2\/comments?post=287496"}],"version-history":[{"count":0,"href":"https:\/\/www.europesays.com\/fr\/wp-json\/wp\/v2\/posts\/287496\/revisions"}],"wp:featuredmedia":[{"embeddable":true,"href":"https:\/\/www.europesays.com\/fr\/wp-json\/wp\/v2\/media\/287497"}],"wp:attachment":[{"href":"https:\/\/www.europesays.com\/fr\/wp-json\/wp\/v2\/media?parent=287496"}],"wp:term":[{"taxonomy":"category","embeddable":true,"href":"https:\/\/www.europesays.com\/fr\/wp-json\/wp\/v2\/categories?post=287496"},{"taxonomy":"post_tag","embeddable":true,"href":"https:\/\/www.europesays.com\/fr\/wp-json\/wp\/v2\/tags?post=287496"}],"curies":[{"name":"wp","href":"https:\/\/api.w.org\/{rel}","templated":true}]}}