{"id":287498,"date":"2025-07-31T20:35:16","date_gmt":"2025-07-31T20:35:16","guid":{"rendered":"https:\/\/www.europesays.com\/fr\/287498\/"},"modified":"2025-07-31T20:35:16","modified_gmt":"2025-07-31T20:35:16","slug":"vive-polemique-autour-de-linscription-dune-etudiante-gazaouie-antisemite-a-sciences-po-lille","status":"publish","type":"post","link":"https:\/\/www.europesays.com\/fr\/287498\/","title":{"rendered":"Vive pol\u00e9mique autour de l\u2019inscription d\u2019une \u00e9tudiante gazaouie antis\u00e9mite \u00e0 Sciences Po Lille"},"content":{"rendered":"<p><strong>R\u00c9CIT<\/strong> &#8211; \u00c0 l\u2019origine de publications extr\u00eamement violentes sur les r\u00e9seaux sociaux, elle devait rejoindre l\u2019institut d\u2019\u00e9tudes politiques \u00e0 la rentr\u00e9e apr\u00e8s avoir obtenu une bourse d\u2019\u00e9tudes. D\u00e9sinscrite de l\u2019IEP, elle est vis\u00e9e par une enqu\u00eate judiciaire et pourrait \u00eatre expuls\u00e9e.<\/p>\n<p class=\"fig-paragraph\"><a href=\"http:\/\/www.lefigaro.fr\/actualite-france\/une-gazaouie-accueillie-a-sciences-po-lille-accusee-d-antisemitisme-bruno-retailleau-veut-saisir-la-justice-20250730\" data-fig-type=\"NewsFlash\" data-gtm-custom-categorie=\"navigation\" data-gtm-custom-action=\"crossclick\" data-gtm-custom-label=\"Contextuel\" data-gtm-event=\"customEventSPE\" data-fig-domain=\"LEFIGARO\" rel=\"nofollow noopener\" target=\"_blank\">Nour Atallah<\/a>, une \u00e9tudiante gazaouie qui devait \u00eatre accueillie \u00e0 Sciences Po Lille \u00e0 la rentr\u00e9e prochaine, a \u00e9t\u00e9 plac\u00e9e en garde \u00e0 vue ce jeudi, vis\u00e9e par une enqu\u00eate judiciaire pour \u00ab\u00a0apologie du terrorisme et apologie de crime contre l\u2019humanit\u00e9\u00a0\u00bb. La jeune femme de 25\u00a0ans, auteur de plusieurs publications antis\u00e9mites sur les r\u00e9seaux sociaux, \u00ab\u00a0a vocation \u00e0 quitter le territoire national\u00a0\u00bb, a d\u00e9clar\u00e9 une source diplomatique \u00e0 l\u2019AFP.<\/p>\n<p class=\"fig-paragraph\">La veille, plusieurs internautes avaient exhum\u00e9 d\u2019anciennes publications relay\u00e9es par un compte X, rapidement attribu\u00e9 \u00e0 Nour Atallah. Parmi elles, une galerie de propos provocants,\u00a0<a href=\"http:\/\/www.lefigaro.fr\/nice\/sale-juif-sale-race-a-nice-l-auteur-des-injures-antisemites-en-marge-d-un-rassemblement-propalestinien-rattrape-par-la-justice-20250731\" data-fig-type=\"NewsFlash\" data-gtm-custom-categorie=\"navigation\" data-gtm-custom-action=\"crossclick\" data-gtm-custom-label=\"Contextuel\" data-gtm-event=\"customEventSPE\" data-fig-domain=\"LEFIGARO\" rel=\"nofollow noopener\" target=\"_blank\">violemment antis\u00e9mites<\/a>. Deux jours apr\u00e8s le massacre du 7\u00a0octobre 2023 en Isra\u00ebl, le compte republiait un appel \u00e0 filmer les ex\u00e9cutions des otages en \u00ab\u00a0haute qualit\u00e9\u00a0\u00bb et \u00e0 les envoyer aux m\u00e9dias \u00ab\u00a0de l\u2019Occident pervers\u00a0\u00bb. Un an plus tard, elle partageait la vid\u00e9o d\u2019un discours d\u2019Adolf Hitler \u00e0 propos des Juifs. La publication s\u2019accompagnait du texte suivant&amp;nbsp<\/p>\n<p class=\"fig-premium-paywall__infos\">\n        Cet article est r\u00e9serv\u00e9 aux abonn\u00e9s.        Il vous reste 85% \u00e0 d\u00e9couvrir.\n    <\/p>\n<p>                <img  data- alt=\"Le Figaro\" class=\"fig-img--complete fig-img\"\/><\/p>\n<p class=\"fig-premium-paywall__title\">Vous avez envie de lire la suite ?<\/p>\n<p class=\"fig-premium-paywall__subtitle\">D\u00e9bloquez tous les articles imm\u00e9diatement.<\/p>\n<p class=\"fig-premium-paywall__connect\">\n                D\u00e9j\u00e0 abonn\u00e9\u00a0?                <a class=\"fig-premium-paywall__connect-link\" href=\"https:\/\/connect.lefigaro.fr\/login?client=horizon_web&amp;type=main&amp;redirect_uri=https%3A%2F%2Fwww.lefigaro.fr%2Factualite-france%2Fvive-polemique-autour-de-l-inscription-d-une-etudiante-gazaouie-antisemite-a-sciences-po-lille-20250731\" data-js-gtm=\"{&quot;customCategorie&quot;: &quot;conversion&quot;, &quot;customAction&quot;: &quot;before_Landing_Connexion_paywall_auto&quot;, &quot;customLabel&quot;: &quot;bGVmaWdhcm8uZnJfXzFmMDZkZTQxLWZlNmMtNmMzNC04YzVkLTFiOTZiZjQ1NDIyNl9fQXJ0aWNsZQ==_Vive pol\u00e9mique autour de l\u2019inscription d\u2019une \u00e9tudiante gazaouie antis\u00e9mite \u00e0 Sciences Po Lille_552&quot;, &quot;customIDSPE&quot;: &quot;bGVmaWdhcm8uZnJfXzFmMDZkZTQxLWZlNmMtNmMzNC04YzVkLTFiOTZiZjQ1NDIyNl9fQXJ0aWNsZQ==&quot;, &quot;event&quot;: &quot;customEventSPE&quot;}\" rel=\"nofollow noopener\" target=\"_blank\"><br \/>\n                    Connectez-vous<br \/>\n                <\/a>\n            <\/p>\n","protected":false},"excerpt":{"rendered":"R\u00c9CIT &#8211; \u00c0 l\u2019origine de publications extr\u00eamement violentes sur les r\u00e9seaux sociaux, elle devait rejoindre l\u2019institut d\u2019\u00e9tudes politiques&hellip;\n","protected":false},"author":2,"featured_media":287499,"comment_status":"","ping_status":"","sticky":false,"template":"","format":"standard","meta":{"footnotes":""},"categories":[2815],"tags":[1111,11,6155,1777,674,1011,27,811,1307,12,25,5516],"class_list":{"0":"post-287498","1":"post","2":"type-post","3":"status-publish","4":"format-standard","5":"has-post-thumbnail","7":"category-lille","8":"tag-actu","9":"tag-actualites","10":"tag-antisemitisme","11":"tag-eu","12":"tag-europe","13":"tag-fr","14":"tag-france","15":"tag-hauts-de-france","16":"tag-lille","17":"tag-news","18":"tag-republique-francaise","19":"tag-sciences-po"},"share_on_mastodon":{"url":"https:\/\/pubeurope.com\/@fr\/114949765461778745","error":""},"_links":{"self":[{"href":"https:\/\/www.europesays.com\/fr\/wp-json\/wp\/v2\/posts\/287498","targetHints":{"allow":["GET"]}}],"collection":[{"href":"https:\/\/www.europesays.com\/fr\/wp-json\/wp\/v2\/posts"}],"about":[{"href":"https:\/\/www.europesays.com\/fr\/wp-json\/wp\/v2\/types\/post"}],"author":[{"embeddable":true,"href":"https:\/\/www.europesays.com\/fr\/wp-json\/wp\/v2\/users\/2"}],"replies":[{"embeddable":true,"href":"https:\/\/www.europesays.com\/fr\/wp-json\/wp\/v2\/comments?post=287498"}],"version-history":[{"count":0,"href":"https:\/\/www.europesays.com\/fr\/wp-json\/wp\/v2\/posts\/287498\/revisions"}],"wp:featuredmedia":[{"embeddable":true,"href":"https:\/\/www.europesays.com\/fr\/wp-json\/wp\/v2\/media\/287499"}],"wp:attachment":[{"href":"https:\/\/www.europesays.com\/fr\/wp-json\/wp\/v2\/media?parent=287498"}],"wp:term":[{"taxonomy":"category","embeddable":true,"href":"https:\/\/www.europesays.com\/fr\/wp-json\/wp\/v2\/categories?post=287498"},{"taxonomy":"post_tag","embeddable":true,"href":"https:\/\/www.europesays.com\/fr\/wp-json\/wp\/v2\/tags?post=287498"}],"curies":[{"name":"wp","href":"https:\/\/api.w.org\/{rel}","templated":true}]}}