{"id":287500,"date":"2025-07-31T20:36:11","date_gmt":"2025-07-31T20:36:11","guid":{"rendered":"https:\/\/www.europesays.com\/fr\/287500\/"},"modified":"2025-07-31T20:36:11","modified_gmt":"2025-07-31T20:36:11","slug":"lagglomeration-dignoise-renforce-son-partenariat-avec-lagence-regionale-de-sante","status":"publish","type":"post","link":"https:\/\/www.europesays.com\/fr\/287500\/","title":{"rendered":"L&rsquo;agglom\u00e9ration dignoise renforce son partenariat avec l&rsquo;Agence r\u00e9gionale de sant\u00e9"},"content":{"rendered":"<p><a href=\"https:\/\/www.laprovence.com\/article\/region\/2656032167635315\/deserts-medicaux-le-departement-des-alpes-de-haute-provence-ouvre-un-centre-de-sante-a-digne-les-bains\" target=\"_blank\" rel=\"noopener\">Maisons pluriprofessionnelles de sant\u00e9<\/a>, maison m\u00e9dicale de garde, premi\u00e8re ann\u00e9e de m\u00e9decine au campus connect\u00e9 de Digne-les-Bains, surveillance accrue des pollens et de leurs effets allergisants, lancement d&rsquo;une navette \u00e0 la demande pour les personnes \u00e0 mobilit\u00e9 r\u00e9duites\u2026\u00a0\u00bbToutes ces initiatives, il fallait les rassembler\u00a0\u00bb, explique Patricia Granet, maire de Digne et pr\u00e9sidente de Provence Alpes Agglom\u00e9ration (PAA).<\/p>\n<p>Le 31 juillet 2025, le directeur r\u00e9gional de l&rsquo;<a href=\"https:\/\/www.laprovence.com\/article\/region\/1222963811971814\/le-directeur-general-de-lars-paca-yann-bubien-est-en-visite-a-digne-les-bains\" target=\"_blank\" rel=\"noopener\">Agence r\u00e9gionale de sant\u00e9<\/a> (ARS Paca) Yann Bubien s&rsquo;est donc rendu \u00e0 Digne pour lancer officiellement la \u00ab\u00a0phase de pr\u00e9figuration\u00a0\u00bb, qui devrait finalement d\u00e9boucher sur la signature d&rsquo;un contrat local de sant\u00e9 entre l&rsquo;ARS et PAA.<\/p>\n<p>Concr\u00e8tement, qu&rsquo;est-ce que \u00e7a change\u00a0?<\/p>\n<p>Question l\u00e9gitime, puisque de nombreuses initiatives port\u00e9es par l&rsquo;agglom\u00e9ration dignoise en termes de sant\u00e9 sont d\u00e9j\u00e0 en place.<\/p>\n<p>Symboliquement, \u00ab\u00a0\u00e7a acte le fait que la collectivit\u00e9 agit aux c\u00f4t\u00e9s de l&rsquo;\u00c9tat <a href=\"https:\/\/www.laprovence.com\/article\/papier\/5601782\/sante-letat-de-crise.html\" target=\"_blank\" rel=\"noopener\">sur la sant\u00e9<\/a>\u00ab\u00a0, pr\u00e9cise le directeur de l&rsquo;ARS 04, Bertrand Biju-Duval. \u00ab\u00a0Et \u00e7a nous permet \u00e0 nous, ARS, de financer du temps d&rsquo;animation sur la sant\u00e9.\u00a0\u00bb Par exemple, des campagnes de sensibilisation sur des sujets identifi\u00e9s comme prioritaires par l&rsquo;agglom\u00e9ration, ou un poste d\u00e9di\u00e9 au suivi d&rsquo;initiatives existantes et \u00e0 venir.<\/p>\n<p>Entre autres, la maire de Digne envisage de cr\u00e9er une deuxi\u00e8me maison de sant\u00e9, qui s&rsquo;ajouterait \u00e0 la maison Ir\u00e8ne-Joliot-Curie (projet de PAA) et au centre d\u00e9partemental de sant\u00e9 (port\u00e9 par le D\u00e9partement).<\/p>\n","protected":false},"excerpt":{"rendered":"Maisons pluriprofessionnelles de sant\u00e9, maison m\u00e9dicale de garde, premi\u00e8re ann\u00e9e de m\u00e9decine au campus connect\u00e9 de Digne-les-Bains, surveillance&hellip;\n","protected":false},"author":2,"featured_media":287501,"comment_status":"","ping_status":"","sticky":false,"template":"","format":"standard","meta":{"footnotes":""},"categories":[2814],"tags":[17,1111,11,3396,42615,1777,674,1011,27,7000,7113,884,12,2766,882,36546,25,71,3711],"class_list":{"0":"post-287500","1":"post","2":"type-post","3":"status-publish","4":"format-standard","5":"has-post-thumbnail","7":"category-marseille","8":"tag-17","9":"tag-actu","10":"tag-actualites","11":"tag-avec","12":"tag-dignoise","13":"tag-eu","14":"tag-europe","15":"tag-fr","16":"tag-france","17":"tag-lagglomeration","18":"tag-lagence","19":"tag-marseille","20":"tag-news","21":"tag-partenariat","22":"tag-provence-alpes-cote-dazur","23":"tag-renforce","24":"tag-republique-francaise","25":"tag-sante","26":"tag-son"},"share_on_mastodon":{"url":"https:\/\/pubeurope.com\/@fr\/114949769380882619","error":""},"_links":{"self":[{"href":"https:\/\/www.europesays.com\/fr\/wp-json\/wp\/v2\/posts\/287500","targetHints":{"allow":["GET"]}}],"collection":[{"href":"https:\/\/www.europesays.com\/fr\/wp-json\/wp\/v2\/posts"}],"about":[{"href":"https:\/\/www.europesays.com\/fr\/wp-json\/wp\/v2\/types\/post"}],"author":[{"embeddable":true,"href":"https:\/\/www.europesays.com\/fr\/wp-json\/wp\/v2\/users\/2"}],"replies":[{"embeddable":true,"href":"https:\/\/www.europesays.com\/fr\/wp-json\/wp\/v2\/comments?post=287500"}],"version-history":[{"count":0,"href":"https:\/\/www.europesays.com\/fr\/wp-json\/wp\/v2\/posts\/287500\/revisions"}],"wp:featuredmedia":[{"embeddable":true,"href":"https:\/\/www.europesays.com\/fr\/wp-json\/wp\/v2\/media\/287501"}],"wp:attachment":[{"href":"https:\/\/www.europesays.com\/fr\/wp-json\/wp\/v2\/media?parent=287500"}],"wp:term":[{"taxonomy":"category","embeddable":true,"href":"https:\/\/www.europesays.com\/fr\/wp-json\/wp\/v2\/categories?post=287500"},{"taxonomy":"post_tag","embeddable":true,"href":"https:\/\/www.europesays.com\/fr\/wp-json\/wp\/v2\/tags?post=287500"}],"curies":[{"name":"wp","href":"https:\/\/api.w.org\/{rel}","templated":true}]}}