{"id":287502,"date":"2025-07-31T20:37:20","date_gmt":"2025-07-31T20:37:20","guid":{"rendered":"https:\/\/www.europesays.com\/fr\/287502\/"},"modified":"2025-07-31T20:37:20","modified_gmt":"2025-07-31T20:37:20","slug":"trois-enquetes-ouvertes-sur-la-voiture-de-police-percutee-2","status":"publish","type":"post","link":"https:\/\/www.europesays.com\/fr\/287502\/","title":{"rendered":"Trois enqu\u00eates ouvertes sur la voiture de police percut\u00e9e"},"content":{"rendered":"<p>Le parquet de <a href=\"https:\/\/www.20minutes.fr\/marseille\/\" class=\"color-ultramarine c-link\" target=\"_blank\" rel=\"noopener\">Marseille <\/a>a annonc\u00e9 ce jeudi l\u2019ouverture de trois enqu\u00eates concernant des faits relev\u00e9s dans <a href=\"https:\/\/x.com\/prefpolice13\/status\/1950311130012012562\" rel=\"nofollow\" target=\"_blank\" class=\"color-ultramarine c-link\">une vid\u00e9o massivement relay\u00e9e<\/a> ce mercredi sur les <a href=\"https:\/\/www.20minutes.fr\/dossier\/reseaux_sociaux\" class=\"color-ultramarine c-link\" target=\"_blank\" rel=\"noopener\">r\u00e9seaux<\/a>.<\/p>\n<p>Sur ces images, on y voit <a href=\"https:\/\/www.20minutes.fr\/faits_divers\/4166022-20250730-marseille-video-policiers-pris-partie-apres-accident-devient-virale-reseaux-sociaux\" class=\"color-ultramarine c-link\" target=\"_blank\" rel=\"noopener\">une voiture de police percut\u00e9e \u00e0 vive allure par un autre v\u00e9hicule<\/a>, \u00ab\u00a0qui ne parvenait pas \u00e0 les \u00e9viter\u00a0\u00bb, rel\u00e8ve le procureur de la R\u00e9publique dans un communiqu\u00e9 parvenu \u00e0 20 Minutes.<\/p>\n<p>Course-poursuite avec une motocross<\/p>\n<p>Imm\u00e9diatement, le conducteur du v\u00e9hicule est venu aider les policiers percut\u00e9s encore groggy, tandis que quelques personnes pr\u00e9sentes sur les lieux lan\u00e7aient \u00ab\u00a0des invectives, des insultes et des menaces\u00a0\u00bb, continue le parquet qui entend les poursuivre pour \u00ab\u00a0menaces et violences volontaires aggrav\u00e9es sur personne d\u00e9positaire de l\u2019autorit\u00e9 publique\u00a0\u00bb.<\/p>\n<\/p>\n<p>Cet accident, survenu ce lundi 28\u00a0juillet 2025 s\u2019est produit alors que l\u2019\u00e9quipage de police se trouvait \u00e0 proximit\u00e9 d\u2019un point de deal cit\u00e9 Picon, dans le 14e\u00a0arrondissement de Marseille et poursuivait un individu sans de casque sur une petite motocross. Ce dernier est vis\u00e9 par une enqu\u00eate pour refus d\u2019obtemp\u00e9rer.<\/p>\n<p>Pour l\u2019accident de la route, le conducteur est quant \u00e0 lui poursuivi pour blessures involontaires.<\/p>\n","protected":false},"excerpt":{"rendered":"Le parquet de Marseille a annonc\u00e9 ce jeudi l\u2019ouverture de trois enqu\u00eates concernant des faits relev\u00e9s dans une&hellip;\n","protected":false},"author":2,"featured_media":287503,"comment_status":"","ping_status":"","sticky":false,"template":"","format":"standard","meta":{"footnotes":""},"categories":[2814],"tags":[4376,1111,47,11,885,1777,674,118,7505,1011,27,884,12,883,1072,882,33962,2852,25,887],"class_list":{"0":"post-287502","1":"post","2":"type-post","3":"status-publish","4":"format-standard","5":"has-post-thumbnail","7":"category-marseille","8":"tag-accident-de-la-route","9":"tag-actu","10":"tag-actualite","11":"tag-actualites","12":"tag-bouches-du-rhone","13":"tag-eu","14":"tag-europe","15":"tag-faits-divers","16":"tag-faits-divers-marseille","17":"tag-fr","18":"tag-france","19":"tag-marseille","20":"tag-news","21":"tag-paca","22":"tag-police","23":"tag-provence-alpes-cote-dazur","24":"tag-quartiers-nord-de-marseille","25":"tag-refus-dobtemperer","26":"tag-republique-francaise","27":"tag-trafic-de-drogue"},"share_on_mastodon":{"url":"https:\/\/pubeurope.com\/@fr\/114949773303574067","error":""},"_links":{"self":[{"href":"https:\/\/www.europesays.com\/fr\/wp-json\/wp\/v2\/posts\/287502","targetHints":{"allow":["GET"]}}],"collection":[{"href":"https:\/\/www.europesays.com\/fr\/wp-json\/wp\/v2\/posts"}],"about":[{"href":"https:\/\/www.europesays.com\/fr\/wp-json\/wp\/v2\/types\/post"}],"author":[{"embeddable":true,"href":"https:\/\/www.europesays.com\/fr\/wp-json\/wp\/v2\/users\/2"}],"replies":[{"embeddable":true,"href":"https:\/\/www.europesays.com\/fr\/wp-json\/wp\/v2\/comments?post=287502"}],"version-history":[{"count":0,"href":"https:\/\/www.europesays.com\/fr\/wp-json\/wp\/v2\/posts\/287502\/revisions"}],"wp:featuredmedia":[{"embeddable":true,"href":"https:\/\/www.europesays.com\/fr\/wp-json\/wp\/v2\/media\/287503"}],"wp:attachment":[{"href":"https:\/\/www.europesays.com\/fr\/wp-json\/wp\/v2\/media?parent=287502"}],"wp:term":[{"taxonomy":"category","embeddable":true,"href":"https:\/\/www.europesays.com\/fr\/wp-json\/wp\/v2\/categories?post=287502"},{"taxonomy":"post_tag","embeddable":true,"href":"https:\/\/www.europesays.com\/fr\/wp-json\/wp\/v2\/tags?post=287502"}],"curies":[{"name":"wp","href":"https:\/\/api.w.org\/{rel}","templated":true}]}}