{"id":287506,"date":"2025-07-31T20:39:15","date_gmt":"2025-07-31T20:39:15","guid":{"rendered":"https:\/\/www.europesays.com\/fr\/287506\/"},"modified":"2025-07-31T20:39:15","modified_gmt":"2025-07-31T20:39:15","slug":"lyon-2e-une-femme-decede-en-chutant-du-6e-etage-un-pompier-blesse-lors-de-lintervention","status":"publish","type":"post","link":"https:\/\/www.europesays.com\/fr\/287506\/","title":{"rendered":"Lyon 2e :\u00a0une femme d\u00e9c\u00e8de en chutant du 6e \u00e9tage, un pompier bless\u00e9 lors de l\u2019intervention"},"content":{"rendered":"<p itemprop=\"description\"><strong>Une femme est morte ce jeudi 31 juillet en fin d\u2019apr\u00e8s-midi apr\u00e8s une chute du 6\u1d49 \u00e9tage d\u2019un immeuble situ\u00e9 rue Quivogne, dans le quartier de Perrache (Lyon 2e).<\/strong><\/p>\n<p>Les secours ont \u00e9t\u00e9 alert\u00e9s vers 16h40 pour une tentative de d\u00e9fenestration.<\/p>\n<p>D\u00e9p\u00each\u00e9s sur place, 23 sapeurs-pompiers r\u00e9partis dans 11 v\u00e9hicules ont mis en place un coussin de sauvetage. Malgr\u00e9 leurs efforts, la victime a fait une chute fatale. Elle \u00e9tait en arr\u00eat cardio-respiratoire \u00e0 l\u2019arriv\u00e9e des secours et n\u2019a pas pu \u00eatre r\u00e9anim\u00e9e.<\/p>\n<p>Un pompier a \u00e9t\u00e9 bless\u00e9 durant l\u2019intervention, touch\u00e9 \u00e0 l\u2019\u00e9paule et \u00e0 la hanche. La police \u00e9tait \u00e9galement pr\u00e9sente sur les lieux.\u00a0<\/p>\n<p>La piste du suicide est actuellement privil\u00e9gi\u00e9e.<\/p>\n","protected":false},"excerpt":{"rendered":"Une femme est morte ce jeudi 31 juillet en fin d\u2019apr\u00e8s-midi apr\u00e8s une chute du 6\u1d49 \u00e9tage d\u2019un&hellip;\n","protected":false},"author":2,"featured_media":287507,"comment_status":"","ping_status":"","sticky":false,"template":"","format":"standard","meta":{"footnotes":""},"categories":[1889],"tags":[1111,11,2813,2190,2430,1109,251,1112,2811,1777,674,118,1011,27,1922,1110,1114,2428,2810,12,241,316,25,2812,517,800],"class_list":{"0":"post-287506","1":"post","2":"type-post","3":"status-publish","4":"format-standard","5":"has-post-thumbnail","7":"category-lyon","8":"tag-actu","9":"tag-actualites","10":"tag-article","11":"tag-asvel","12":"tag-auvergne-rhone-alpes","13":"tag-breves","14":"tag-culture","15":"tag-depeches","16":"tag-economique","17":"tag-eu","18":"tag-europe","19":"tag-faits-divers","20":"tag-fr","21":"tag-france","22":"tag-info","23":"tag-informations","24":"tag-infos","25":"tag-lyon","26":"tag-lyonmag","27":"tag-news","28":"tag-ol","29":"tag-politique","30":"tag-republique-francaise","31":"tag-sociale","32":"tag-sport","33":"tag-transports"},"share_on_mastodon":{"url":"https:\/\/pubeurope.com\/@fr\/114949781161591162","error":""},"_links":{"self":[{"href":"https:\/\/www.europesays.com\/fr\/wp-json\/wp\/v2\/posts\/287506","targetHints":{"allow":["GET"]}}],"collection":[{"href":"https:\/\/www.europesays.com\/fr\/wp-json\/wp\/v2\/posts"}],"about":[{"href":"https:\/\/www.europesays.com\/fr\/wp-json\/wp\/v2\/types\/post"}],"author":[{"embeddable":true,"href":"https:\/\/www.europesays.com\/fr\/wp-json\/wp\/v2\/users\/2"}],"replies":[{"embeddable":true,"href":"https:\/\/www.europesays.com\/fr\/wp-json\/wp\/v2\/comments?post=287506"}],"version-history":[{"count":0,"href":"https:\/\/www.europesays.com\/fr\/wp-json\/wp\/v2\/posts\/287506\/revisions"}],"wp:featuredmedia":[{"embeddable":true,"href":"https:\/\/www.europesays.com\/fr\/wp-json\/wp\/v2\/media\/287507"}],"wp:attachment":[{"href":"https:\/\/www.europesays.com\/fr\/wp-json\/wp\/v2\/media?parent=287506"}],"wp:term":[{"taxonomy":"category","embeddable":true,"href":"https:\/\/www.europesays.com\/fr\/wp-json\/wp\/v2\/categories?post=287506"},{"taxonomy":"post_tag","embeddable":true,"href":"https:\/\/www.europesays.com\/fr\/wp-json\/wp\/v2\/tags?post=287506"}],"curies":[{"name":"wp","href":"https:\/\/api.w.org\/{rel}","templated":true}]}}