{"id":287512,"date":"2025-07-31T20:44:09","date_gmt":"2025-07-31T20:44:09","guid":{"rendered":"https:\/\/www.europesays.com\/fr\/287512\/"},"modified":"2025-07-31T20:44:09","modified_gmt":"2025-07-31T20:44:09","slug":"une-distance-equivalente-a-celle-entre-paris-et-venise-un-eclair-de-829-km-bat-un-record-mondial-aux-etats-unis","status":"publish","type":"post","link":"https:\/\/www.europesays.com\/fr\/287512\/","title":{"rendered":"\u00ab\u00a0Une distance \u00e9quivalente \u00e0 celle entre Paris et Venise\u00a0\u00bb\u00a0: un \u00e9clair de 829\u00a0km bat un record mondial aux \u00c9tats-Unis"},"content":{"rendered":"<p class=\"paragraph text_align_left lp-f-body-02\">Un m\u00e9ga \u00e9clair d\u2019une longueur exceptionnelle de 829 km, observ\u00e9 aux \u00c9tats-Unis en 2017, vient d\u2019\u00eatre officiellement reconnu comme le plus long jamais enregistr\u00e9 par l\u2019Organisation m\u00e9t\u00e9orologique mondiale (OMM). Le record, valid\u00e9 ce jeudi, d\u00e9passe de plus de 60 km le pr\u00e9c\u00e9dent, \u00e9tabli en 2020, \u00e9galement observ\u00e9 aux \u00c9tats-Unis, entre le Mississippi et le Texas.<\/p>\n<p class=\"paragraph text_align_left lp-f-body-02\">L\u2019\u00ab \u00e9clair-record \u00bb a \u00e9t\u00e9 rep\u00e9r\u00e9 lors d\u2019un <a href=\"https:\/\/www.leparisien.fr\/oise-60\/orages-dans-loise-nouveau-record-pour-la-periode-de-juillet-avec-lequivalent-dun-mois-de-pluie-en-deux-heures-23-07-2025-CXHH4SNIYFB33ICRNAVQ4AKUXY.php\" target=\"_self\" rel=\"noopener\">orage<\/a> qui s\u2019est d\u00e9velopp\u00e9 le 22 octobre 2017 dans la r\u00e9gion des Grandes Plaines, entre l\u2019est du <a href=\"https:\/\/www.leparisien.fr\/international\/etats-unis\/inondations-au-texas-un-audio-incrimine-le-temps-de-reaction-des-autorites-11-07-2025-O5N6HT7CEFE4RHQHILKJDTJQNA.php\" target=\"_self\" rel=\"noopener\">Texas<\/a> et les environs de Kansas City. \u00ab Il a couvert une distance \u00e9quivalente \u00e0 celle entre Paris et Venise \u00bb, a pr\u00e9cis\u00e9 l\u2019OMM dans un communiqu\u00e9.<\/p>\n<p class=\"paragraph text_align_left lp-f-body-02\">Initialement pass\u00e9 inaper\u00e7u, cet \u00e9clair hors norme a \u00e9t\u00e9 identifi\u00e9 lors d\u2019une r\u00e9\u00e9valuation des donn\u00e9es issues du satellite GOES-16, r\u00e9cemment mis en service \u00e0 l\u2019\u00e9poque. Onze experts internationaux, bas\u00e9s aux \u00c9tats-Unis, au Br\u00e9sil, en Allemagne, en Espagne, au N\u00e9pal et en Isra\u00ebl, ont certifi\u00e9 le record. La marge d\u2019erreur est estim\u00e9e \u00e0 environ huit kilom\u00e8tres.<\/p>\n<p>Un ph\u00e9nom\u00e8ne puissant et dangereux<\/p>\n<p class=\"paragraph text_align_left lp-f-body-02\">Ces \u00ab m\u00e9ga \u00e9clairs \u00bb, d\u2019une longueur et d\u2019une dur\u00e9e extr\u00eames, sont rares, mais pour l\u2019agence m\u00e9t\u00e9orologique des Nations unies, ils soulignent la puissance de la foudre et sa dangerosit\u00e9. \u00ab La foudre peut frapper tr\u00e8s loin de l\u2019orage d\u2019origine \u00bb, a rappel\u00e9 Randall Cerveny, rapporteur de l\u2019OMM pour les extr\u00eames climatiques, \u00ab C\u2019est pourquoi certaines personnes parlent d\u2019un \u00e9clair bleu, un \u00e9clair qui semble surgir d\u2019un ciel clair \u00bb.<\/p>\n<p class=\"paragraph text_align_left lp-f-body-02\">Pour l\u2019OMM, ce record est un rappel de l\u2019importance des syst\u00e8mes d\u2019alerte pr\u00e9coce \u00e0 l\u2019\u00e9chelle mondiale, qui couvrent tous les <a href=\"https:\/\/www.leparisien.fr\/environnement\/climat\/\" target=\"_self\" rel=\"noopener\">\u00e9v\u00e9nements m\u00e9t\u00e9orologiques<\/a> dangereux. \u00ab La foudre est une source d\u2019\u00e9merveillement, mais aussi un danger majeur \u00bb, a soulign\u00e9 Celeste Saulo, secr\u00e9taire g\u00e9n\u00e9rale de l\u2019organisation.<\/p>\n<p class=\"paragraph text_align_left lp-f-body-02\">La cartographie satellitaire de la foudre n\u2019est op\u00e9rationnelle que depuis 2016. Michael J. Peterson, du Centre de recherche sur les temp\u00eates violentes aux \u00c9tats-Unis, a d\u00e9clar\u00e9 qu\u2019\u00e0 mesure que les donn\u00e9es s\u2019\u00e9tofferont, \u00ab nous serons en mesure d\u2019observer m\u00eame les types de foudre extr\u00eame les plus rares sur Terre, et d\u2019\u00e9tudier les impacts larges de la foudre sur la soci\u00e9t\u00e9 \u00bb.<\/p>\n<p class=\"paragraph text_align_left lp-f-body-02\">Selon les chiffres records li\u00e9s \u00e0 la foudre et valid\u00e9s par l\u2019OMM, la plus longue dur\u00e9e d\u2019un \u00e9clair est de 17,102 secondes (18 juin 2020, Uruguay nord de l\u2019Argentine), l\u2019\u00e9clair direct le plus meurtrier a tu\u00e9 21 personnes abrit\u00e9es dans une hutte (1975, au Zimbabwe) et l\u2019impact indirect le plus d\u00e9vastateur est le d\u00e9versement de carburant en feu apr\u00e8s un impact sur un d\u00e9p\u00f4t, tuant 469 personnes (1994, Dronka en \u00c9gypte).<\/p>\n","protected":false},"excerpt":{"rendered":"Un m\u00e9ga \u00e9clair d\u2019une longueur exceptionnelle de 829 km, observ\u00e9 aux \u00c9tats-Unis en 2017, vient d\u2019\u00eatre officiellement reconnu&hellip;\n","protected":false},"author":2,"featured_media":287513,"comment_status":"","ping_status":"","sticky":false,"template":"","format":"standard","meta":{"footnotes":""},"categories":[1888],"tags":[11,1129,436,1777,674,1011,27,12,626,25],"class_list":{"0":"post-287512","1":"post","2":"type-post","3":"status-publish","4":"format-standard","5":"has-post-thumbnail","7":"category-paris","8":"tag-actualites","9":"tag-climat","10":"tag-environnement","11":"tag-eu","12":"tag-europe","13":"tag-fr","14":"tag-france","15":"tag-news","16":"tag-paris","17":"tag-republique-francaise"},"share_on_mastodon":{"url":"https:\/\/pubeurope.com\/@fr\/114949800860745698","error":""},"_links":{"self":[{"href":"https:\/\/www.europesays.com\/fr\/wp-json\/wp\/v2\/posts\/287512","targetHints":{"allow":["GET"]}}],"collection":[{"href":"https:\/\/www.europesays.com\/fr\/wp-json\/wp\/v2\/posts"}],"about":[{"href":"https:\/\/www.europesays.com\/fr\/wp-json\/wp\/v2\/types\/post"}],"author":[{"embeddable":true,"href":"https:\/\/www.europesays.com\/fr\/wp-json\/wp\/v2\/users\/2"}],"replies":[{"embeddable":true,"href":"https:\/\/www.europesays.com\/fr\/wp-json\/wp\/v2\/comments?post=287512"}],"version-history":[{"count":0,"href":"https:\/\/www.europesays.com\/fr\/wp-json\/wp\/v2\/posts\/287512\/revisions"}],"wp:featuredmedia":[{"embeddable":true,"href":"https:\/\/www.europesays.com\/fr\/wp-json\/wp\/v2\/media\/287513"}],"wp:attachment":[{"href":"https:\/\/www.europesays.com\/fr\/wp-json\/wp\/v2\/media?parent=287512"}],"wp:term":[{"taxonomy":"category","embeddable":true,"href":"https:\/\/www.europesays.com\/fr\/wp-json\/wp\/v2\/categories?post=287512"},{"taxonomy":"post_tag","embeddable":true,"href":"https:\/\/www.europesays.com\/fr\/wp-json\/wp\/v2\/tags?post=287512"}],"curies":[{"name":"wp","href":"https:\/\/api.w.org\/{rel}","templated":true}]}}