{"id":287522,"date":"2025-07-31T20:49:14","date_gmt":"2025-07-31T20:49:14","guid":{"rendered":"https:\/\/www.europesays.com\/fr\/287522\/"},"modified":"2025-07-31T20:49:14","modified_gmt":"2025-07-31T20:49:14","slug":"lappel-de-lex-ambassadrice-du-royaume-uni-en-france-lexpress","status":"publish","type":"post","link":"https:\/\/www.europesays.com\/fr\/287522\/","title":{"rendered":"l\u2019appel de l\u2019ex-ambassadrice du Royaume-Uni en France \u2013 L&rsquo;Express"},"content":{"rendered":"<p class=\"paragraph article-body-paragraph article__item   article-body-paragraph--first \">A l\u2019ambassade du Royaume-Uni en France, \u00e0 deux pas de l\u2019Elys\u00e9e, l\u2019heure est aux cartons de d\u00e9m\u00e9nagement. Apr\u00e8s quatre ans en poste \u00e0 la t\u00eate de la mission diplomatique \u00e0 Paris, Menna Rawlings a quitt\u00e9 ses fonctions en cette fin de mois de juillet. Au cours de son mandat, se seront succ\u00e9d\u00e9 pas moins de <a href=\"https:\/\/www.lexpress.fr\/monde\/europe\/emeutes-anti-migrants-au-royaume-uni-le-premier-test-perilleux-de-lere-starmer-466US4JWC5EO5OEOEU5NJCEUAA\/\" target=\"_self\" rel=\"nofollow noopener\" title=\"https:\/\/www.lexpress.fr\/monde\/europe\/emeutes-anti-migrants-au-royaume-uni-le-premier-test-perilleux-de-lere-starmer-466US4JWC5EO5OEOEU5NJCEUAA\/\">quatre Premiers ministres britanniques<\/a>. Et davantage de dossiers explosifs entre Paris et Londres : relation post-Brexit chaotique, affaire des sous-marins australiens, travers\u00e9es de migrants par la Manche, p\u00eache\u2026 <\/p>\n<p class=\"paragraph article-body-paragraph article__item   \">A l\u2019heure des comptes, trois semaines apr\u00e8s la visite d\u2019Etat d\u2019Emmanuel Macron au Royaume-Uni, la relation a pourtant rarement \u00e9t\u00e9 aussi apais\u00e9e entre les deux rives de la Manche. D\u2019ailleurs, quelques jours apr\u00e8s l\u2019annonce d\u2019une reconnaissance de la Palestine par Emmanuel Macron, le Premier ministre britannique, Keir Starmer, <a href=\"https:\/\/www.lexpress.fr\/monde\/proche-moyen-orient\/gaza-des-raids-israeliens-sur-un-camp-de-refugies-font-30-morts-AJRDQUQHUNCTHO7GAHCGOK6UPI\/\" target=\"_self\" rel=\"nofollow noopener\" title=\"https:\/\/www.lexpress.fr\/monde\/proche-moyen-orient\/gaza-des-raids-israeliens-sur-un-camp-de-refugies-font-30-morts-AJRDQUQHUNCTHO7GAHCGOK6UPI\/\">s\u2019est align\u00e9 sur la position fran\u00e7aise le 29 juillet<\/a>, annon\u00e7ant qu\u2019il fera de m\u00eame en septembre, \u00e0 moins qu\u2019Isra\u00ebl ne prenne une s\u00e9rie d\u2019engagements, dont celui d\u2019un cessez-le-feu dans la bande de Gaza. Peu de temps avant cette annonce, L\u2019Express avait rencontr\u00e9 Menna Rawlings pour un ultime entretien avant son d\u00e9part.<\/p>\n<p><img decoding=\"async\" src=\"https:\/\/www.europesays.com\/fr\/wp-content\/uploads\/2025\/07\/B4HGQXMWKJEGPNDRI6QFH3YATQ.jpg\" class=\"image-with-legend__cover-img\" alt=\"L'ambassadrice britannique en France, Menna Rawlings, le 6 juin 2023, lors des comm\u00e9morations du 79e anniversaire du d\u00e9barquement \u00e0 Ver-sur-Mer.\" width=\"883\" height=\"0\" loading=\"lazy\"\/><\/p>\n<p class=\"image-with-legend__legend\">L&rsquo;ambassadrice britannique en France, Menna Rawlings, le 6 juin 2023, lors des comm\u00e9morations du 79e anniversaire du d\u00e9barquement \u00e0 Ver-sur-Mer.<\/p>\n<p class=\"image-with-legend__credits\"> \u00a9  \/ NurPhoto via AFP<\/p>\n<p class=\"paragraph article__item--bold article-body-paragraph article__item   \">L\u2019Express : Lors de votre arriv\u00e9e en poste \u00e0 Paris en 2021, les relations entre la France et le Royaume-Uni \u00e9taient au plus bas. Quatre ans plus tard, la coop\u00e9ration entre Paris et Londres, tant sur les plans diplomatiques que militaires, franchit un nouveau cap. En tant que diplomate, mission accomplie ?<\/p>\n<p class=\"paragraph article-body-paragraph article__item   \"><b>Menna Rawlings : <\/b>Lorsque j\u2019ai pris mes fonctions \u00e0 Paris, il est vrai que les relations franco-britanniques \u00e9taient, disons-le, un peu agit\u00e9es. On pense bien s\u00fbr \u00e0 l\u2019impact <a href=\"https:\/\/www.lexpress.fr\/monde\/europe\/brexit-trois-ans-apres-les-5-chiffres-qui-montrent-que-leconomie-britannique-souffre-ETL6ZZD2OBBP7M24LEN3AKDXQE\/\" target=\"_self\" rel=\"nofollow noopener\" title=\"https:\/\/www.lexpress.fr\/monde\/europe\/brexit-trois-ans-apres-les-5-chiffres-qui-montrent-que-leconomie-britannique-souffre-ETL6ZZD2OBBP7M24LEN3AKDXQE\/\">du Brexit,<\/a> mais ce n\u2019\u00e9tait pas l\u2019unique sujet de tension. A cette p\u00e9riode, la gestion de la pand\u00e9mie <a href=\"https:\/\/www.lexpress.fr\/sciences-sante\/cancer-covid-19-pourquoi-notre-cerveau-tombe-dans-le-piege-des-fake-news-WWK5HANATNC5RDU3QOEUIUEXME\/\" target=\"_self\" rel=\"nofollow noopener\" title=\"https:\/\/www.lexpress.fr\/sciences-sante\/cancer-covid-19-pourquoi-notre-cerveau-tombe-dans-le-piege-des-fake-news-WWK5HANATNC5RDU3QOEUIUEXME\/\">de Covid,<\/a> avec la rupture des voyages et des visites entre nos deux pays et certaines questions comme l\u2019approvisionnement en vaccins avaient \u00e9galement compliqu\u00e9 les rapports. Petit \u00e0 petit, nous sommes toutefois parvenus \u00e0 trouver une nouvelle voie dans nos relations. Et cela me semble primordial : le Royaume-Uni et la France doivent \u00eatre alli\u00e9s et travailler main dans la main pour faire face aux grands d\u00e9fis auxquels est confront\u00e9e l\u2019Europe, qu\u2019il s\u2019agisse de la menace russe ou de la lutte contre le changement climatique. Il \u00e9tait donc n\u00e9cessaire de tourner la page. La visite d\u2019Etat du pr\u00e9sident Emmanuel Macron dans notre pays en juillet a \u00e9t\u00e9 un bon rappel du chemin parcouru ces derni\u00e8res ann\u00e9es.<\/p>\n<p class=\"paragraph article__item--bold article-body-paragraph article__item   \">Quel diagnostic faites-vous de la relation franco-britannique aujourd\u2019hui ?<\/p>\n<p class=\"paragraph article-body-paragraph article__item   \">Nous sommes aujourd\u2019hui plus proches que nous ne l\u2019avons \u00e9t\u00e9 au cours des derni\u00e8res ann\u00e9es, voire d\u00e9cennies. Les r\u00e9sultats du r\u00e9cent sommet entre nos deux pays \u00e0 Londres peuvent en t\u00e9moigner : nous avons conclu un nouvel accord sur <a href=\"https:\/\/www.lexpress.fr\/monde\/europe\/dissuasion-nucleaire-la-france-et-le-royaume-uni-prets-a-se-coordonner-pour-proteger-leurope-VHUCKREZC5DCRFQ7JIPEYNDCNQ\/\" target=\"_self\" rel=\"nofollow noopener\" title=\"https:\/\/www.lexpress.fr\/monde\/europe\/dissuasion-nucleaire-la-france-et-le-royaume-uni-prets-a-se-coordonner-pour-proteger-leurope-VHUCKREZC5DCRFQ7JIPEYNDCNQ\/\">les questions de d\u00e9fense<\/a> et de s\u00e9curit\u00e9, renouvel\u00e9 ceux de Lancaster House, et en avons trouv\u00e9 un autre sur la lutte contre l\u2019immigration clandestine dans la Manche. Des annonces dans le domaine des affaires \u00e9trang\u00e8res et sur des investissements mutuels dans les secteurs du nucl\u00e9aire, avec EDF, et du spatial, avec Eutelsat, ont aussi \u00e9t\u00e9 faites. C\u2019est important pour montrer au monde que nous sommes ensemble pour faire face aux grands enjeux de l\u2019\u00e9poque.<\/p>\n<p><strong class=\"article-body-link-list__item text-gray-800 article-body-link-list__item--one-item\">LIRE AUSSI : <a class=\"article-body-link-list__item-link\" href=\"https:\/\/www.lexpress.fr\/monde\/royaume-uni-la-strategie-risquee-de-keir-starmer-pour-contrer-la-montee-de-lextreme-droite-KL2W65A6RZCBLD2DHW3VO4TRLI\/\" target=\"_blank\" rel=\"noreferrer nofollow noopener\">Royaume-Uni : la strat\u00e9gie risqu\u00e9e de Keir Starmer pour contrer la mont\u00e9e de l\u2019extr\u00eame droite<\/a><\/strong><\/p>\n<p class=\"paragraph article__item--bold article-body-paragraph article__item   \">La rancune post-Brexit appartient-elle vraiment au pass\u00e9 ?<\/p>\n<p class=\"paragraph article-body-paragraph article__item   \">Toutes les traces n\u2019ont pas disparu, et c\u2019est normal. Mais en m\u00eame temps, le nouvel accord trouv\u00e9 en mai dernier entre le Royaume-Uni et l\u2019Union europ\u00e9enne, tout comme celui entre Londres et Paris, a permis d\u2019avancer. C\u2019est pour moi un point clef. Il est n\u00e9cessaire de passer outre cette amertume qui existait imm\u00e9diatement apr\u00e8s le Brexit. Je pense qu\u2019aujourd\u2019hui une grande partie du chemin a \u00e9t\u00e9 faite et qu\u2019il n\u2019existe plus r\u00e9ellement de sujets de d\u00e9saccord majeurs au niveau bilat\u00e9ral. Si ce n\u2019est peut-\u00eatre la rivalit\u00e9 sportive, mais qui, elle, restera toujours amusante !<\/p>\n<p class=\"paragraph article__item--bold article-body-paragraph article__item   \">La guerre en Ukraine a-t-elle repr\u00e9sent\u00e9 un tournant dans ce rapprochement entre Paris et Londres ?<\/p>\n<p class=\"paragraph article-body-paragraph article__item   \">Oui, tout \u00e0 fait. Cette guerre a brusquement remis en lumi\u00e8re l\u2019importance de notre alliance s\u00e9curitaire et militaire. M\u00eame si cette derni\u00e8re restait \u00e9vidente de par notre coop\u00e9ration <a href=\"https:\/\/www.lexpress.fr\/economie\/high-tech\/margus-tsahkna-ministre-estonien-avec-la-russie-nous-avons-un-delai-de-trois-a-cinq-ans-ZGYFD6REKZE35NH2XH23TQBWZ4\/\" target=\"_self\" rel=\"nofollow noopener\" title=\"https:\/\/www.lexpress.fr\/economie\/high-tech\/margus-tsahkna-ministre-estonien-avec-la-russie-nous-avons-un-delai-de-trois-a-cinq-ans-ZGYFD6REKZE35NH2XH23TQBWZ4\/\">en Estonie<\/a> pour prot\u00e9ger les fronti\u00e8res de l\u2019Europe, le conflit en Ukraine a constitu\u00e9 un bon rappel du fait qu\u2019on ne peut pas se permettre d\u2019\u00eatre complaisant lorsque l\u2019avenir du continent est en jeu. Aujourd\u2019hui, le Royaume-Uni et la France sont les deux dirigeants de la coalition des volontaires [qui pr\u00e9voit notamment de d\u00e9ployer des troupes pour aider \u00e0 s\u00e9curiser l\u2019Ukraine une fois les hostilit\u00e9s termin\u00e9es]. Nous partageons les m\u00eames objectifs : soutenir Kiev aussi longtemps que n\u00e9cessaire, et montrer \u00e0 la Russie que nous sommes d\u00e9termin\u00e9s \u00e0 prot\u00e9ger la s\u00e9curit\u00e9 de l\u2019Europe, et ses valeurs.<\/p>\n<p><strong class=\"article-body-link-list__item text-gray-800 article-body-link-list__item--one-item\">LIRE AUSSI : <a class=\"article-body-link-list__item-link\" href=\"https:\/\/www.lexpress.fr\/monde\/europe\/guerre-en-ukraine-les-lignes-de-defense-peuvent-elles-tenir-face-a-larmee-russe-PTYRY2MOX5CLPMWEI55GYRFHOA\/\" target=\"_blank\" rel=\"noreferrer nofollow noopener\">Guerre en Ukraine : les lignes de d\u00e9fense peuvent-elles tenir face \u00e0 l\u2019arm\u00e9e russe ?<\/a><\/strong><\/p>\n<p class=\"paragraph article__item--bold article-body-paragraph article__item   \">Est-ce \u00e0 dire que la France et le Royaume-Uni finissent toujours par se retrouver face aux grands d\u00e9fis de l\u2019Histoire ?<\/p>\n<p class=\"paragraph article-body-paragraph article__item   \">C\u2019est ce que je crois, et nous le voyons depuis l\u2019Entente Cordiale entre nos deux pays il y a plus d\u2019un si\u00e8cle. L\u2019Histoire nous montre que lorsque de grandes menaces ont pes\u00e9 sur notre continent, nous nous sommes toujours rassembl\u00e9s. Bien s\u00fbr, nous avons parfois eu des d\u00e9saccords, comme lors de la guerre en Irak par exemple, mais cela ne nous a pas emp\u00each\u00e9s de nous r\u00e9unir lorsque c\u2019\u00e9tait n\u00e9cessaire. Nous partageons tous deux la m\u00eame r\u00e9gion d\u2019Europe et avons une histoire et des valeurs communes, et c\u2019est ce qui nous rassemble.<\/p>\n<p class=\"paragraph article__item--bold article-body-paragraph article__item   \">Quel r\u00f4le le couple franco-britannique peut-il jouer dans la d\u00e9fense du continent europ\u00e9en ?<\/p>\n<p class=\"paragraph article-body-paragraph article__item   \">Sur le plan bilat\u00e9ral, nous avons annonc\u00e9 une nouvelle force qui s\u2019appellera \u00ab\u00a0Combined Joint Force\u00a0\u00bb et va multiplier par cinq le nombre de soldats pr\u00e9sents en son sein par rapport au format actuel. Cela constitue un engagement tr\u00e8s important. Ensuite, nous allons \u00e9galement coop\u00e9rer plus \u00e9troitement en ce qui concerne la dissuasion nucl\u00e9aire et partager davantage d\u2019informations. Le fait de le signaler publiquement est en outre un pas important pour montrer \u00e0 nos ennemis que nous sommes align\u00e9s dans ce domaine. Au-del\u00e0, nous coop\u00e9rons \u00e9galement &#8211; et avec les Etats-Unis &#8211; au sein <a href=\"https:\/\/www.lexpress.fr\/monde\/europe\/apres-le-sommet-de-lotan-le-plus-dur-commence-pour-les-allies-des-etats-unis-GMA5REKHERFUZHOA3LJHZRNLRM\/\" target=\"_self\" rel=\"nofollow noopener\" title=\"https:\/\/www.lexpress.fr\/monde\/europe\/apres-le-sommet-de-lotan-le-plus-dur-commence-pour-les-allies-des-etats-unis-GMA5REKHERFUZHOA3LJHZRNLRM\/\">de l\u2019Otan,<\/a> pour d\u00e9fendre le continent europ\u00e9en, et il est essentiel de le rappeler dans le contexte actuel.<\/p>\n<p class=\"paragraph article__item--bold article-body-paragraph article__item   \">Le Royaume-Uni a toujours \u00e9t\u00e9 tr\u00e8s engag\u00e9 dans le soutien \u00e0 l\u2019Ukraine. Pensez-vous que les autres europ\u00e9ens en font assez ?<\/p>\n<p class=\"paragraph article-body-paragraph article__item   \">Depuis le d\u00e9but de la guerre, le Royaume-Uni a effectivement \u00e9t\u00e9 tr\u00e8s impliqu\u00e9 dans le soutien \u00e0 l\u2019Ukraine. Nous avons d\u00e9pens\u00e9 plus de 18 milliards de livres sterling [20,8 milliards d\u2019euros] &#8211; dont 13 milliards pour le soutien militaire. Et nous nous sommes engag\u00e9s \u00e0 continuer : ce mois-ci nous avons par exemple annonc\u00e9 augmenter la production de missiles franco-britanniques Scalp\/Storm Shadows pour fournir l\u2019arm\u00e9e ukrainienne. Pour r\u00e9pondre plus directement \u00e0 votre question, je pense qu\u2019il faut souligner que le soutien europ\u00e9en a \u00e9t\u00e9 important jusqu\u2019\u00e0 pr\u00e9sent. Toutefois, au vu de la situation actuelle du pays, il me semble aujourd\u2019hui n\u00e9cessaire d\u2019accro\u00eetre les efforts. De plus, cela permettra de montrer aux Etats-Unis que nous sommes d\u00e9termin\u00e9s \u00e0 soutenir Kiev aussi longtemps que n\u00e9cessaire.<\/p>\n<p><strong class=\"article-body-link-list__item text-gray-800 article-body-link-list__item--one-item\">LIRE AUSSI : <a class=\"article-body-link-list__item-link\" href=\"https:\/\/www.lexpress.fr\/monde\/europe\/michel-niqueux-dans-le-vocabulaire-poutinien-loccident-satanique-est-devenu-un-lieu-commun-HG6S36F44RAK7LWWFGUDBSUQNQ\/\" target=\"_blank\" rel=\"noreferrer nofollow noopener\">Michel Niqueux : \u00ab\u00a0Dans le vocabulaire poutinien, l\u2019Occident satanique est devenu un lieu commun\u00a0\u00bb<\/a><\/strong><\/p>\n<p class=\"paragraph article__item--bold article-body-paragraph article__item   \">Pour finir sur une note plus personnelle, quel souvenir vous a le plus marqu\u00e9 durant vos quatre ann\u00e9es en France ?<\/p>\n<p class=\"paragraph article-body-paragraph article__item   \">Mon affectation ici a \u00e9t\u00e9 marqu\u00e9e par de nombreux moments m\u00e9morables, qu\u2019ils soient dramatiques, comme <a href=\"https:\/\/www.lexpress.fr\/idees-et-debats\/peter-rough-ex-conseiller-de-bush-des-decisions-vraiment-douloureuses-se-profilent-pour-poutine-A6STI55EUZEYVC4MJT5T2KJ3RQ\/\" target=\"_self\" rel=\"nofollow noopener\" title=\"https:\/\/www.lexpress.fr\/idees-et-debats\/peter-rough-ex-conseiller-de-bush-des-decisions-vraiment-douloureuses-se-profilent-pour-poutine-A6STI55EUZEYVC4MJT5T2KJ3RQ\/\">la guerre en Ukraine, <\/a>ou plus heureux, comme les Jeux olympiques ou la r\u00e9ouverture de Notre-Dame. N\u00e9anmoins, celui qui a \u00e9t\u00e9 le plus marquant pour moi est probablement la mort de <a href=\"https:\/\/www.lexpress.fr\/styles\/people\/elisabeth-ii-reine-du-royaume-uni_1226650.html\" target=\"_self\" rel=\"nofollow noopener\" title=\"https:\/\/www.lexpress.fr\/styles\/people\/elisabeth-ii-reine-du-royaume-uni_1226650.html\">la reine Elisabeth II.<\/a> C\u2019\u00e9tait une p\u00e9riode tr\u00e8s \u00e9mouvante et difficile, mais la r\u00e9ponse de nos amis fran\u00e7ais a \u00e9t\u00e9 incroyable. Je me souviens notamment des mots du pr\u00e9sident Emmanuel Macron qui a parl\u00e9 en anglais \u00e0 la population britannique pour dire : \u00ab\u00a0To you, she was your Queen. To us, she was The Queen. She will be with all of us forever.\u00a0\u00bb Il me semble que cela a constitu\u00e9 un point d\u2019inflexion dans la relation franco-britannique. Apr\u00e8s des ann\u00e9es tr\u00e8s difficiles, cela a montr\u00e9 que la France \u00e9tait main dans la main avec nous dans ce moment de tristesse. Et c\u2019\u00e9tait tr\u00e8s important.<\/p>\n<p class=\"paragraph article__item--bold article-body-paragraph article__item   \">Si vous aviez un conseil \u00e0 donner \u00e0 votre successeur, quel serait-il ?<\/p>\n<p class=\"paragraph article-body-paragraph article__item    article__text__endpicto\">G\u00e9n\u00e9ralement je ne donne pas de conseils \u00e0 mes successeurs, mais je pourrais n\u00e9anmoins lui sugg\u00e9rer deux choses. La premi\u00e8re est qu\u2019il est important de se rendre dans toutes les r\u00e9gions fran\u00e7aises, parce qu\u2019il est impossible de vraiment comprendre la France en restant uniquement \u00e0 Paris. Au moment de ma prise de fonctions, lorsqu\u2019il y avait de la frilosit\u00e9 dans la relation entre nos deux pays, j\u2019y ai trouv\u00e9 beaucoup d\u2019enthousiasme et cela \u00e9tait un bon rappel du fait que les connexions entre nos deux pays ne se font pas que dans la capitale. Le deuxi\u00e8me conseil serait : \u00ab\u00a0keep calm and carry on\u00a0\u00bb [\u00ab\u00a0restez calme et continuez\u00a0\u00bb, slogan invent\u00e9 par le gouvernement britannique en 1939]. Les relations franco-britanniques sont particuli\u00e8rement intenses, et elles peuvent r\u00e9server de grandes joies mais in\u00e9vitablement aussi leur lot de d\u00e9fis. Raison pour laquelle j\u2019ai toujours pens\u00e9 que le flegme britannique pouvait se r\u00e9v\u00e9ler utile \u00e0 ce poste.<\/p>\n<p>.<\/p>\n","protected":false},"excerpt":{"rendered":"A l\u2019ambassade du Royaume-Uni en France, \u00e0 deux pas de l\u2019Elys\u00e9e, l\u2019heure est aux cartons de d\u00e9m\u00e9nagement. Apr\u00e8s&hellip;\n","protected":false},"author":2,"featured_media":246375,"comment_status":"","ping_status":"","sticky":false,"template":"","format":"standard","meta":{"footnotes":""},"categories":[1588],"tags":[11,1777,674,74,12,473,1853,1851,1850,1852],"class_list":{"0":"post-287522","1":"post","2":"type-post","3":"status-publish","4":"format-standard","5":"has-post-thumbnail","7":"category-royaume-uni","8":"tag-actualites","9":"tag-eu","10":"tag-europe","11":"tag-monde","12":"tag-news","13":"tag-royaume-uni","14":"tag-royaume-uni-de-grande-bretagne-et-dirlande-du-nord","15":"tag-uk","16":"tag-united-kingdom","17":"tag-united-kingdom-of-great-britain-and-northern-ireland"},"share_on_mastodon":{"url":"https:\/\/pubeurope.com\/@fr\/114949820430710453","error":""},"_links":{"self":[{"href":"https:\/\/www.europesays.com\/fr\/wp-json\/wp\/v2\/posts\/287522","targetHints":{"allow":["GET"]}}],"collection":[{"href":"https:\/\/www.europesays.com\/fr\/wp-json\/wp\/v2\/posts"}],"about":[{"href":"https:\/\/www.europesays.com\/fr\/wp-json\/wp\/v2\/types\/post"}],"author":[{"embeddable":true,"href":"https:\/\/www.europesays.com\/fr\/wp-json\/wp\/v2\/users\/2"}],"replies":[{"embeddable":true,"href":"https:\/\/www.europesays.com\/fr\/wp-json\/wp\/v2\/comments?post=287522"}],"version-history":[{"count":0,"href":"https:\/\/www.europesays.com\/fr\/wp-json\/wp\/v2\/posts\/287522\/revisions"}],"wp:featuredmedia":[{"embeddable":true,"href":"https:\/\/www.europesays.com\/fr\/wp-json\/wp\/v2\/media\/246375"}],"wp:attachment":[{"href":"https:\/\/www.europesays.com\/fr\/wp-json\/wp\/v2\/media?parent=287522"}],"wp:term":[{"taxonomy":"category","embeddable":true,"href":"https:\/\/www.europesays.com\/fr\/wp-json\/wp\/v2\/categories?post=287522"},{"taxonomy":"post_tag","embeddable":true,"href":"https:\/\/www.europesays.com\/fr\/wp-json\/wp\/v2\/tags?post=287522"}],"curies":[{"name":"wp","href":"https:\/\/api.w.org\/{rel}","templated":true}]}}