{"id":287523,"date":"2025-07-31T20:50:10","date_gmt":"2025-07-31T20:50:10","guid":{"rendered":"https:\/\/www.europesays.com\/fr\/287523\/"},"modified":"2025-07-31T20:50:10","modified_gmt":"2025-07-31T20:50:10","slug":"lallemagne-fait-face-a-un-deficit-budgetaire","status":"publish","type":"post","link":"https:\/\/www.europesays.com\/fr\/287523\/","title":{"rendered":"L&rsquo;Allemagne fait face \u00e0 un d\u00e9ficit budg\u00e9taire"},"content":{"rendered":"<p>Principaux renseignements<\/p>\n<ul class=\"wp-block-list\">\n<li><strong>L\u2019Allemagne est confront\u00e9e \u00e0 un d\u00e9ficit budg\u00e9taire de 172 milliards d\u2019euros en raison de l\u2019augmentation des retraites, des all\u00e9gements fiscaux accord\u00e9s aux entreprises et de la hausse du service de la dette.<\/strong><\/li>\n<li><strong>Le ministre des finances, Lars Klingbeil, pr\u00e9voit de combler le d\u00e9ficit en r\u00e9duisant les d\u00e9penses et en r\u00e9formant la protection sociale plut\u00f4t qu\u2019en augmentant les imp\u00f4ts.<\/strong><\/li>\n<li><strong>Le gouvernement est confront\u00e9 \u00e0 un dilemme politique puisqu\u2019il doit trouver un \u00e9quilibre entre les investissements promis en mati\u00e8re d\u2019infrastructure et de d\u00e9fense et les mesures d\u2019aust\u00e9rit\u00e9 potentielles.<\/strong><\/li>\n<\/ul>\n<p><a href=\"https:\/\/fr.businessam.be\/lallemagne-renforce-ses-controles-aux-frontieres-et-refoule-des-centaines-de-personnes\/\" target=\"_blank\" rel=\"noreferrer noopener nofollow\">L\u2019Allemagne<\/a> est confront\u00e9e \u00e0 un important d\u00e9ficit budg\u00e9taire de 172 milliards d\u2019euros, ce qui a incit\u00e9 le gouvernement du chancelier Friedrich Merz \u00e0 mettre en garde les citoyens contre d\u2019\u00e9ventuelles mesures d\u2019aust\u00e9rit\u00e9. Le ministre des finances, Lars Klingbeil, a attribu\u00e9 le d\u00e9ficit \u00e0 l\u2019augmentation des retraites, aux all\u00e9gements fiscaux accord\u00e9s aux entreprises et \u00e0 la hausse du co\u00fbt du service de la dette.<\/p>\n<p>Les raisons du d\u00e9ficit budg\u00e9taire de l\u2019Allemagne<\/p>\n<p>La constitution allemande limite strictement les emprunts, ce que l\u2019on appelle le \u00ab\u00a0frein \u00e0 l\u2019endettement\u00a0\u00bb. Bien que le parlement ait autoris\u00e9 des exceptions pour les d\u00e9penses de d\u00e9fense et d\u2019infrastructure, le frein s\u2019applique toujours aux autres d\u00e9penses du gouvernement, ce qui n\u00e9cessite des coupes difficiles. Klingbeil pr\u00e9voit un d\u00e9ficit de 30 milliards d\u2019euros d\u2019ici \u00e0 2027 en raison des all\u00e9gements fiscaux accord\u00e9s aux entreprises, de l\u2019augmentation des pensions et de la hausse des paiements d\u2019int\u00e9r\u00eats sur la dette.<\/p>\n<p>\u00c0 l\u2019instar de son homologue britannique Rachel Reeves, Klingbeil entend combler le foss\u00e9 en r\u00e9duisant les d\u00e9penses et en r\u00e9formant la protection sociale plut\u00f4t qu\u2019en augmentant les imp\u00f4ts. Il esp\u00e8re \u00e9galement que la croissance \u00e9conomique contribuera \u00e0 augmenter les recettes fiscales et \u00e0 r\u00e9duire les allocations de ch\u00f4mage.<\/p>\n<p>Perspectives \u00e9conomiques et d\u00e9fis potentiels<\/p>\n<p>Malgr\u00e9 une contraction du PIB de 0,1 pour cent au deuxi\u00e8me trimestre, de nombreux \u00e9conomistes pr\u00e9voient une reprise \u00e9conomique l\u2019ann\u00e9e prochaine, aliment\u00e9e par un fonds d\u2019investissement dans les infrastructures de 500 milliards d\u2019euros et un doublement des d\u00e9penses de d\u00e9fense.<\/p>\n<p>Toutefois, Franziska Palmas de Capital Economics a averti que le gouvernement pourrait \u00eatre confront\u00e9 \u00e0 des choix difficiles en 2027 : soit r\u00e9duire les d\u00e9penses dans d\u2019autres domaines, soit chercher \u00e0 modifier davantage les r\u00e8gles relatives \u00e0 la dette. Le faible ratio dette\/PIB de l\u2019Allemagne (62,5 pour cent) att\u00e9nue le probl\u00e8me par rapport \u00e0 d\u2019autres pays d\u2019Europe occidentale.<\/p>\n<p>Implications politiques des mesures d\u2019aust\u00e9rit\u00e9<\/p>\n<p>Le gouvernement est confront\u00e9 \u00e0 un d\u00e9fi politique, car il a d\u00e9j\u00e0 promis des investissements dans les infrastructures et la d\u00e9fense, ce qui rend les mesures d\u2019aust\u00e9rit\u00e9 moins acceptables pour les \u00e9lecteurs. Klingbeil, du parti social-d\u00e9mocrate, et Merz, de l\u2019Union chr\u00e9tienne-d\u00e9mocrate, se m\u00e9fient probablement des r\u00e9ductions de d\u00e9penses qui profitent au parti d\u2019extr\u00eame droite AfD, une menace \u00e9lectorale croissante.<\/p>\n<p><a href=\"https:\/\/portalfr.businessam.be\/plans\/business-am-fr-offre-dete\/\" target=\"_blank\" rel=\"noreferrer noopener nofollow\">Si vous souhaitez acc\u00e9der \u00e0 tous les articles, abonnez-vous ici!<\/a><\/p>\n","protected":false},"excerpt":{"rendered":"Principaux renseignements L\u2019Allemagne est confront\u00e9e \u00e0 un d\u00e9ficit budg\u00e9taire de 172 milliards d\u2019euros en raison de l\u2019augmentation des&hellip;\n","protected":false},"author":2,"featured_media":124718,"comment_status":"","ping_status":"","sticky":false,"template":"","format":"standard","meta":{"footnotes":""},"categories":[1587],"tags":[11,672,1804,1805,1803,1777,674,1801,3442,12,1802],"class_list":{"0":"post-287523","1":"post","2":"type-post","3":"status-publish","4":"format-standard","5":"has-post-thumbnail","7":"category-allemagne","8":"tag-actualites","9":"tag-allemagne","10":"tag-bundesrepublik-deutschland","11":"tag-de","12":"tag-deutschland","13":"tag-eu","14":"tag-europe","15":"tag-germany","16":"tag-lallemagne","17":"tag-news","18":"tag-republique-federale-dallemagne"},"share_on_mastodon":{"url":"","error":""},"_links":{"self":[{"href":"https:\/\/www.europesays.com\/fr\/wp-json\/wp\/v2\/posts\/287523","targetHints":{"allow":["GET"]}}],"collection":[{"href":"https:\/\/www.europesays.com\/fr\/wp-json\/wp\/v2\/posts"}],"about":[{"href":"https:\/\/www.europesays.com\/fr\/wp-json\/wp\/v2\/types\/post"}],"author":[{"embeddable":true,"href":"https:\/\/www.europesays.com\/fr\/wp-json\/wp\/v2\/users\/2"}],"replies":[{"embeddable":true,"href":"https:\/\/www.europesays.com\/fr\/wp-json\/wp\/v2\/comments?post=287523"}],"version-history":[{"count":0,"href":"https:\/\/www.europesays.com\/fr\/wp-json\/wp\/v2\/posts\/287523\/revisions"}],"wp:featuredmedia":[{"embeddable":true,"href":"https:\/\/www.europesays.com\/fr\/wp-json\/wp\/v2\/media\/124718"}],"wp:attachment":[{"href":"https:\/\/www.europesays.com\/fr\/wp-json\/wp\/v2\/media?parent=287523"}],"wp:term":[{"taxonomy":"category","embeddable":true,"href":"https:\/\/www.europesays.com\/fr\/wp-json\/wp\/v2\/categories?post=287523"},{"taxonomy":"post_tag","embeddable":true,"href":"https:\/\/www.europesays.com\/fr\/wp-json\/wp\/v2\/tags?post=287523"}],"curies":[{"name":"wp","href":"https:\/\/api.w.org\/{rel}","templated":true}]}}