{"id":287525,"date":"2025-07-31T20:52:15","date_gmt":"2025-07-31T20:52:15","guid":{"rendered":"https:\/\/www.europesays.com\/fr\/287525\/"},"modified":"2025-07-31T20:52:15","modified_gmt":"2025-07-31T20:52:15","slug":"un-depute-depose-un-texte-de-resolution-a-lassemblee-contre-laccord-signe-entre-trump-et-lue","status":"publish","type":"post","link":"https:\/\/www.europesays.com\/fr\/287525\/","title":{"rendered":"Un d\u00e9put\u00e9 d\u00e9pose un texte de r\u00e9solution \u00e0 l\u2019Assembl\u00e9e contre l\u2019accord sign\u00e9 entre Trump et l\u2019UE"},"content":{"rendered":"<p>Un vent de contestation souffle sur l\u2019accord conclu dimanche entre Washington et Bruxelles. Le d\u00e9put\u00e9 Emmanuel Maurel (groupe GDR \u2013 <a href=\"https:\/\/www.20minutes.fr\/politique\/pcf\/\" target=\"_blank\" class=\"color-ultramarine c-link\" rel=\"noopener\">communistes<\/a> et ultramarins) a d\u00e9pos\u00e9 mercredi une proposition de r\u00e9solution demandant au gouvernement fran\u00e7ais de s\u2019y opposer. Publi\u00e9 jeudi sur le site de l\u2019<a href=\"https:\/\/www.20minutes.fr\/dossier\/assemblee_nationale\" target=\"_blank\" class=\"color-ultramarine c-link\" rel=\"noopener\">Assembl\u00e9e nationale<\/a>, le texte a d\u00e9j\u00e0 recueilli une vingtaine de signatures, allant \u00ab\u00a0de la <a href=\"https:\/\/www.20minutes.fr\/dossier\/gauche\" target=\"_blank\" class=\"color-ultramarine c-link\" rel=\"noopener\">gauche<\/a> au <a href=\"https:\/\/www.20minutes.fr\/dossier\/modem\" target=\"_blank\" class=\"color-ultramarine c-link\" rel=\"noopener\">MoDem<\/a>\u00a0\u00bb, pr\u00e9cise l\u2019\u00e9lu, qui continue de solliciter des parlementaires pour \u00e9largir ce front.<\/p>\n<p>La r\u00e9solution invite explicitement l\u2019ex\u00e9cutif \u00e0 \u00ab\u00a0signifier \u00e0 la Commission europ\u00e9enne son opposition au projet d\u2019accord \u00e9conomique et commercial entre l\u2019<a href=\"https:\/\/www.20minutes.fr\/dossier\/ue\" target=\"_blank\" class=\"color-ultramarine c-link\" rel=\"noopener\">Union europ\u00e9enne<\/a> et les <a href=\"https:\/\/www.20minutes.fr\/monde\/etats-unis\/\" target=\"_blank\" class=\"color-ultramarine c-link\" rel=\"noopener\">Etats-Unis<\/a>\u00a0\u00bb et \u00e0 \u00ab\u00a0s\u2019opposer \u00e0 ce projet\u00a0\u00bb lors des prochaines r\u00e9unions du Conseil europ\u00e9en.<\/p>\n<\/p>\n<p>La France en danger selon le texte<\/p>\n<p>Dans son expos\u00e9 des motifs, Emmanuel Maurel met en garde\u00a0: l\u2019\u00e9conomie fran\u00e7aise \u00ab\u00a0risque d\u2019\u00eatre violemment impact\u00e9e\u00a0\u00bb par cet accord, d\u2019autant que la <a href=\"https:\/\/www.20minutes.fr\/dossier\/commission_europeenne\" target=\"_blank\" class=\"color-ultramarine c-link\" rel=\"noopener\">Commission europ\u00e9enne<\/a> \u00ab\u00a0s\u2019est engag\u00e9e sur des contingents d\u2019importation suppl\u00e9mentaires de produits agricoles am\u00e9ricains\u00a0\u00bb. Le texte fustige \u00e9galement la promesse d\u2019achats accrus d\u2019armements am\u00e9ricains, jug\u00e9e comme \u00ab\u00a0une attaque directe contre nos int\u00e9r\u00eats \u00e9conomiques et strat\u00e9giques\u00a0\u00bb et contraire aux trait\u00e9s europ\u00e9ens, \u00ab\u00a0la Commission n\u2019ayant aucun droit ni mandat pour n\u00e9gocier et encore moins conclure des contrats d\u2019armements avec l\u2019\u00e9tranger\u00a0\u00bb.<\/p>\n<p><a href=\"https:\/\/www.20minutes.fr\/dossier\/douane\" target=\"_blank\" class=\"c-link c-btn c-btn--primary\" rel=\"noopener\">Notre dossier sur les droits de douane<\/a><\/p>\n<p>Face \u00e0 ces engagements jug\u00e9s ill\u00e9gitimes et dangereux, Emmanuel Maurel plaide pour que le Parlement fran\u00e7ais s\u2019exprime \u00ab\u00a0dans des termes sans la moindre \u00e9quivoque\u00a0\u00bb contre cet accord <a href=\"https:\/\/www.20minutes.fr\/dossier\/donald_trump\" target=\"_blank\" class=\"color-ultramarine c-link\" rel=\"noopener\">Trump<\/a>-von der Leyen. Il appelle enfin le gouvernement \u00e0 exiger que le projet soit soumis \u00ab\u00a0\u00e0 un vote \u00e0 l\u2019unanimit\u00e9 des Etats membres au Conseil, puis \u00e0 un vote au <a href=\"https:\/\/www.20minutes.fr\/dossier\/parlement_europeen\" target=\"_blank\" class=\"color-ultramarine c-link\" rel=\"noopener\">Parlement europ\u00e9en<\/a> et \u00e0 une ratification par l\u2019ensemble des Parlements nationaux\u00a0\u00bb.<\/p>\n","protected":false},"excerpt":{"rendered":"Un vent de contestation souffle sur l\u2019accord conclu dimanche entre Washington et Bruxelles. Le d\u00e9put\u00e9 Emmanuel Maurel (groupe&hellip;\n","protected":false},"author":2,"featured_media":287526,"comment_status":"","ping_status":"","sticky":false,"template":"","format":"standard","meta":{"footnotes":""},"categories":[1586],"tags":[47,11,416,2196,422,75,33742,33,73,1777,674,1779,1011,27,12,8552,25,1778,364,555,2544],"class_list":{"0":"post-287525","1":"post","2":"type-post","3":"status-publish","4":"format-standard","5":"has-post-thumbnail","7":"category-europe","8":"tag-actualite","9":"tag-actualites","10":"tag-assemblee-nationale","11":"tag-commission-europeenne","12":"tag-depute","13":"tag-donald-trump","14":"tag-droits-de-douane-americains","15":"tag-economie","16":"tag-etats-unis","17":"tag-eu","18":"tag-europe","19":"tag-european-union","20":"tag-fr","21":"tag-france","22":"tag-news","23":"tag-parlement-europeen","24":"tag-republique-francaise","25":"tag-ue","26":"tag-union-europeenne","27":"tag-union-europeenne-ue","28":"tag-ursula-von-der-leyen"},"share_on_mastodon":{"url":"https:\/\/pubeurope.com\/@fr\/114949832342696528","error":""},"_links":{"self":[{"href":"https:\/\/www.europesays.com\/fr\/wp-json\/wp\/v2\/posts\/287525","targetHints":{"allow":["GET"]}}],"collection":[{"href":"https:\/\/www.europesays.com\/fr\/wp-json\/wp\/v2\/posts"}],"about":[{"href":"https:\/\/www.europesays.com\/fr\/wp-json\/wp\/v2\/types\/post"}],"author":[{"embeddable":true,"href":"https:\/\/www.europesays.com\/fr\/wp-json\/wp\/v2\/users\/2"}],"replies":[{"embeddable":true,"href":"https:\/\/www.europesays.com\/fr\/wp-json\/wp\/v2\/comments?post=287525"}],"version-history":[{"count":0,"href":"https:\/\/www.europesays.com\/fr\/wp-json\/wp\/v2\/posts\/287525\/revisions"}],"wp:featuredmedia":[{"embeddable":true,"href":"https:\/\/www.europesays.com\/fr\/wp-json\/wp\/v2\/media\/287526"}],"wp:attachment":[{"href":"https:\/\/www.europesays.com\/fr\/wp-json\/wp\/v2\/media?parent=287525"}],"wp:term":[{"taxonomy":"category","embeddable":true,"href":"https:\/\/www.europesays.com\/fr\/wp-json\/wp\/v2\/categories?post=287525"},{"taxonomy":"post_tag","embeddable":true,"href":"https:\/\/www.europesays.com\/fr\/wp-json\/wp\/v2\/tags?post=287525"}],"curies":[{"name":"wp","href":"https:\/\/api.w.org\/{rel}","templated":true}]}}