{"id":287527,"date":"2025-07-31T20:53:12","date_gmt":"2025-07-31T20:53:12","guid":{"rendered":"https:\/\/www.europesays.com\/fr\/287527\/"},"modified":"2025-07-31T20:53:12","modified_gmt":"2025-07-31T20:53:12","slug":"la-cycliste-cedrine-kerbaol-alerte-sur-la-maigreur-des-coureuses-du-peloton","status":"publish","type":"post","link":"https:\/\/www.europesays.com\/fr\/287527\/","title":{"rendered":"la cycliste C\u00e9drine Kerbaol alerte sur la maigreur des coureuses du peloton"},"content":{"rendered":"<p>        <img decoding=\"async\" loading=\"lazy\" src=\"https:\/\/www.europesays.com\/fr\/wp-content\/uploads\/2025\/07\/77de735_upload-1-9d6cnbkah987-afp-20250731-68fm8hl-v1-highres-cyclingfratdf2025womenstage6.jpg\"  width=\"728\" height=\"409\" alt=\"Le peloton du Tour de France f\u00e9minin, lors de la sixi\u00e8me \u00e9tape entre Clermont-Ferrand et Ambert, le 31\u00a0juillet 2025.\"\/>  <\/p>\n<p>JULIEN DE ROSA \/ AFP<\/p>\n<p>Le peloton du Tour de France f\u00e9minin, lors de la sixi\u00e8me \u00e9tape entre Clermont-Ferrand et Ambert, le 31\u00a0juillet 2025.<\/p>\n<p class=\"asset asset-text\">SPORT &#8211; \u00ab\u00a0Ne pas avoir ses r\u00e8gles, ce n\u2019est pas normal.\u00a0\u00bb Invit\u00e9e mercredi 30\u00a0juillet au micro de <a href=\"https:\/\/www.huffingtonpost.fr\/medias\/article\/prime-video-et-france-televisions-contre-attaquent-apres-le-deal-de-tf1-et-netflix_252176.html\" target=\"_blank\" rel=\"noopener\">France TV Sport<\/a> \u00e0 l\u2019issue de la <a href=\"https:\/\/www.huffingtonpost.fr\/sport\/video\/tour-de-france-femmes-2025-le-parcours-devoile-avec-un-grand-depart-de-bretagne-et-une-course-plus-longue_241508.html\" target=\"_blank\" rel=\"noopener\">cinqui\u00e8me \u00e9tape du Tour de France f\u00e9minin<\/a>, la Brestoise <a href=\"https:\/\/www.huffingtonpost.fr\/sport\/article\/cedrine-kerbaol-remporte-la-6e-etape-du-tour-de-france-femmes-premiere-victoire-francaise-depuis-25-ans_238462.html\" target=\"_blank\" rel=\"noopener\">C\u00e9drine Kerbaol<\/a> a un message \u00e0 faire passer.<\/p>\n<p class=\"asset asset-text\">Alors qu\u2019elle venait de terminer 13e de cette \u00e9tape disput\u00e9e entre Chasseneuil-du-Poitou, qui accueille le Futuroscope, et Gu\u00e9ret dans la Creuse, la cycliste a choisi d\u2019alerter sur ce qu\u2019elle consid\u00e8re comme un danger\u00a0: <a href=\"https:\/\/www.huffingtonpost.fr\/life\/video\/avec-skinnytok-et-ses-conseils-maigreur-le-pire-de-tumblr-revient-et-c-est-catastrophique_248621.html\" target=\"_blank\" rel=\"noopener\">la maigreur extr\u00eame<\/a> parmi les athl\u00e8tes du peloton, \u00ab\u00a0que ce soit chez les hommes comme chez les femmes\u00a0\u00bb.<\/p>\n<p class=\"asset asset-text\">\u00ab\u00a0Le but, c\u2019est de r\u00e9aliser de la pr\u00e9vention et d\u2019alerter, et de dire aux femmes que ne pas avoir ses r\u00e8gles, ce n\u2019est pas normal, et qu\u2019au-del\u00e0 de la fertilit\u00e9, il y a aussi un impact sur les os et un risque de blessure extr\u00eame\u00a0\u00bb, a expliqu\u00e9 C\u00e9drine Kerbaol, dixi\u00e8me au classement g\u00e9n\u00e9ral avant l\u2019\u00e9tape de ce jeudi 31\u00a0juillet.<\/p>\n<p> La lecture de ce contenu est susceptible d\u2019entra\u00eener un d\u00e9p\u00f4t de cookies de la part de l\u2019op\u00e9rateur tiers qui l\u2019h\u00e9berge. Compte-tenu des choix que vous avez exprim\u00e9s en mati\u00e8re de d\u00e9p\u00f4t de cookies, nous avons bloqu\u00e9 l\u2019affichage de ce contenu. Si vous souhaitez y acc\u00e9der, vous devez accepter la cat\u00e9gorie de cookies \u201cContenus tiers\u201d en cliquant sur le bouton ci-dessous. <\/p>\n<p> Lire la Vid\u00e9o        \u00ab\u00a0On est dans un moment dangereux\u00a0\u00bb    <\/p>\n<p class=\"asset asset-text\">Dipl\u00f4m\u00e9e d\u2019un BTS en di\u00e9t\u00e9tique, la sportive de 24\u00a0ans a r\u00e9cemment cr\u00e9\u00e9 avec d\u2019autres co\u00e9quipi\u00e8res du Tour de France femmes <a href=\"https:\/\/www.instagram.com\/f.e.e.d_powr\/\" target=\"_blank\" rel=\"noopener\" title=\"Nouvelle fen\u00eatre\">le compte Instagram F.E.E.D<\/a> (Fueling for Endurance, Energy and Durability). Aid\u00e9es par des professionnels de sant\u00e9, elles souhaitent sensibiliser sur les dangers de la maigreur extr\u00eame dans le cyclisme professionnel et, plus globalement, sur les troubles du comportement alimentaire.<\/p>\n<p class=\"asset asset-text\">\u00ab\u00a0Avant d\u2019\u00eatre des athl\u00e8tes, on est aussi des femmes et notre sant\u00e9 compte pour maintenant, mais elle compte pour le futur aussi. Si on veut fonder une famille, avoir des enfants, avoir un corps et des os solides, il faut se pr\u00e9occuper de notre sant\u00e9 d\u00e8s maintenant\u00a0\u00bb, a ajout\u00e9 C\u00e9drine Kerbaol aupr\u00e8s de France T\u00e9l\u00e9visions.<\/p>\n<p class=\"asset asset-text\">Plus t\u00f4t dans la journ\u00e9e, la coureuse avait aussi alert\u00e9 dans un entretien accord\u00e9 \u00e0 L\u2019Humanit\u00e9, en insistant sur le r\u00f4le de mod\u00e8le que peuvent jouer les sportifs et sportives. \u00ab\u00a0Ce qui se passe l\u00e0 n\u2019est pas terrible. On est dans un moment dangereux. Il y a\u00a0beaucoup de personnes qui ont gagn\u00e9 de grandes courses avec un poids tr\u00e8s l\u00e9ger\u00a0et, indirectement, les jeunes filles qui essaient de performer vont les prendre pour exemple.\u00a0\u00bb<\/p>\n<p>    \u00ab\u00a0J\u2019aime profiter de la vie et bien manger\u00a0\u00bb    <\/p>\n<p class=\"asset asset-text\">C\u00e9drine Kerbaol a aussi mis en garde contre la tendance \u00e0 vouloir \u00ab\u00a0progresser plus vite, plus fort, avoir plus de watts, \u00eatre plus l\u00e9g\u00e8re\u2026\u00a0\u00bb \u00ab\u00a0Sauf que c\u2019est un process tout \u00e7a. Ces derni\u00e8res ann\u00e9es, c\u2019est tr\u00e8s \u00e0 la mode de compter chaque gramme dans les assiettes. Il ne faut pas qu\u2019on tombe dans une forme de d\u00e9shumanisation et d\u2019infantilisation\u00a0\u00bb, a-t-elle pr\u00e9venu.<\/p>\n<p class=\"asset asset-text\">Elle refuse de c\u00e9der \u00e0 cette tendance. \u00ab\u00a0Je n\u2019ai jamais rien pes\u00e9 parce qu\u2019avant d\u2019\u00eatre coureuse cycliste, j\u2019aime profiter de la vie, j\u2019aime bien manger et avoir une vie normale. Je suis \u00e0 l\u2019\u00e9coute de mes sensations\u00a0\u00bb, a-t-elle assur\u00e9, avant d\u2019ajouter qu\u2019elle ne pensait pas que \u00ab\u00a0suivre des calculs aide \u00e0 bien grimper\u00a0\u00bb. \u00ab\u00a0L\u2019id\u00e9al est d\u2019avoir un bon \u00e9quilibre, d\u2019avoir une connaissance globale de la nutrition et de son corps, et de se sentir bien dans sa t\u00eate.\u00a0\u00bb<\/p>\n<p>    Un message \u00ab\u00a0formidable\u00a0\u00bb selon les m\u00e9decins    <\/p>\n<p class=\"asset asset-text\">Interrog\u00e9 par l\u2019AFP, le m\u00e9decin de l\u2019\u00e9quipe Cofidis Mathieu Muller consid\u00e8re que le message de la meilleure jeune (maillot blanc) du Tour 2023, est \u00ab\u00a0formidable\u00a0\u00bb. \u00ab\u00a0Que ce soit une coureuse qui lance l\u2019alerte, cela a bien plus d\u2019impact que si cela venait d\u2019un m\u00e9decin\u00a0\u00bb, a-t-il appuy\u00e9.<\/p>\n<p class=\"asset asset-text\">\u00ab\u00a0Une masse grasse trop faible entra\u00eene ce que l\u2019on appelle la triade de la sportive, c\u2019est-\u00e0-dire le d\u00e9ficit d\u2019apport \u00e9nerg\u00e9tique qui conduit \u00e0 l\u2019absence de r\u00e8gles et ensuite \u00e0 de l\u2019ost\u00e9oporose\u00a0\u00bb, explique-t-il. Un probl\u00e8me que n\u2019ont pas les hommes. Il ne faudra pas s\u2019\u00e9tonner si, un jour, une coureuse se fracture les cervicales et se retrouve parapl\u00e9gique, s\u2019alarme une autre source m\u00e9dicale. \u00ab\u00a0La cons\u00e9quence, ce sont des probl\u00e8mes osseux, digestifs, cutan\u00e9s et psychiatriques, comme de la d\u00e9pression\u00a0\u00bb, note en effet le docteur Muller.<\/p>\n<p class=\"asset asset-text\">Pour les m\u00e9decins interrog\u00e9s ce jeudi par l\u2019AFP, les coureuses peuvent \u00eatre aff\u00fbt\u00e9es pendant quelques semaines, mais au-del\u00e0 d\u2019une certaine dur\u00e9e cela devient \u00ab\u00a0tr\u00e8s probl\u00e9matique\u00a0\u00bb d\u2019un point de vue m\u00e9dical. Il faudrait donc, selon eux, que les coureuses se fixent deux ou trois objectifs par saison et le reste de l\u2019ann\u00e9e reprendre absolument quelques kilos \u00ab\u00a0si on mise sur le long terme\u00a0\u00bb.<\/p>\n<p class=\"asset asset-text\">Entre sa victoire lors de Paris-Roubaix et le d\u00e9part du Tour, la Fran\u00e7aise Pauline Ferrand-Pr\u00e9vot a indiqu\u00e9 avoir perdu quatre kilos. \u00ab\u00a0Mais, plus ce n\u2019est absolument pas envisageable\u00a0\u00bb, a dit la championne olympique de VTT \u00e0 la veille du d\u00e9part.<\/p>\n<p class=\"asset asset-text\">Le m\u00e9decin d\u2019une autre \u00e9quipe interrog\u00e9 par l\u2019AFP plaide lui pour imposer une masse grasse minimum, tout en interpellant l\u2019Union cycliste internationale (UCI) pour mettre en place un protocole.<\/p>\n<p>      <script async src=\"\/\/www.instagram.com\/embed.js\"><\/script><\/p>\n","protected":false},"excerpt":{"rendered":"JULIEN DE ROSA \/ AFP Le peloton du Tour de France f\u00e9minin, lors de la sixi\u00e8me \u00e9tape entre&hellip;\n","protected":false},"author":2,"featured_media":287528,"comment_status":"","ping_status":"","sticky":false,"template":"","format":"standard","meta":{"footnotes":""},"categories":[2],"tags":[11,207,1011,27,5656,42616,12,25,71,517,29249,210],"class_list":{"0":"post-287527","1":"post","2":"type-post","3":"status-publish","4":"format-standard","5":"has-post-thumbnail","7":"category-actualites","8":"tag-actualites","9":"tag-cyclisme","10":"tag-fr","11":"tag-france","12":"tag-life","13":"tag-maigreur","14":"tag-news","15":"tag-republique-francaise","16":"tag-sante","17":"tag-sport","18":"tag-sport-feminin","19":"tag-tour-de-france"},"share_on_mastodon":{"url":"https:\/\/pubeurope.com\/@fr\/114949836289335014","error":""},"_links":{"self":[{"href":"https:\/\/www.europesays.com\/fr\/wp-json\/wp\/v2\/posts\/287527","targetHints":{"allow":["GET"]}}],"collection":[{"href":"https:\/\/www.europesays.com\/fr\/wp-json\/wp\/v2\/posts"}],"about":[{"href":"https:\/\/www.europesays.com\/fr\/wp-json\/wp\/v2\/types\/post"}],"author":[{"embeddable":true,"href":"https:\/\/www.europesays.com\/fr\/wp-json\/wp\/v2\/users\/2"}],"replies":[{"embeddable":true,"href":"https:\/\/www.europesays.com\/fr\/wp-json\/wp\/v2\/comments?post=287527"}],"version-history":[{"count":0,"href":"https:\/\/www.europesays.com\/fr\/wp-json\/wp\/v2\/posts\/287527\/revisions"}],"wp:featuredmedia":[{"embeddable":true,"href":"https:\/\/www.europesays.com\/fr\/wp-json\/wp\/v2\/media\/287528"}],"wp:attachment":[{"href":"https:\/\/www.europesays.com\/fr\/wp-json\/wp\/v2\/media?parent=287527"}],"wp:term":[{"taxonomy":"category","embeddable":true,"href":"https:\/\/www.europesays.com\/fr\/wp-json\/wp\/v2\/categories?post=287527"},{"taxonomy":"post_tag","embeddable":true,"href":"https:\/\/www.europesays.com\/fr\/wp-json\/wp\/v2\/tags?post=287527"}],"curies":[{"name":"wp","href":"https:\/\/api.w.org\/{rel}","templated":true}]}}